{"id":358498,"date":"2026-08-31T00:15:21","date_gmt":"2026-08-31T03:15:21","guid":{"rendered":"https:\/\/blogfolhadocomercio.com.br\/wp\/2026\/08\/31\/tse-suspende-propaganda-de-lula-contra-flavio-bolsonaro-30-08-2026-politica\/"},"modified":"2026-08-31T00:15:23","modified_gmt":"2026-08-31T03:15:23","slug":"tse-suspende-propaganda-de-lula-contra-flavio-bolsonaro-30-08-2026-politica","status":"publish","type":"post","link":"https:\/\/blogfolhadocomercio.com.br\/wp\/2026\/08\/31\/tse-suspende-propaganda-de-lula-contra-flavio-bolsonaro-30-08-2026-politica\/","title":{"rendered":"TSE suspende propaganda de Lula contra Fl\u00e1vio Bolsonaro &#8211; 30\/08\/2026 &#8211; Pol\u00edtica"},"content":{"rendered":"<p> <br \/>\n<\/p>\n<div data-news-content-text=\"\" data-disable-copy=\"\" data-continue-reading=\"\" data-continue-reading-hide-others=\".js-continue-reading-hidden\" data-age-rating=\"\" itemprop=\"articleBody\">\n<p>A ministra Estela Aranha, do <a href=\"https:\/\/www1.folha.uol.com.br\/folha-topicos\/tse\/\">TSE<\/a> (Tribunal Superior Eleitoral), suspendeu neste domingo (30) uma <a href=\"https:\/\/www1.folha.uol.com.br\/poder\/2026\/08\/campanha-de-lula-ataca-flavio-bolsonaro-na-tv-e-tenta-pressiona-lo-antes-de-entrevista-ao-vivo.shtml\" rel=\"\" target=\"\">propaganda feita pela campanha<\/a> \u00e0 reelei\u00e7\u00e3o do presidente <a href=\"https:\/\/www1.folha.uol.com.br\/folha-topicos\/lula\/\">Lula<\/a> (PT) que lista supostas acusa\u00e7\u00f5es contra seu principal advers\u00e1rio nas <a href=\"https:\/\/www1.folha.uol.com.br\/folha-topicos\/eleicoes\/\">elei\u00e7\u00f5es<\/a> deste ano, <a href=\"https:\/\/www1.folha.uol.com.br\/folha-topicos\/flavio-bolsonaro\/\">Fl\u00e1vio Bolsonaro<\/a> (<a href=\"https:\/\/www1.folha.uol.com.br\/folha-topicos\/pl\/\">PL<\/a>).<\/p>\n<p>Intitulada &#8220;Conhe\u00e7a o curr\u00edculo de Fl\u00e1vio Bolsonaro&#8221;, a propaganda diz que o candidato foi &#8220;funcion\u00e1rio fantasma&#8221;, &#8220;denunciado por lavagem de dinheiro e organiza\u00e7\u00e3o criminosa no esc\u00e2ndalo da rachadinha&#8221; e &#8220;flagrado pela Pol\u00edcia Federal pedindo 134 milh\u00f5es no esc\u00e2ndalo do Banco Master&#8221;.<\/p>\n<p>Ao recorrer ao TSE contra a pe\u00e7a, a campanha de Fl\u00e1vio afirmou que ele nunca respondeu a procedimento relacionado a suspeita de que ele tenha sido funcion\u00e1rio fantasma, e que a acusa\u00e7\u00e3o n\u00e3o tem qualquer lastro com os fatos.<\/p>\n<p>Tamb\u00e9m disse que n\u00e3o h\u00e1 condena\u00e7\u00e3o contra ele no caso da rachadinha, e que a den\u00fancia oferecida pelo Minist\u00e9rio P\u00fablico foi arquivada pelo TJ-RJ (Tribunal de Justi\u00e7a do Rio de Janeiro), &#8220;de modo que o uso do termo &#8216;denunciado&#8217;, no tempo presente, criaria falsa percep\u00e7\u00e3o de exist\u00eancia atual de processo criminal em curso&#8221;.<\/p>\n<p>A campanha do PL afirma ainda que a express\u00e3o &#8220;flagrado pela Pol\u00edcia Federal&#8221; sobre o caso do Banco Master &#8220;\u00e9 tecnicamente incorreta, pois n\u00e3o houve situa\u00e7\u00e3o de flagrante delito, mas apenas divulga\u00e7\u00e3o de conversa relacionada a quest\u00e3o privada e comercial, sem demonstra\u00e7\u00e3o de pr\u00e1tica criminosa&#8221;.<\/p>\n<p>Ao decidir sobre o caso, de forma liminar (urgente e provis\u00f3ria), Estela Aranha disse que &#8220;o conte\u00fado divulgado extrapola os limites da cr\u00edtica pol\u00edtica admiss\u00edvel&#8221;.<\/p>\n<p>&#8220;As publica\u00e7\u00f5es n\u00e3o se restringem \u00e0 manifesta\u00e7\u00e3o de opini\u00e3o ou ao debate p\u00fablico acerca de posi\u00e7\u00f5es pol\u00edticas, mas constroem narrativa que imputa ao candidato envolvimento com organiza\u00e7\u00f5es criminosas, mediante t\u00e9cnica de associa\u00e7\u00e3o indireta e encadeamento de fatos, sem indica\u00e7\u00e3o de qualquer dado concreto, investiga\u00e7\u00e3o formal ou imputa\u00e7\u00e3o jur\u00eddica que ampare as alega\u00e7\u00f5es&#8221;, afirmou a ministra.<\/p>\n<div data-clone-component=\"\">\n<div data-newsletter-simple=\"\" data-subscript=\"2669\" data-message=\".js-message\" data-button=\".js-button\" data-email=\".js-email\" class=\"c-newsletter rs_skip rs_preserve\">\n<h4 class=\"c-section-title c-section-title--brand c-section-title--small-spaced\">Elei\u00e7\u00f5es Hoje<\/h4>\n<p class=\"c-newsletter__subtitle\">Receba no seu email destaques das campanhas, pesquisas e disputas nos estados<\/p>\n<\/div>\n<\/div>\n<p>No caso relacionado \u00e0 rachadinha, por exemplo, a ministra afirma que n\u00e3o \u00e9 il\u00edcito dizer que algu\u00e9m foi, em determinado momento, objeto de den\u00fancia. Ela acrescenta, por\u00e9m, que o que a <a href=\"https:\/\/www1.folha.uol.com.br\/folha-topicos\/justica-eleitoral\/\">Justi\u00e7a Eleitoral<\/a> examina \u00e9 a &#8220;utiliza\u00e7\u00e3o de informa\u00e7\u00f5es eventualmente falsas, imprecisas ou descontextualizadas para transmitir ao eleitorado a ideia diferente daquela que juridicamente subsiste&#8221;.<\/p>\n<p>&#8220;N\u00e3o se trata de exigir que toda propaganda contenha uma biografia exaustiva do advers\u00e1rio ou todos os detalhes de eventuais processos jur\u00eddicos. Trata-se de exigir que, quando o pr\u00f3prio conte\u00fado escolhido pelo propagandista consiste na imputa\u00e7\u00e3o de uma pr\u00e1tica criminosa grave, n\u00e3o se suprima informa\u00e7\u00e3o ou circunst\u00e2ncia essencial para a correta compreens\u00e3o da informa\u00e7\u00e3o&#8221;, afirma Estela no documento.<\/p>\n<p>A decis\u00e3o determinou a suspens\u00e3o da exibi\u00e7\u00e3o da propaganda e a comunica\u00e7\u00e3o da ordem \u00e0s emissoras que transmitem as pe\u00e7as eleitorais.<\/p>\n<p>A campanha de Fl\u00e1vio tamb\u00e9m pediu a exibi\u00e7\u00e3o de direito de resposta. Na decis\u00e3o, consta que a campanha deve incluir no processo o texto da resposta que pretende veicular.<\/p>\n<p>A ministra submeteu a decis\u00e3o do plen\u00e1rio.<\/p>\n<p>Ap\u00f3s a ordem do TSE, a campanha do candidato do PL divulgou uma nota em que diz que a &#8220;Justi\u00e7a Eleitoral derruba propaganda mentirosa do PT contra Fl\u00e1vio Bolsonaro&#8221;. <\/p>\n<p>Em maio, o site The Intercept revelou mensagens trocadas entre Fl\u00e1vio e Vorcaro em que o senador pede dinheiro para bancar o filme <a href=\"https:\/\/www1.folha.uol.com.br\/folha-topicos\/dark-horse\/\">Dark Horse<\/a>, uma biografia do ex-presidente <a href=\"https:\/\/www1.folha.uol.com.br\/folha-topicos\/jair-bolsonaro\/\">Jair Bolsonaro<\/a> (PL). Segundo a publica\u00e7\u00e3o, o valor total negociado foi de R$ 134 milh\u00f5es e <a href=\"https:\/\/www1.folha.uol.com.br\/poder\/2026\/05\/vorcaro-pagou-r-61-milhoes-para-filme-sobre-jair-bolsonaro-e-flavio-pediu-mais-diz-site.shtml\">ao menos R$ 61 milh\u00f5es foram pagos<\/a>.<\/p>\n<p>J\u00e1 as <a href=\"https:\/\/www1.folha.uol.com.br\/poder\/2026\/03\/caso-da-rachadinha-de-flavio-bolsonaro-foi-encerrado-com-perguntas-nao-respondidas.shtml\" rel=\"\" target=\"\">investiga\u00e7\u00f5es relacionadas \u00e0 rachadinha <\/a>foram encerradas ap\u00f3s o STF (Supremo Tribunal Federal) e o STJ (Superior Tribunal de Justi\u00e7a) anularem em 2021 as provas coletadas.<\/p>\n<p>O senador e atual candidato \u00e0 Presid\u00eancia foi denunciado em novembro de 2020 pela Procuradoria-Geral de Justi\u00e7a do <a href=\"https:\/\/www1.folha.uol.com.br\/folha-topicos\/rio-de-janeiro\/\">Rio de Janeiro<\/a> sob acusa\u00e7\u00e3o de liderar uma organiza\u00e7\u00e3o criminosa para <a href=\"https:\/\/www1.folha.uol.com.br\/poder\/2020\/12\/entenda-a-denuncia-contra-flavio-bolsonaro-e-o-que-deve-ocorrer-em-2021.shtml\">recolher parte do sal\u00e1rio de seus ex-funcion\u00e1rios<\/a> em benef\u00edcio pr\u00f3prio. A pr\u00e1tica, conhecida como &#8220;rachadinha&#8221;, teria desviado R$ 6 milh\u00f5es de recursos p\u00fablicos da Alerj (Assembleia Legislativa do Rio de Janeiro).<\/p>\n<p>O senador sempre negou as suspeitas. Em mar\u00e7o, afirmou em nota de sua assessoria que ele e seus &#8220;colaboradores tiveram suas contas devassadas e a vida revirada&#8221;.<\/p>\n<p>&#8220;As investiga\u00e7\u00f5es s\u00e3o prova irrefut\u00e1vel da honestidade de Fl\u00e1vio Bolsonaro. Ao contr\u00e1rio de Lula, que foi condenado por nove ju\u00edzes diferentes. Atualmente, n\u00e3o existe qualquer inqu\u00e9rito que acuse ou investigue Fl\u00e1vio Bolsonaro por il\u00edcito ou malversa\u00e7\u00e3o&#8221;, diz a nota.<\/p>\n<\/p><\/div>\n<p><br \/>\n<br \/><a href=\"https:\/\/redir.folha.com.br\/redir\/online\/poder\/rss091\/*https:\/\/www1.folha.uol.com.br\/poder\/2026\/08\/tse-suspende-propaganda-de-lula-que-lista-acusacoes-contra-flavio-bolsonaro.shtml\">Fonte https:\/\/redir.folha.com.br\/redir\/online\/poder\/rss091\/*https:\/\/www1.folha.uol.com.br\/poder\/2026\/08\/tse-suspende-propaganda-de-lula-que-lista-acusacoes-contra-flavio-bolsonaro.shtml<\/a><\/p>\n","protected":false},"excerpt":{"rendered":"<p>A ministra Estela Aranha, do TSE (Tribunal Superior Eleitoral), suspendeu neste domingo (30) uma propaganda feita pela campanha \u00e0 reelei\u00e7\u00e3o do presidente Lula (PT) que lista supostas acusa\u00e7\u00f5es contra seu&hellip;<\/p>\n","protected":false},"author":1,"featured_media":358499,"comment_status":"closed","ping_status":"open","sticky":false,"template":"","format":"standard","meta":{"footnotes":""},"categories":[42],"tags":[],"class_list":["post-358498","post","type-post","status-publish","format-standard","has-post-thumbnail","hentry","category-ultimas"],"_links":{"self":[{"href":"https:\/\/blogfolhadocomercio.com.br\/wp\/wp-json\/wp\/v2\/posts\/358498","targetHints":{"allow":["GET"]}}],"collection":[{"href":"https:\/\/blogfolhadocomercio.com.br\/wp\/wp-json\/wp\/v2\/posts"}],"about":[{"href":"https:\/\/blogfolhadocomercio.com.br\/wp\/wp-json\/wp\/v2\/types\/post"}],"author":[{"embeddable":true,"href":"https:\/\/blogfolhadocomercio.com.br\/wp\/wp-json\/wp\/v2\/users\/1"}],"replies":[{"embeddable":true,"href":"https:\/\/blogfolhadocomercio.com.br\/wp\/wp-json\/wp\/v2\/comments?post=358498"}],"version-history":[{"count":1,"href":"https:\/\/blogfolhadocomercio.com.br\/wp\/wp-json\/wp\/v2\/posts\/358498\/revisions"}],"predecessor-version":[{"id":358500,"href":"https:\/\/blogfolhadocomercio.com.br\/wp\/wp-json\/wp\/v2\/posts\/358498\/revisions\/358500"}],"wp:featuredmedia":[{"embeddable":true,"href":"https:\/\/blogfolhadocomercio.com.br\/wp\/wp-json\/wp\/v2\/media\/358499"}],"wp:attachment":[{"href":"https:\/\/blogfolhadocomercio.com.br\/wp\/wp-json\/wp\/v2\/media?parent=358498"}],"wp:term":[{"taxonomy":"category","embeddable":true,"href":"https:\/\/blogfolhadocomercio.com.br\/wp\/wp-json\/wp\/v2\/categories?post=358498"},{"taxonomy":"post_tag","embeddable":true,"href":"https:\/\/blogfolhadocomercio.com.br\/wp\/wp-json\/wp\/v2\/tags?post=358498"}],"curies":[{"name":"wp","href":"https:\/\/api.w.org\/{rel}","templated":true}]}}