{"id":355905,"date":"2026-04-29T21:45:23","date_gmt":"2026-04-30T00:45:23","guid":{"rendered":"https:\/\/blogfolhadocomercio.com.br\/wp\/?p=355905"},"modified":"2026-04-29T21:45:23","modified_gmt":"2026-04-30T00:45:23","slug":"lideradas-por-professora-da-ufg-alunas-conquistam-olimpiada-de-matematica-na-europa","status":"publish","type":"post","link":"https:\/\/blogfolhadocomercio.com.br\/wp\/2026\/04\/29\/lideradas-por-professora-da-ufg-alunas-conquistam-olimpiada-de-matematica-na-europa\/","title":{"rendered":"Lideradas por professora da UFG, alunas conquistam olimp\u00edada de matem\u00e1tica na Europa"},"content":{"rendered":"<p><img decoding=\"async\" src=\"https:\/\/uploads.maisgoias.com.br\/2026\/04\/29202812\/captura-de-tela-2026-04-29-172800-1200x675.webp\" \/><\/p>\n<p>Lideradas pela professora\u00a0<strong>Ana Paula de Ara\u00fajo Chaves<\/strong>, do Instituto de Matem\u00e1tica e Estat\u00edstica da Universidade Federal de Goi\u00e1s (IME\/UFG), tr\u00eas alunas brasileiras foram premiadas na 15\u00aa edi\u00e7\u00e3o da European Girls\u2019 Mathematical Olympiad 2026. A competi\u00e7\u00e3o, realizada em Bordeaux, na Fran\u00e7a, \u00e9 voltada a estudantes do ensino m\u00e9dio.<\/p>\n<p>A olimp\u00edada reuniu, entre os dias 9 e 15 de abril, participantes de diferentes pa\u00edses e tem como objetivo incentivar a presen\u00e7a feminina na matem\u00e1tica. Nesta edi\u00e7\u00e3o, o Brasil conquistou uma medalha de ouro, uma de prata, uma de bronze e uma men\u00e7\u00e3o honrosa, garantindo a 15\u00aa coloca\u00e7\u00e3o geral entre as na\u00e7\u00f5es.<\/p>\n<ul class=\"wp-block-list\">\n<li><a href=\"https:\/\/www.maisgoias.com.br\/cidades\/anapolis\/diziam-que-eu-era-louca-engenheira-formada-na-ueg-que-faz-sucesso-na-noruega-conciliou-estudos-e-maternidade\/\">\u2018Diziam que eu era louca\u2019: engenheira formada na UEG que faz sucesso na Noruega conciliou estudos e maternidade<\/a><\/li>\n<li><a href=\"https:\/\/www.maisgoias.com.br\/cidades\/goiania\/estudante-da-ufg-e-autor-de-3-dos-24-aprovados-para-congresso-que-teve-33-mil-candidatos\/\">Estudante da UFG \u00e9 autor de 3 dos 24 trabalhos aprovados para congresso que teve 3,3 mil candidatos<\/a><\/li>\n<\/ul>\n<figure class=\"wp-block-image size-large\"><img loading=\"lazy\" decoding=\"async\" class=\"wp-image-1070136\" src=\"https:\/\/uploads.maisgoias.com.br\/2026\/04\/29203230\/captura-de-tela-2026-04-29-173212-960x640.webp\" sizes=\"auto, (max-width: 960px) 100vw, 960px\" srcset=\"https:\/\/uploads.maisgoias.com.br\/2026\/04\/29203230\/captura-de-tela-2026-04-29-173212-960x640.webp 960w, https:\/\/uploads.maisgoias.com.br\/2026\/04\/29203230\/captura-de-tela-2026-04-29-173212-450x300.webp 450w, https:\/\/uploads.maisgoias.com.br\/2026\/04\/29203230\/captura-de-tela-2026-04-29-173212-150x100.webp 150w, https:\/\/uploads.maisgoias.com.br\/2026\/04\/29203230\/captura-de-tela-2026-04-29-173212-600x400.webp 600w, https:\/\/uploads.maisgoias.com.br\/2026\/04\/29203230\/captura-de-tela-2026-04-29-173212-70x47.webp 70w, https:\/\/uploads.maisgoias.com.br\/2026\/04\/29203230\/captura-de-tela-2026-04-29-173212-120x80.webp 120w, https:\/\/uploads.maisgoias.com.br\/2026\/04\/29203230\/captura-de-tela-2026-04-29-173212-300x200.webp 300w\" alt=\"\" width=\"960\" height=\"640\" \/><figcaption class=\"wp-element-caption\">(Foto: reprodu\u00e7\u00e3o)<\/figcaption><\/figure>\n<p>Entre as premiadas, a cearense J\u00falia de Paula Pessoa Leguiza conquistou a medalha de ouro. Maria Clara Fontes Silva, de Sergipe, ficou com a prata; Helo\u00edsa Mysczak, de S\u00e3o Paulo, levou o bronze; e Maria Cec\u00edlia Ribeiro Pereira de Melo, de Pernambuco, recebeu men\u00e7\u00e3o honrosa.<\/p>\n<p>O resultado representa o\u00a0<strong>segundo melhor desempenho hist\u00f3rico do pa\u00eds<\/strong>\u00a0na competi\u00e7\u00e3o e marca a conquista da segunda medalha de ouro brasileira na EGMO. A equipe contou ainda com a vice-lideran\u00e7a da professora\u00a0<strong>Bilhiana Plamenova Kochloukova.<\/strong><\/p>\n<p>A sele\u00e7\u00e3o das estudantes foi baseada no desempenho na Olimp\u00edada Brasileira de Matem\u00e1tica, al\u00e9m de provas espec\u00edficas ao longo da prepara\u00e7\u00e3o.<\/p>\n<p><strong>Leia tamb\u00e9m:<\/strong><\/p>\n<ul class=\"wp-block-list\">\n<li><a href=\"https:\/\/www.maisgoias.com.br\/cidades\/goiania\/alunas-de-psicologia-denunciam-professores-da-ufg-por-assedio-em-goiania\/\">Alunas de Psicologia denunciam professores da UFG por ass\u00e9dio em Goi\u00e2nia<\/a><\/li>\n<li><a href=\"https:\/\/www.maisgoias.com.br\/cidades\/goiania\/atletica-da-ufg-expulsa-presidente-por-caso-de-racismo-entidades-reagem\/\">Atl\u00e9tica da UFG expulsa presidente por caso de racismo; entidades reagem<br \/>\n<\/a><\/li>\n<\/ul>\n<p><iframe id=\"instagram-embed-0\" class=\"instagram-media instagram-media-rendered\" src=\"https:\/\/www.instagram.com\/p\/DXPafuclLnc\/embed\/captioned\/?cr=1&amp;v=14&amp;wp=540&amp;rd=https%3A%2F%2Fwww.maisgoias.com.br&amp;rp=%2Fcidades%2Fgoiania%2Flideradas-por-professora-da-ufg-alunas-conquistam-olimpiada-de-matematica-na-europa%2F#%7B%22ci%22%3A0%2C%22os%22%3A1529.5999999046326%2C%22ls%22%3A1101.2000000476837%2C%22le%22%3A1232%7D\" height=\"1473\" frameborder=\"0\" scrolling=\"no\" allowfullscreen=\"allowfullscreen\" data-instgrm-payload-id=\"instagram-media-payload-0\" data-mce-fragment=\"1\"><\/iframe><\/p>\n<p><strong>Por Mais Goi\u00e1s<\/strong><\/p>\n","protected":false},"excerpt":{"rendered":"<p>Lideradas pela professora\u00a0Ana Paula de Ara\u00fajo Chaves, do Instituto de Matem\u00e1tica e Estat\u00edstica da Universidade Federal de Goi\u00e1s (IME\/UFG), tr\u00eas alunas brasileiras foram premiadas na 15\u00aa edi\u00e7\u00e3o da European Girls\u2019&hellip;<\/p>\n","protected":false},"author":1,"featured_media":355906,"comment_status":"closed","ping_status":"open","sticky":false,"template":"","format":"standard","meta":{"footnotes":""},"categories":[42],"tags":[],"class_list":["post-355905","post","type-post","status-publish","format-standard","has-post-thumbnail","hentry","category-ultimas"],"_links":{"self":[{"href":"https:\/\/blogfolhadocomercio.com.br\/wp\/wp-json\/wp\/v2\/posts\/355905","targetHints":{"allow":["GET"]}}],"collection":[{"href":"https:\/\/blogfolhadocomercio.com.br\/wp\/wp-json\/wp\/v2\/posts"}],"about":[{"href":"https:\/\/blogfolhadocomercio.com.br\/wp\/wp-json\/wp\/v2\/types\/post"}],"author":[{"embeddable":true,"href":"https:\/\/blogfolhadocomercio.com.br\/wp\/wp-json\/wp\/v2\/users\/1"}],"replies":[{"embeddable":true,"href":"https:\/\/blogfolhadocomercio.com.br\/wp\/wp-json\/wp\/v2\/comments?post=355905"}],"version-history":[{"count":1,"href":"https:\/\/blogfolhadocomercio.com.br\/wp\/wp-json\/wp\/v2\/posts\/355905\/revisions"}],"predecessor-version":[{"id":355907,"href":"https:\/\/blogfolhadocomercio.com.br\/wp\/wp-json\/wp\/v2\/posts\/355905\/revisions\/355907"}],"wp:featuredmedia":[{"embeddable":true,"href":"https:\/\/blogfolhadocomercio.com.br\/wp\/wp-json\/wp\/v2\/media\/355906"}],"wp:attachment":[{"href":"https:\/\/blogfolhadocomercio.com.br\/wp\/wp-json\/wp\/v2\/media?parent=355905"}],"wp:term":[{"taxonomy":"category","embeddable":true,"href":"https:\/\/blogfolhadocomercio.com.br\/wp\/wp-json\/wp\/v2\/categories?post=355905"},{"taxonomy":"post_tag","embeddable":true,"href":"https:\/\/blogfolhadocomercio.com.br\/wp\/wp-json\/wp\/v2\/tags?post=355905"}],"curies":[{"name":"wp","href":"https:\/\/api.w.org\/{rel}","templated":true}]}}