{"id":355896,"date":"2026-04-29T21:37:12","date_gmt":"2026-04-30T00:37:12","guid":{"rendered":"https:\/\/blogfolhadocomercio.com.br\/wp\/?p=355896"},"modified":"2026-04-29T21:37:12","modified_gmt":"2026-04-30T00:37:12","slug":"senado-rejeita-indicacao-de-messias-ao-stf-e-impoe-derrota-historica-a-lula","status":"publish","type":"post","link":"https:\/\/blogfolhadocomercio.com.br\/wp\/2026\/04\/29\/senado-rejeita-indicacao-de-messias-ao-stf-e-impoe-derrota-historica-a-lula\/","title":{"rendered":"Senado rejeita indica\u00e7\u00e3o de Messias ao STF e imp\u00f5e derrota hist\u00f3rica a Lula"},"content":{"rendered":"<p><img decoding=\"async\" src=\"https:\/\/uploads.maisgoias.com.br\/2026\/04\/29222419\/1200-800-2026-04-29t192407-659-1200x675.webp\" alt=\"Senado rejeita indica\u00e7\u00e3o de Messias ao STF e imp\u00f5e derrota hist\u00f3rica a Lula (Foto: Instagram)\" \/><\/p>\n<p>O Senado rejeitou um nome ao Supremo Tribunal Federal (STF) ap\u00f3s 132 anos, imp\u00f4s uma derrota hist\u00f3rica ao presidente Luiz In\u00e1cio Lula da Silva e barrou a indica\u00e7\u00e3o do ministro Jorge Messias (Advocacia-Geral da Uni\u00e3o) \u00e0 Corte. O rev\u00e9s para o governo tensiona ainda mais a rela\u00e7\u00e3o com o Congresso, a menos de seis meses da elei\u00e7\u00e3o. Messias teve 34 votos a favor da indica\u00e7\u00e3o, sete a menos que o necess\u00e1rio. Foram 42 votos contr\u00e1rios.<\/p>\n<div id=\"inread1\" class=\"square-ad\"><\/div>\n<p>Ele foi indicado por Lula para ocupar uma vaga na Corte h\u00e1 mais de cinco meses, mas enfrentou resist\u00eancias da oposi\u00e7\u00e3o e, principalmente, da c\u00fapula do Senado, sobretudo do presidente Davi Alcolumbre (Uni\u00e3o Brasil-AP). Mais cedo, na Comiss\u00e3o de Constitui\u00e7\u00e3o e Justi\u00e7a (CCJ), Messias teve 16 votos em sabatina que foi marcada por um clima de apreens\u00e3o de governistas diante da falta de seguran\u00e7a se ele seria aprovado.<\/p>\n<ul class=\"wp-block-list\">\n<li><a href=\"https:\/\/www.maisgoias.com.br\/politica\/ser-evangelico-e-uma-bencao-mas-o-estado-e-laico-diz-jorge-messias-em-sabatina-ao-stf\/\">\u201cSer evang\u00e9lico \u00e9 uma b\u00ean\u00e7\u00e3o, mas o Estado \u00e9 laico\u201d, diz Messias em sabatina ao STF; v\u00eddeo<\/a><\/li>\n<\/ul>\n<p>O resultado torna o chefe da AGU o primeiro nome indicado ao STF a ser rejeitado na redemocratiza\u00e7\u00e3o brasileira. A \u00faltima vez que isso ocorreu foi em 1894, no governo Floriano Peixoto.<\/p>\n<figure class=\"wp-block-image size-large\"><img loading=\"lazy\" decoding=\"async\" class=\"wp-image-1070179\" src=\"https:\/\/uploads.maisgoias.com.br\/2026\/04\/29222547\/snapinsta-ai_3794163507605381821-960x640.webp\" sizes=\"auto, (max-width: 960px) 100vw, 960px\" srcset=\"https:\/\/uploads.maisgoias.com.br\/2026\/04\/29222547\/snapinsta-ai_3794163507605381821-960x640.webp 960w, https:\/\/uploads.maisgoias.com.br\/2026\/04\/29222547\/snapinsta-ai_3794163507605381821-450x300.webp 450w, https:\/\/uploads.maisgoias.com.br\/2026\/04\/29222547\/snapinsta-ai_3794163507605381821-150x100.webp 150w, https:\/\/uploads.maisgoias.com.br\/2026\/04\/29222547\/snapinsta-ai_3794163507605381821-600x400.webp 600w, https:\/\/uploads.maisgoias.com.br\/2026\/04\/29222547\/snapinsta-ai_3794163507605381821-70x47.webp 70w, https:\/\/uploads.maisgoias.com.br\/2026\/04\/29222547\/snapinsta-ai_3794163507605381821-120x80.webp 120w, https:\/\/uploads.maisgoias.com.br\/2026\/04\/29222547\/snapinsta-ai_3794163507605381821-300x200.webp 300w, https:\/\/uploads.maisgoias.com.br\/2026\/04\/29222547\/snapinsta-ai_3794163507605381821.webp 1080w\" alt=\"\" width=\"960\" height=\"640\" \/><figcaption class=\"wp-element-caption\">Jorge Messias, indicado por Lula ao STF (Foto: Instagram)<\/figcaption><\/figure>\n<p>Auxiliares de Lula creditam a derrota no Senado a uma articula\u00e7\u00e3o de Alcolumbre contra Messias. Inicialmente considerado um dos pontos de governabilidade de Lula 3, o senador se afastou do Planalto e passou a criticar publicamente o governo federal ap\u00f3s o chefe do Executivo indicar Messias para a vaga no Supremo \u2013e n\u00e3o Rodrigo Pacheco (PSB-MG), aliado de primeira hora do presidente do Senado.<\/p>\n<div id=\"inread2\" class=\"square-ad\"><\/div>\n<p>At\u00e9 a noite da v\u00e9spera da sabatina, auxiliares de Lula atuavam para que Alcolumbre fizesse um gesto p\u00fablico de apoio a Messias, o que n\u00e3o ocorreu. Pacheco, por sua vez, posou para foto com o chefe da AGU na tarde de ter\u00e7a em evento que oficializou o apoio da bancada do PSB ao ministro.<\/p>\n<ul class=\"wp-block-list\">\n<li><a href=\"https:\/\/www.maisgoias.com.br\/politica\/indicado-ao-stf-messias-passa-por-sabatina-na-ccj-do-senado-em-20-dias\/\">Indicado ao STF, Messias passa por sabatina na CCJ do Senado em 20 dias<\/a><\/li>\n<\/ul>\n<p>O sil\u00eancio do presidente do Senado foi motivo de conversas paralelas ao longo da sabatina de Messias na CCJ, com alguns parlamentares sugerindo um movimento nos bastidores de Alcolumbre contra o nome de Messias. No fim da manh\u00e3, o l\u00edder do governo no Senado, Jaques Wagner (PT-BA), deu a entender que Alcolumbre estaria atuando nesse sentido. A jornalistas, respondeu a uma pergunta falando dessa possibilidade em tom de ironia.<\/p>\n<p>\u2014 Se ele estiver operando contra \u00e9 um bom sinal. Deve estar vendo que (Messias) vai ganhar \u2014 disse Wagner.<\/p>\n<div id=\"inread3\" class=\"square-ad\"><\/div>\n<figure class=\"wp-block-image size-large\"><img loading=\"lazy\" decoding=\"async\" class=\"wp-image-1070180\" src=\"https:\/\/uploads.maisgoias.com.br\/2026\/04\/29222708\/1200-800-2026-04-29t192702-472-960x640.webp\" sizes=\"auto, (max-width: 960px) 100vw, 960px\" srcset=\"https:\/\/uploads.maisgoias.com.br\/2026\/04\/29222708\/1200-800-2026-04-29t192702-472-960x640.webp 960w, https:\/\/uploads.maisgoias.com.br\/2026\/04\/29222708\/1200-800-2026-04-29t192702-472-450x300.webp 450w, https:\/\/uploads.maisgoias.com.br\/2026\/04\/29222708\/1200-800-2026-04-29t192702-472-150x100.webp 150w, https:\/\/uploads.maisgoias.com.br\/2026\/04\/29222708\/1200-800-2026-04-29t192702-472-600x400.webp 600w, https:\/\/uploads.maisgoias.com.br\/2026\/04\/29222708\/1200-800-2026-04-29t192702-472-70x47.webp 70w, https:\/\/uploads.maisgoias.com.br\/2026\/04\/29222708\/1200-800-2026-04-29t192702-472-120x80.webp 120w, https:\/\/uploads.maisgoias.com.br\/2026\/04\/29222708\/1200-800-2026-04-29t192702-472-300x200.webp 300w, https:\/\/uploads.maisgoias.com.br\/2026\/04\/29222708\/1200-800-2026-04-29t192702-472.webp 1200w\" alt=\"\" width=\"960\" height=\"640\" \/><figcaption class=\"wp-element-caption\">Presidente do Senado, Davi Alcolumbre (Foto: Ag\u00eancia Senado)<\/figcaption><\/figure>\n<p>Quatro senadores afirmaram, sob reserva, que o movimento de Alcolumbre foi em cima de parlamentares do centro, da oposi\u00e7\u00e3o e indecisos. Segundo eles, o presidente do Senado teria procurado esses nomes e estimulado o voto contr\u00e1rio ao chefe da AGU. A assessoria de imprensa de Alcolumbre foi procurada e negou qualquer atua\u00e7\u00e3o do senador nesse sentido.<\/p>\n<p>De acordo com uma pessoa que acompanhou as conversas, o Planalto foi informado no come\u00e7o da tarde sobre um suposto movimento de Alcolumbre para impor a derrota a Messias. Num primeiro momento, auxiliares de Lula telefonaram para senadores para buscar entender se havia algum novo movimento nesse sentido.<\/p>\n<p>Com a divulga\u00e7\u00e3o de not\u00edcias tratando dessa possibilidade, aliados de Messias telefonaram para o presidente do Senado, que n\u00e3o atendeu \u00e0s chamadas. O senador passou a maior parte do dia na resid\u00eancia oficial da presid\u00eancia do Senado e chegou \u00e0 Casa pouco antes da proclama\u00e7\u00e3o do resultado da vota\u00e7\u00e3o na CCJ.<\/p>\n<div id=\"inread4\" class=\"square-ad\"><\/div>\n<p>O resultado da vota\u00e7\u00e3o pressiona tamb\u00e9m Lula \u00e0s v\u00e9speras das elei\u00e7\u00f5es. Nos \u00faltimos meses, o petista viu seu principal advers\u00e1rio na disputa, Fl\u00e1vio Bolsonaro (PL-RJ), se consolidar na corrida eleitoral e, em algumas pesquisas de inten\u00e7\u00e3o de votos, ultrapass\u00e1-lo numericamente.<\/p>\n<p>At\u00e9 mesmo um aliado de primeira hora do petista reconhece que essa derrota traz danos pol\u00edticos \u00e0 imagem de Lula, al\u00e9m de colocar em d\u00favida o capital pol\u00edtico do chefe do Executivo, num momento em que o governo busca sinalizar ao centro na tentativa de atrair eleitores e apoios pol\u00edticos nesse grupo. Ele minimiza, no entanto, o peso que isso ter\u00e1 na hora da elei\u00e7\u00e3o, afirmando que Lula poder\u00e1 adotar um discurso de embate com o Congresso Nacional.<\/p>\n<p><strong>Por Mais Goi\u00e1s<\/strong><\/p>\n","protected":false},"excerpt":{"rendered":"<p>O Senado rejeitou um nome ao Supremo Tribunal Federal (STF) ap\u00f3s 132 anos, imp\u00f4s uma derrota hist\u00f3rica ao presidente Luiz In\u00e1cio Lula da Silva e barrou a indica\u00e7\u00e3o do ministro&hellip;<\/p>\n","protected":false},"author":1,"featured_media":355897,"comment_status":"closed","ping_status":"open","sticky":false,"template":"","format":"standard","meta":{"footnotes":""},"categories":[42],"tags":[],"class_list":["post-355896","post","type-post","status-publish","format-standard","has-post-thumbnail","hentry","category-ultimas"],"_links":{"self":[{"href":"https:\/\/blogfolhadocomercio.com.br\/wp\/wp-json\/wp\/v2\/posts\/355896","targetHints":{"allow":["GET"]}}],"collection":[{"href":"https:\/\/blogfolhadocomercio.com.br\/wp\/wp-json\/wp\/v2\/posts"}],"about":[{"href":"https:\/\/blogfolhadocomercio.com.br\/wp\/wp-json\/wp\/v2\/types\/post"}],"author":[{"embeddable":true,"href":"https:\/\/blogfolhadocomercio.com.br\/wp\/wp-json\/wp\/v2\/users\/1"}],"replies":[{"embeddable":true,"href":"https:\/\/blogfolhadocomercio.com.br\/wp\/wp-json\/wp\/v2\/comments?post=355896"}],"version-history":[{"count":1,"href":"https:\/\/blogfolhadocomercio.com.br\/wp\/wp-json\/wp\/v2\/posts\/355896\/revisions"}],"predecessor-version":[{"id":355898,"href":"https:\/\/blogfolhadocomercio.com.br\/wp\/wp-json\/wp\/v2\/posts\/355896\/revisions\/355898"}],"wp:featuredmedia":[{"embeddable":true,"href":"https:\/\/blogfolhadocomercio.com.br\/wp\/wp-json\/wp\/v2\/media\/355897"}],"wp:attachment":[{"href":"https:\/\/blogfolhadocomercio.com.br\/wp\/wp-json\/wp\/v2\/media?parent=355896"}],"wp:term":[{"taxonomy":"category","embeddable":true,"href":"https:\/\/blogfolhadocomercio.com.br\/wp\/wp-json\/wp\/v2\/categories?post=355896"},{"taxonomy":"post_tag","embeddable":true,"href":"https:\/\/blogfolhadocomercio.com.br\/wp\/wp-json\/wp\/v2\/tags?post=355896"}],"curies":[{"name":"wp","href":"https:\/\/api.w.org\/{rel}","templated":true}]}}