{"id":355787,"date":"2026-04-27T13:27:55","date_gmt":"2026-04-27T16:27:55","guid":{"rendered":"https:\/\/blogfolhadocomercio.com.br\/wp\/?p=355787"},"modified":"2026-04-27T13:27:55","modified_gmt":"2026-04-27T16:27:55","slug":"moraes-autoriza-prisao-domiciliar-para-quase-20-idosos-condenados-pelo-8-1","status":"publish","type":"post","link":"https:\/\/blogfolhadocomercio.com.br\/wp\/2026\/04\/27\/moraes-autoriza-prisao-domiciliar-para-quase-20-idosos-condenados-pelo-8-1\/","title":{"rendered":"Moraes autoriza pris\u00e3o domiciliar para quase 20 idosos condenados pelo 8\/1"},"content":{"rendered":"<p><img decoding=\"async\" src=\"https:\/\/uploads.maisgoias.com.br\/2026\/04\/27120147\/foto-materia-20.webp\" alt=\"Imagem mostra manifestantes na rampa do Congresso\" \/><\/p>\n<p>Quase 20\u00a0<strong>idosos condenados\u00a0<\/strong>pelos\u00a0<strong>atos antidemocr\u00e1ticos<\/strong>\u00a0de\u00a0<strong>8 de janeiro<\/strong>\u00a0de 2023 tiveram a pris\u00e3o convertida em domiciliar no \u00faltimo domingo (26\/4). A autoriza\u00e7\u00e3o para o cumprimento da pena em casa foi assinada pelo ministro Alexandre de Moraes, do\u00a0<a href=\"https:\/\/portal.stf.jus.br\/\">Supremo Tribunal Federal (STF).<\/a><\/p>\n<div id=\"inread1\" class=\"square-ad\"><\/div>\n<p>Os beneficiados t\u00eam entre 62 e 70 anos e cumprem penas que chegam a 17 anos de reclus\u00e3o. Apesar da mudan\u00e7a no regime, os condenados permanecem submetidos a medidas cautelares que restringem a liberdade e asseguram o cumprimento das determina\u00e7\u00f5es judiciais.<\/p>\n<p><strong>SAIBA MAIS:<\/strong><\/p>\n<ul class=\"wp-block-list\">\n<li><a href=\"https:\/\/www.maisgoias.com.br\/politica\/caiado-promete-anistia-ampla-geral-e-irrestrita-em-1o-ato-como-presidente\/\"><strong>Caiado promete anistia \u2018ampla, geral e irrestrita\u2019 em 1\u00ba ato como presidente | Mais Goi\u00e1s<\/strong><\/a><\/li>\n<li><a href=\"https:\/\/www.maisgoias.com.br\/politica\/lula-contraria-congresso-e-veta-reducao-de-penas-do-8-1-que-beneficiaria-bolsonaro\/\"><strong>Lula contraria Congresso e veta redu\u00e7\u00e3o de penas do 8\/1 que beneficiaria Bolsonaro | Mais Goi\u00e1s<\/strong><\/a><\/li>\n<\/ul>\n<h2 id=\"h-regras-da-prisao-domiciliar\" class=\"wp-block-heading\">Regras da pris\u00e3o domiciliar<\/h2>\n<p>Entre as condi\u00e7\u00f5es impostas est\u00e3o o uso de tornozeleira eletr\u00f4nica, a proibi\u00e7\u00e3o de acesso \u00e0s redes sociais, a veda\u00e7\u00e3o de comunica\u00e7\u00e3o com outros investigados ou condenados pelos mesmos atos e a limita\u00e7\u00e3o de visitas, restritas a advogados e familiares.<\/p>\n<div id=\"inread2\" class=\"square-ad\"><\/div>\n<h2 id=\"h-fatima-tubarao-e-contemplada\" class=\"wp-block-heading\">F\u00e1tima Tubar\u00e3o \u00e9 contemplada<\/h2>\n<p>Uma das contempladas pela decis\u00e3o \u00e9 F\u00e1tima de Tubar\u00e3o, de 70 anos. Ela ganhou notoriedade \u00e0 \u00e9poca das invas\u00f5es \u00e0s sedes dos Tr\u00eas Poderes ap\u00f3s aparecer em um v\u00eddeo gravado no interior do STF. No registro, a mulher afirma estar \u201cquebrando tudo\u201d e \u201ccagando\u201d no Tribunal.<\/p>\n<figure class=\"wp-block-image size-large\"><img loading=\"lazy\" decoding=\"async\" class=\"wp-image-1069097\" src=\"https:\/\/uploads.maisgoias.com.br\/2026\/04\/27120611\/foto-materia-22-960x640.webp\" sizes=\"auto, (max-width: 960px) 100vw, 960px\" srcset=\"https:\/\/uploads.maisgoias.com.br\/2026\/04\/27120611\/foto-materia-22-960x640.webp 960w, https:\/\/uploads.maisgoias.com.br\/2026\/04\/27120611\/foto-materia-22-450x300.webp 450w, https:\/\/uploads.maisgoias.com.br\/2026\/04\/27120611\/foto-materia-22-150x100.webp 150w, https:\/\/uploads.maisgoias.com.br\/2026\/04\/27120611\/foto-materia-22-600x400.webp 600w, https:\/\/uploads.maisgoias.com.br\/2026\/04\/27120611\/foto-materia-22-70x47.webp 70w, https:\/\/uploads.maisgoias.com.br\/2026\/04\/27120611\/foto-materia-22-120x80.webp 120w, https:\/\/uploads.maisgoias.com.br\/2026\/04\/27120611\/foto-materia-22-300x200.webp 300w\" alt=\"\" width=\"960\" height=\"640\" \/><figcaption class=\"wp-element-caption\"><em>F\u00e1tima Tubar\u00e3o foi uma das presas do 8\/1. Ela foi condenada a 17 anos de pris\u00e3o pelo Supremo (Foto: Reprodu\u00e7\u00e3o\/Redes Sociais)<\/em><\/figcaption><\/figure>\n<h2 id=\"h-atos-antidemocraticos-de-8-1\" class=\"wp-block-heading\">Atos antidemocr\u00e1ticos de 8\/1<\/h2>\n<p>Os atos de 8 de janeiro tiveram repercuss\u00e3o nacional e internacional e foram classificados pelo Judici\u00e1rio como tentativa de golpe de Estado e aboli\u00e7\u00e3o violenta do Estado Democr\u00e1tico de Direito. As manifesta\u00e7\u00f5es come\u00e7aram como protestos contra a posse do presidente Luiz In\u00e1cio Lula da Silva (PT), eleito em 2022, e evolu\u00edram para invas\u00f5es e depreda\u00e7\u00f5es no Congresso Nacional, no Pal\u00e1cio do Planalto e no pr\u00f3prio STF, em Bras\u00edlia.<\/p>\n<figure class=\"wp-block-image size-large\"><img loading=\"lazy\" decoding=\"async\" class=\"wp-image-1069095\" src=\"https:\/\/uploads.maisgoias.com.br\/2026\/04\/27120411\/foto-materia-21-960x640.webp\" sizes=\"auto, (max-width: 960px) 100vw, 960px\" srcset=\"https:\/\/uploads.maisgoias.com.br\/2026\/04\/27120411\/foto-materia-21-960x640.webp 960w, https:\/\/uploads.maisgoias.com.br\/2026\/04\/27120411\/foto-materia-21-450x300.webp 450w, https:\/\/uploads.maisgoias.com.br\/2026\/04\/27120411\/foto-materia-21-150x100.webp 150w, https:\/\/uploads.maisgoias.com.br\/2026\/04\/27120411\/foto-materia-21-600x400.webp 600w, https:\/\/uploads.maisgoias.com.br\/2026\/04\/27120411\/foto-materia-21-70x47.webp 70w, https:\/\/uploads.maisgoias.com.br\/2026\/04\/27120411\/foto-materia-21-120x80.webp 120w, https:\/\/uploads.maisgoias.com.br\/2026\/04\/27120411\/foto-materia-21-300x200.webp 300w\" alt=\"\" width=\"960\" height=\"640\" \/><figcaption class=\"wp-element-caption\"><em>Beneficiados t\u00eam entre 62 e 70 anos e cumprem penas que chegam a 17 anos de reclus\u00e3o (Foto: Marcelo Camargo ABR)<\/em><\/figcaption><\/figure>\n<p>Na ocasi\u00e3o, milhares de manifestantes romperam barreiras de seguran\u00e7a e vandalizaram pr\u00e9dios p\u00fablicos, mobili\u00e1rio, obras de arte e documentos hist\u00f3ricos.<\/p>\n<div id=\"inread3\" class=\"square-ad\"><\/div>\n<h2 id=\"h-800-condenados\" class=\"wp-block-heading\">800 condenados<\/h2>\n<p>A resposta institucional incluiu a decreta\u00e7\u00e3o de interven\u00e7\u00e3o federal na seguran\u00e7a p\u00fablica do Distrito Federal e a pris\u00e3o de mais de 2 mil pessoas nos dias seguintes aos ataques.<\/p>\n<p>Sob a relatoria de Alexandre de Moraes, o STF j\u00e1 proferiu 800 condena\u00e7\u00f5es e 14 absolvi\u00e7\u00f5es relacionadas ao caso, al\u00e9m de manter investiga\u00e7\u00f5es em andamento e registrar dezenas de foragidos.<\/p>\n<p><strong>Por Mais Goi\u00e1s<\/strong><\/p>\n","protected":false},"excerpt":{"rendered":"<p>Quase 20\u00a0idosos condenados\u00a0pelos\u00a0atos antidemocr\u00e1ticos\u00a0de\u00a08 de janeiro\u00a0de 2023 tiveram a pris\u00e3o convertida em domiciliar no \u00faltimo domingo (26\/4). A autoriza\u00e7\u00e3o para o cumprimento da pena em casa foi assinada pelo ministro&hellip;<\/p>\n","protected":false},"author":1,"featured_media":355788,"comment_status":"closed","ping_status":"open","sticky":false,"template":"","format":"standard","meta":{"footnotes":""},"categories":[42],"tags":[],"class_list":["post-355787","post","type-post","status-publish","format-standard","has-post-thumbnail","hentry","category-ultimas"],"_links":{"self":[{"href":"https:\/\/blogfolhadocomercio.com.br\/wp\/wp-json\/wp\/v2\/posts\/355787","targetHints":{"allow":["GET"]}}],"collection":[{"href":"https:\/\/blogfolhadocomercio.com.br\/wp\/wp-json\/wp\/v2\/posts"}],"about":[{"href":"https:\/\/blogfolhadocomercio.com.br\/wp\/wp-json\/wp\/v2\/types\/post"}],"author":[{"embeddable":true,"href":"https:\/\/blogfolhadocomercio.com.br\/wp\/wp-json\/wp\/v2\/users\/1"}],"replies":[{"embeddable":true,"href":"https:\/\/blogfolhadocomercio.com.br\/wp\/wp-json\/wp\/v2\/comments?post=355787"}],"version-history":[{"count":1,"href":"https:\/\/blogfolhadocomercio.com.br\/wp\/wp-json\/wp\/v2\/posts\/355787\/revisions"}],"predecessor-version":[{"id":355789,"href":"https:\/\/blogfolhadocomercio.com.br\/wp\/wp-json\/wp\/v2\/posts\/355787\/revisions\/355789"}],"wp:featuredmedia":[{"embeddable":true,"href":"https:\/\/blogfolhadocomercio.com.br\/wp\/wp-json\/wp\/v2\/media\/355788"}],"wp:attachment":[{"href":"https:\/\/blogfolhadocomercio.com.br\/wp\/wp-json\/wp\/v2\/media?parent=355787"}],"wp:term":[{"taxonomy":"category","embeddable":true,"href":"https:\/\/blogfolhadocomercio.com.br\/wp\/wp-json\/wp\/v2\/categories?post=355787"},{"taxonomy":"post_tag","embeddable":true,"href":"https:\/\/blogfolhadocomercio.com.br\/wp\/wp-json\/wp\/v2\/tags?post=355787"}],"curies":[{"name":"wp","href":"https:\/\/api.w.org\/{rel}","templated":true}]}}