{"id":355737,"date":"2026-04-26T19:58:16","date_gmt":"2026-04-26T22:58:16","guid":{"rendered":"https:\/\/blogfolhadocomercio.com.br\/wp\/2026\/04\/26\/lula-repudia-ataque-a-tiros-ocorrido-em-evento-com-donald-trump\/"},"modified":"2026-04-26T19:58:16","modified_gmt":"2026-04-26T22:58:16","slug":"lula-repudia-ataque-a-tiros-ocorrido-em-evento-com-donald-trump","status":"publish","type":"post","link":"https:\/\/blogfolhadocomercio.com.br\/wp\/2026\/04\/26\/lula-repudia-ataque-a-tiros-ocorrido-em-evento-com-donald-trump\/","title":{"rendered":"Lula repudia ataque a tiros ocorrido em evento com Donald Trump"},"content":{"rendered":"<p> <br \/>\n<\/p>\n<div>\n<p><strong>O presidente Luiz In\u00e1cio Lula da Silva disse, neste domingo (26) \u201crepudiar veementemente\u201d o ataque contra o presidente dos Estados Unidos, Donald Trump, ocorrido nesse s\u00e1bado (25) em um encontro com jornalistas em Washington.<\/strong><img decoding=\"async\" src=\"https:\/\/agenciabrasil.ebc.com.br\/ebc.gif?id=1687257&#038;o=node\" style=\"width:1px; height:1px; display:inline;\"\/><\/p>\n<p>\u201cMinha solidariedade ao presidente Donald Trump, \u00e0 primeira-dama Melania Trump e a todos os presentes no jantar com correspondentes em Washington. O Brasil repudia veementemente o ataque de ontem \u00e0 noite\u201d, diz a nota publicada por Lula nas redes sociais.<\/p>\n<blockquote>\n<p>\u201cA viol\u00eancia pol\u00edtica \u00e9 uma afronta aos valores democr\u00e1ticos que todos devemos proteger\u201d, acrescentou o presidente brasileiro.<\/p>\n<\/blockquote>\n<p>Os disparos foram dados durante o jantar de Trump com correspondentes que cobrem a Casa Branca.<\/p>\n<p>Tiros foram ouvidos nas imedia\u00e7\u00f5es do local do evento e o presidente e a primeira-dama Melania Trump foram retirados rapidamente do lugar pelo Servi\u00e7o Secreto norte-americano. O suspeito de ter feito o ataque foi preso e ainda n\u00e3o teve sua identidade revelada.<\/p>\n<p>O suspeito atirou em um agente do servi\u00e7o secreto \u2013 que acabou sendo salvo por usar colete \u00e0 prova de balas. Al\u00e9m dos disparos, testemunhas disseram a ag\u00eancias internacionais que tamb\u00e9m foram ouvidas explos\u00f5es na \u00e1rea pr\u00f3xima ao hotel.<\/p>\n<p>O jantar teve as presen\u00e7as do vice-presidente J.D. Vance e do secret\u00e1rio de Estado Marco Rubio. Eles tamb\u00e9m foram retirados do hotel e est\u00e3o em seguran\u00e7a.<\/p>\n<p><strong>O presidente Trump deu uma entrevista coletiva na Casa Branca ap\u00f3s o ataque e disse que o atirador \u00e9 um &#8220;lobo solit\u00e1rio&#8221;, termo usado para descrever supostos criminosos que atuam sozinhos.<\/strong><\/p>\n<p>Apesar da fala de Trump, o Servi\u00e7o Secreto dos EUA n\u00e3o deu mais detalhes sobre o suspeito.<\/p>\n<p>      <!-- Relacionada --><\/p>\n<p>            <!-- Relacionada -->\n    <\/div>\n<p><br \/>\n<br \/><a href=\"https:\/\/agenciabrasil.ebc.com.br\/politica\/noticia\/2026-04\/lula-repudia-ataque-tiros-ocorrido-em-evento-com-donald-trump\">Fonte https:\/\/agenciabrasil.ebc.com.br\/politica\/noticia\/2026-04\/lula-repudia-ataque-tiros-ocorrido-em-evento-com-donald-trump<\/a><\/p>\n","protected":false},"excerpt":{"rendered":"<p>O presidente Luiz In\u00e1cio Lula da Silva disse, neste domingo (26) \u201crepudiar veementemente\u201d o ataque contra o presidente dos Estados Unidos, Donald Trump, ocorrido nesse s\u00e1bado (25) em um encontro&hellip;<\/p>\n","protected":false},"author":1,"featured_media":355738,"comment_status":"closed","ping_status":"open","sticky":false,"template":"","format":"standard","meta":{"footnotes":""},"categories":[34,35,42],"tags":[],"class_list":["post-355737","post","type-post","status-publish","format-standard","has-post-thumbnail","hentry","category-brasil","category-politica","category-ultimas"],"_links":{"self":[{"href":"https:\/\/blogfolhadocomercio.com.br\/wp\/wp-json\/wp\/v2\/posts\/355737","targetHints":{"allow":["GET"]}}],"collection":[{"href":"https:\/\/blogfolhadocomercio.com.br\/wp\/wp-json\/wp\/v2\/posts"}],"about":[{"href":"https:\/\/blogfolhadocomercio.com.br\/wp\/wp-json\/wp\/v2\/types\/post"}],"author":[{"embeddable":true,"href":"https:\/\/blogfolhadocomercio.com.br\/wp\/wp-json\/wp\/v2\/users\/1"}],"replies":[{"embeddable":true,"href":"https:\/\/blogfolhadocomercio.com.br\/wp\/wp-json\/wp\/v2\/comments?post=355737"}],"version-history":[{"count":1,"href":"https:\/\/blogfolhadocomercio.com.br\/wp\/wp-json\/wp\/v2\/posts\/355737\/revisions"}],"predecessor-version":[{"id":355739,"href":"https:\/\/blogfolhadocomercio.com.br\/wp\/wp-json\/wp\/v2\/posts\/355737\/revisions\/355739"}],"wp:featuredmedia":[{"embeddable":true,"href":"https:\/\/blogfolhadocomercio.com.br\/wp\/wp-json\/wp\/v2\/media\/355738"}],"wp:attachment":[{"href":"https:\/\/blogfolhadocomercio.com.br\/wp\/wp-json\/wp\/v2\/media?parent=355737"}],"wp:term":[{"taxonomy":"category","embeddable":true,"href":"https:\/\/blogfolhadocomercio.com.br\/wp\/wp-json\/wp\/v2\/categories?post=355737"},{"taxonomy":"post_tag","embeddable":true,"href":"https:\/\/blogfolhadocomercio.com.br\/wp\/wp-json\/wp\/v2\/tags?post=355737"}],"curies":[{"name":"wp","href":"https:\/\/api.w.org\/{rel}","templated":true}]}}