{"id":354369,"date":"2026-04-01T07:39:35","date_gmt":"2026-04-01T10:39:35","guid":{"rendered":"https:\/\/blogfolhadocomercio.com.br\/wp\/?p=354369"},"modified":"2026-04-01T07:39:35","modified_gmt":"2026-04-01T10:39:35","slug":"semana-santa-na-cidade-de-goias-conta-com-investimentos-de-r-200-mil","status":"publish","type":"post","link":"https:\/\/blogfolhadocomercio.com.br\/wp\/2026\/04\/01\/semana-santa-na-cidade-de-goias-conta-com-investimentos-de-r-200-mil\/","title":{"rendered":"Semana Santa na cidade de Goi\u00e1s conta com investimentos de R$ 200 mil"},"content":{"rendered":"<p><img decoding=\"async\" src=\"https:\/\/goias.gov.br\/wp-content\/uploads\/2026\/03\/SECULT_SEMANA_SANTA_NA_CIDADE_DE_GOIAS_FOGAREU.jpeg\" alt=\"Semana Santa na cidade de Goi\u00e1s conta com investimentos de R$ 200 mil\" \/><\/p>\n<p>Com quase tr\u00eas s\u00e9culos de tradi\u00e7\u00e3o, as celebra\u00e7\u00f5es da Semana Santa voltam a mobilizar moradores e visitantes na cidade de Goi\u00e1s em 2026.<\/p>\n<p>Neste ano, a programa\u00e7\u00e3o religiosa e cultural completa 281 anos de hist\u00f3ria na antiga capital do estado, considerada um dos principais destinos de turismo religioso do pa\u00eds.<\/p>\n<p>As atividades contam com apoio do Governo de Goi\u00e1s, por meio da Secretaria de Estado da Cultura (Secult Goi\u00e1s), que destina R$ 200 mil para a realiza\u00e7\u00e3o do evento.<\/p>\n<p>Clique no link a seguir e confira a\u00a0<a href=\"https:\/\/goias.gov.br\/cultura\/semana-santa-em-goias\/\" target=\"_blank\" rel=\"noreferrer noopener\">programa\u00e7\u00e3o completa<\/a>.<\/p>\n<p>As festividades tiveram in\u00edcio na segunda-feira (16\/03), com a Semana dos Passos, seguida pelo Seten\u00e1rio das Dores, drealizado de 22 a 28 de mar\u00e7o, com missas di\u00e1rias em diferentes igrejas da cidade.<\/p>\n<div class=\"wp-block-image\">\n<figure class=\"aligncenter size-full\"><img decoding=\"async\" class=\"wp-image-151958 lazyloaded\" src=\"https:\/\/agencia.go.gov.br\/wp-content\/uploads\/2025\/04\/Semana-Santa-cidade-de-Goias_Secult.jpg\" alt=\"Governo investe R$ 200 mil em estrutura nas celebra\u00e7\u00f5es da Semana Santa na cidade de Goi\u00e1s\" data-src=\"https:\/\/agencia.go.gov.br\/wp-content\/uploads\/2025\/04\/Semana-Santa-cidade-de-Goias_Secult.jpg\" \/><figcaption class=\"wp-element-caption\">Prociss\u00e3o do Fogar\u00e9u, encena\u00e7\u00e3o que simboliza busca e pris\u00e3o Cristo, ter\u00e1 in\u00edcio \u00e0s 23h59, de quarta-feira (1\u00ba\/04), em frente ao Museu de Arte Sacra da Boa Morte (Foto: Junior Guimar\u00e3es)<\/figcaption><\/figure>\n<\/div>\n<h2 class=\"wp-block-heading\">Semana Santa na cidade de Goi\u00e1s<\/h2>\n<p>A Prociss\u00e3o do Fogar\u00e9u, principal manifesta\u00e7\u00e3o religiosa da antiga capital goiana, ocorre na pr\u00f3xima quarta-feira (1\u00ba\/04). J\u00e1 a sa\u00edda da Folia do Divino Esp\u00edrito Santo, na Catedral de Sant\u2019Ana, ser\u00e1 nos dias 06 e 07 de abril.<\/p>\n<p>A secret\u00e1ria de Estado da Cultura, Yara Nunes, destaca a import\u00e2ncia de preservar uma das tradi\u00e7\u00f5es religiosas e culturais mais marcantes da cidade e do estado.<\/p>\n<blockquote class=\"wp-block-quote is-layout-flow wp-block-quote-is-layout-flow\"><p>\u201cAl\u00e9m de manter viva uma manifesta\u00e7\u00e3o que faz parte da identidade do povo vilaboense, a Semana Santa impulsiona o turismo e fortalece a economia local\u201d, afirma a secret\u00e1ria.<\/p><\/blockquote>\n<p>Segundo ela, o investimento do Governo de Goi\u00e1s \u00e9 fundamental para garantir a estrutura necess\u00e1ria \u00e0 realiza\u00e7\u00e3o das celebra\u00e7\u00f5es e para acolher moradores e visitantes que participam desse momento t\u00e3o significativo.<\/p>\n<p>O presidente da Organiza\u00e7\u00e3o Vilaboense de Artes e Tradi\u00e7\u00f5es (Ovat), Guilherme Ant\u00f4nio de Siqueira, explica que a Semana Santa em Goi\u00e1s se organiza em tr\u00eas dimens\u00f5es complementares.<\/p>\n<blockquote class=\"wp-block-quote is-layout-flow wp-block-quote-is-layout-flow\"><p>\u201cA lit\u00fargica, conduzida pela Igreja; a paralit\u00fargica, marcada por novenas e ora\u00e7\u00f5es; e a cultural, sob responsabilidade da Ovat, que preserva tradi\u00e7\u00f5es como a Prociss\u00e3o do Fogar\u00e9u, a dos Penitentes e o Descendimento da Cruz\u201d.<\/p><\/blockquote>\n<p>Segundo Guilherme Ant\u00f4nio, \u00e9 justamente essa integra\u00e7\u00e3o que garante que f\u00e9, mem\u00f3ria e cultura caminhem juntas e mantenham viva uma celebra\u00e7\u00e3o que atravessa s\u00e9culos de hist\u00f3ria.<\/p>\n<div class=\"wp-block-image\">\n<figure class=\"aligncenter size-full\"><img decoding=\"async\" class=\"wp-image-114129 lazyloaded\" src=\"https:\/\/agencia.go.gov.br\/wp-content\/uploads\/2024\/03\/Semana-Santa-na-cidade-de-Goias_Fogareu_Foto-Junior-Guimaraes.jpeg\" alt=\"Governo investe R$ 200 mil em estrutura nas celebra\u00e7\u00f5es da Semana Santa na cidade de Goi\u00e1s\" data-src=\"https:\/\/agencia.go.gov.br\/wp-content\/uploads\/2024\/03\/Semana-Santa-na-cidade-de-Goias_Fogareu_Foto-Junior-Guimaraes.jpeg\" \/><figcaption class=\"wp-element-caption\">Na cidade de Goi\u00e1s, f\u00e9, mem\u00f3ria e cultura caminham juntas e mant\u00eam viva celebra\u00e7\u00e3o que atravessa s\u00e9culos de hist\u00f3ria (Fotos: Hegon Correa e Junior Guimar\u00e3es)<\/figcaption><\/figure>\n<\/div>\n<h2 class=\"wp-block-heading\">Farricocos<\/h2>\n<p>A Prociss\u00e3o do Fogar\u00e9u simboliza a busca e a pris\u00e3o de Jesus Cristo.<\/p>\n<p>A encena\u00e7\u00e3o ter\u00e1 in\u00edcio \u00e0s 23h59, em frente ao Museu de Arte Sacra da Boa Morte, quando devotos vestidos com capas de diversas cores, chamados farricocos, percorrem as ruas da antiga Vila Boa carregando tochas, enquanto as luzes da cidade permanecem apagadas.<\/p>\n<h2 class=\"wp-block-heading\">Realiza\u00e7\u00e3o<\/h2>\n<p>A Semana Santa na cidade de Goi\u00e1s \u00e9 promovida pela Vener\u00e1vel Irmandade do Senhor Bom Jesus dos Passos, fundada em 1745, juntamente com:<\/p>\n<ul class=\"wp-block-list\">\n<li>Ovat,<\/li>\n<li>Catedral de Sant\u2019Ana (p\u00e1roco Augusto Cezar Pereira),<\/li>\n<li>Santu\u00e1rio de Nossa Senhora do Ros\u00e1rio (p\u00e1roco e reitor frei Cristiano Bhering)<\/li>\n<li>Par\u00f3quia de Santa Rita (p\u00e1roco Dennis Divino).<\/li>\n<\/ul>\n<p><strong>Secretaria de Estado da Cultura (Secult) \u2013 Governo de Goi\u00e1s<\/strong><\/p>\n","protected":false},"excerpt":{"rendered":"<p>Com quase tr\u00eas s\u00e9culos de tradi\u00e7\u00e3o, as celebra\u00e7\u00f5es da Semana Santa voltam a mobilizar moradores e visitantes na cidade de Goi\u00e1s em 2026. Neste ano, a programa\u00e7\u00e3o religiosa e cultural&hellip;<\/p>\n","protected":false},"author":1,"featured_media":354370,"comment_status":"closed","ping_status":"open","sticky":false,"template":"","format":"standard","meta":{"footnotes":""},"categories":[42],"tags":[],"class_list":["post-354369","post","type-post","status-publish","format-standard","has-post-thumbnail","hentry","category-ultimas"],"_links":{"self":[{"href":"https:\/\/blogfolhadocomercio.com.br\/wp\/wp-json\/wp\/v2\/posts\/354369","targetHints":{"allow":["GET"]}}],"collection":[{"href":"https:\/\/blogfolhadocomercio.com.br\/wp\/wp-json\/wp\/v2\/posts"}],"about":[{"href":"https:\/\/blogfolhadocomercio.com.br\/wp\/wp-json\/wp\/v2\/types\/post"}],"author":[{"embeddable":true,"href":"https:\/\/blogfolhadocomercio.com.br\/wp\/wp-json\/wp\/v2\/users\/1"}],"replies":[{"embeddable":true,"href":"https:\/\/blogfolhadocomercio.com.br\/wp\/wp-json\/wp\/v2\/comments?post=354369"}],"version-history":[{"count":1,"href":"https:\/\/blogfolhadocomercio.com.br\/wp\/wp-json\/wp\/v2\/posts\/354369\/revisions"}],"predecessor-version":[{"id":354371,"href":"https:\/\/blogfolhadocomercio.com.br\/wp\/wp-json\/wp\/v2\/posts\/354369\/revisions\/354371"}],"wp:featuredmedia":[{"embeddable":true,"href":"https:\/\/blogfolhadocomercio.com.br\/wp\/wp-json\/wp\/v2\/media\/354370"}],"wp:attachment":[{"href":"https:\/\/blogfolhadocomercio.com.br\/wp\/wp-json\/wp\/v2\/media?parent=354369"}],"wp:term":[{"taxonomy":"category","embeddable":true,"href":"https:\/\/blogfolhadocomercio.com.br\/wp\/wp-json\/wp\/v2\/categories?post=354369"},{"taxonomy":"post_tag","embeddable":true,"href":"https:\/\/blogfolhadocomercio.com.br\/wp\/wp-json\/wp\/v2\/tags?post=354369"}],"curies":[{"name":"wp","href":"https:\/\/api.w.org\/{rel}","templated":true}]}}