{"id":353981,"date":"2026-03-22T14:38:20","date_gmt":"2026-03-22T17:38:20","guid":{"rendered":"https:\/\/blogfolhadocomercio.com.br\/wp\/2026\/03\/22\/zema-deixa-governo-de-minas-para-disputar-presidencia-mateus-simoes-assume-cargo\/"},"modified":"2026-03-22T14:38:22","modified_gmt":"2026-03-22T17:38:22","slug":"zema-deixa-governo-de-minas-para-disputar-presidencia-mateus-simoes-assume-cargo","status":"publish","type":"post","link":"https:\/\/blogfolhadocomercio.com.br\/wp\/2026\/03\/22\/zema-deixa-governo-de-minas-para-disputar-presidencia-mateus-simoes-assume-cargo\/","title":{"rendered":"Zema deixa governo de Minas para disputar Presid\u00eancia; Mateus Sim\u00f5es assume cargo"},"content":{"rendered":"<p> <br \/>\n<\/p>\n<div id=\"\">\n<p>\n                        <strong>Elei\u00e7\u00f5es<\/strong><br \/>\n                        <!-- <small><\/small> -->\n                        <\/p>\n<h2 class=\"entry-subtitle\" itemprop=\"description\">O governador de Minas Gerais, Romeu Zema (Novo), deixou o comando do Executivo estadual neste\u2026<\/h2>\n<div class=\"entry-date\">\n<p>\n                            <time datetime=\"2026-03-22T14:14:28-03:00\">Publicado em: 22\/03\/2026 14:14<\/time><\/p>\n<p>                                                            <time datetime=\"2026-03-22T14:18:10-03:00\">\u00daltima atualiza\u00e7\u00e3o: 22\/03\/2026 14:18<\/time>\n                                                    <\/p>\n<\/p><\/div>\n<div class=\"responsive-img\">\n                                    <picture itemscope=\"\" itemtype=\"https:\/\/schema.org\/ImageObject\">\n<\/picture>\n<p>\n                                    <small>Zema e Mateus Sim\u00f5es durante cerim\u00f4nia de transmiss\u00e3o de cargo | Foto: Dirceu Aur\u00e9lio\/MG<\/small>                                    <\/p>\n<\/p><\/div>\n<div class=\"autor\">\n<div class=\"item\">\n<pre style=\"display: none\">1<\/pre>\n<pre style=\"display: none\">1<\/pre>\n<div class=\"sigla\">\n<picture>\n\t\t\t\t\t\t\t<img decoding=\"async\" loading=\"lazy\" src=\"https:\/\/uploads.maisgoias.com.br\/2025\/02\/84f2bcb3-android-chrome-192x192-1-150x150.png\" width=\"150\" height=\"150\" alt=\"Da Reda\u00e7\u00e3o\"\/>\n\t\t\t\t\t\t<\/picture>\n<\/p><\/div>\n<\/p><\/div>\n<\/div><\/div>\n<div>\n<p>O governador de Minas Gerais, Romeu Zema (Novo), deixou o comando do Executivo estadual neste domingo (22) para se dedicar \u00e0 pr\u00e9-campanha presidencial. O vice-governador Mateus Sim\u00f5es (PSD) tomou posse como novo chefe do governo mineiro.<\/p>\n<p>A cerim\u00f4nia de posse ocorreu pela manh\u00e3 na Assembleia Legislativa de Minas Gerais (ALMG). Em pronunciamento no plen\u00e1rio, Sim\u00f5es afirmou: \u201cMinas Gerais pode contar com meu tempo, meu trabalho e a minha dedica\u00e7\u00e3o integral neste per\u00edodo\u201d. O novo governador \u00e9 cotado como poss\u00edvel candidato ao Pal\u00e1cio Tiradentes nas elei\u00e7\u00f5es estaduais.<\/p>\n<p>Ap\u00f3s o ato na Assembleia, uma solenidade no Pal\u00e1cio da Liberdade, em Belo Horizonte, marcou a transfer\u00eancia simb\u00f3lica do cargo.<\/p>\n<p>Zema oficializou a pr\u00e9-candidatura \u00e0 Presid\u00eancia da Rep\u00fablica pelo Novo em agosto de 2025. Na semana passada, reafirmou a inten\u00e7\u00e3o de concorrer como cabe\u00e7a de chapa e descartou articula\u00e7\u00f5es para uma alian\u00e7a com o senador Fl\u00e1vio Bolsonaro (PL) ou com legendas da direita tradicional.<\/p>\n<p><strong>Leia tamb\u00e9m:<\/strong><\/p>\n<footer>\n<\/footer><\/div>\n<p><br \/>\n<br \/><a href=\"https:\/\/www.maisgoias.com.br\/brasil\/zema-deixa-governo-de-minas-para-disputar-presidencia\/\">Fonte https:\/\/www.maisgoias.com.br\/brasil\/zema-deixa-governo-de-minas-para-disputar-presidencia\/<\/a><\/p>\n","protected":false},"excerpt":{"rendered":"<p>Elei\u00e7\u00f5es O governador de Minas Gerais, Romeu Zema (Novo), deixou o comando do Executivo estadual neste\u2026 Publicado em: 22\/03\/2026 14:14 \u00daltima atualiza\u00e7\u00e3o: 22\/03\/2026 14:18 Zema e Mateus Sim\u00f5es durante cerim\u00f4nia&hellip;<\/p>\n","protected":false},"author":1,"featured_media":353982,"comment_status":"closed","ping_status":"open","sticky":false,"template":"","format":"standard","meta":{"footnotes":""},"categories":[34,42],"tags":[],"class_list":["post-353981","post","type-post","status-publish","format-standard","has-post-thumbnail","hentry","category-brasil","category-ultimas"],"_links":{"self":[{"href":"https:\/\/blogfolhadocomercio.com.br\/wp\/wp-json\/wp\/v2\/posts\/353981","targetHints":{"allow":["GET"]}}],"collection":[{"href":"https:\/\/blogfolhadocomercio.com.br\/wp\/wp-json\/wp\/v2\/posts"}],"about":[{"href":"https:\/\/blogfolhadocomercio.com.br\/wp\/wp-json\/wp\/v2\/types\/post"}],"author":[{"embeddable":true,"href":"https:\/\/blogfolhadocomercio.com.br\/wp\/wp-json\/wp\/v2\/users\/1"}],"replies":[{"embeddable":true,"href":"https:\/\/blogfolhadocomercio.com.br\/wp\/wp-json\/wp\/v2\/comments?post=353981"}],"version-history":[{"count":1,"href":"https:\/\/blogfolhadocomercio.com.br\/wp\/wp-json\/wp\/v2\/posts\/353981\/revisions"}],"predecessor-version":[{"id":353983,"href":"https:\/\/blogfolhadocomercio.com.br\/wp\/wp-json\/wp\/v2\/posts\/353981\/revisions\/353983"}],"wp:featuredmedia":[{"embeddable":true,"href":"https:\/\/blogfolhadocomercio.com.br\/wp\/wp-json\/wp\/v2\/media\/353982"}],"wp:attachment":[{"href":"https:\/\/blogfolhadocomercio.com.br\/wp\/wp-json\/wp\/v2\/media?parent=353981"}],"wp:term":[{"taxonomy":"category","embeddable":true,"href":"https:\/\/blogfolhadocomercio.com.br\/wp\/wp-json\/wp\/v2\/categories?post=353981"},{"taxonomy":"post_tag","embeddable":true,"href":"https:\/\/blogfolhadocomercio.com.br\/wp\/wp-json\/wp\/v2\/tags?post=353981"}],"curies":[{"name":"wp","href":"https:\/\/api.w.org\/{rel}","templated":true}]}}