{"id":353722,"date":"2026-03-11T11:09:19","date_gmt":"2026-03-11T14:09:19","guid":{"rendered":"https:\/\/blogfolhadocomercio.com.br\/wp\/2026\/03\/11\/lula-e-flavio-empatam-no-2o-turno-diz-meio-ideia-11-03-2026-politica\/"},"modified":"2026-03-11T11:09:21","modified_gmt":"2026-03-11T14:09:21","slug":"lula-e-flavio-empatam-no-2o-turno-diz-meio-ideia-11-03-2026-politica","status":"publish","type":"post","link":"https:\/\/blogfolhadocomercio.com.br\/wp\/2026\/03\/11\/lula-e-flavio-empatam-no-2o-turno-diz-meio-ideia-11-03-2026-politica\/","title":{"rendered":"Lula e Fl\u00e1vio empatam no 2\u00ba turno, diz Meio Ideia &#8211; 11\/03\/2026 &#8211; Pol\u00edtica"},"content":{"rendered":"<p> <br \/>\n<\/p>\n<div data-news-content-text=\"\" data-disable-copy=\"\" data-continue-reading=\"\" data-continue-reading-hide-others=\".js-continue-reading-hidden\" data-age-rating=\"\" itemprop=\"articleBody\">\n<p>O presidente <a href=\"https:\/\/www1.folha.uol.com.br\/folha-topicos\/lula\/\">Lula<\/a> (PT) est\u00e1 em empate t\u00e9cnico com o senador <a href=\"https:\/\/www1.folha.uol.com.br\/folha-topicos\/flavio-bolsonaro\/\">Fl\u00e1vio Bolsonaro<\/a> (PL-RJ) e o governador de S\u00e3o Paulo, <a href=\"https:\/\/www1.folha.uol.com.br\/folha-topicos\/tarcisio-de-freitas\/\">Tarc\u00edsio de Freitas<\/a> (Republicanos), em simula\u00e7\u00f5es de segundo turno para as <a href=\"https:\/\/www1.folha.uol.com.br\/folha-topicos\/eleicoes\/\">elei\u00e7\u00f5es<\/a> presidenciais de 2026, segundo pesquisa Meio Ideia divulgada nesta quarta-feira (11).<\/p>\n<p>No cen\u00e1rio de disputa entre Lula e Fl\u00e1vio, o presidente aparece com 47% das inten\u00e7\u00f5es de voto, contra 45% do senador. No confronto com Tarc\u00edsio, Lula tem 46% e o governador, 45%. A diferen\u00e7a nos dois casos est\u00e1 dentro da margem de erro de 2,5 pontos percentuais.<\/p>\n<p>A pesquisa ouviu 1.500 pessoas em todo o Brasil de sexta-feira (6) at\u00e9 esta ter\u00e7a (10), por meio de entrevistas telef\u00f4nicas. O intervalo de confian\u00e7a de 95%. O levantamento est\u00e1 registrado na Justi\u00e7a Eleitoral sob o protocolo BR-00386\/2026-Brasil.<\/p>\n<p>Nos outros cen\u00e1rios de segundo turno testados pela pesquisa, Lula aparece \u00e0 frente dos advers\u00e1rios. Ele marca 47% contra 41% de <a href=\"https:\/\/www1.folha.uol.com.br\/folha-topicos\/ratinho-jr\/\">Ratinho Jr<\/a>. (<a href=\"https:\/\/www1.folha.uol.com.br\/folha-topicos\/psd\/\">PSD<\/a>-PR), 46% contra 38% de Romeu Zema (Novo-MG), 46% contra 37% de <a href=\"https:\/\/www1.folha.uol.com.br\/folha-topicos\/ronaldo-caiado\/\">Ronaldo Caiado<\/a> (PSD-GO), 47% contra 29% de <a href=\"https:\/\/www1.folha.uol.com.br\/folha-topicos\/eduardo-leite\/\">Eduardo Leite<\/a> (PSD-RS), 47% contra 25% de Renan Santos (Miss\u00e3o) e 47% contra 19% de Aldo Rebelo (DC).<\/p>\n<p>Nos tr\u00eas cen\u00e1rios estimulados de primeiro turno em que foram testados juntos pela pesquisa, Lula e Fl\u00e1vio t\u00eam larga vantagem sobre os demais. O petista marca 40% em todos, o senador oscila entre 35% e 36%, dentro da margem de erro, e os demais ficaram abaixo de 10%.<\/p>\n<p>Ratinho Jr, Eduardo Leite, e Ronaldo Caiado aparecem com 9%, 4% e 5%, respectivamente, nas vezes em que s\u00e3o testados. Tarc\u00edsio aparece com 36% no cen\u00e1rio em que \u00e9 inserido no lugar de Fl\u00e1vio, ante 40% de Lula.<\/p>\n<p>O atual presidente \u00e9 o candidato com maior rejei\u00e7\u00e3o entre os nomes testados: 43,6% dos entrevistados dizem que n\u00e3o votariam nele de jeito nenhum. O filho de Jair Bolsonaro aparece em seguida, com 34,5%. Os demais ficam abaixo de 16%.<\/p>\n<p>Na avalia\u00e7\u00e3o geral do governo, 45,3% classificam a gest\u00e3o como ruim ou p\u00e9ssima, e 34,6% como \u00f3tima ou boa. Outros 18,3% avaliam como regular. Na aprova\u00e7\u00e3o pessoal do presidente, 50,5% desaprovam e 47,2% aprovam.<\/p>\n<p>Questionados se Lula merece continuar no cargo ap\u00f3s o fim do mandato, 50,6% disseram que n\u00e3o, contra 46,7% que responderam sim.<\/p>\n<\/p><\/div>\n<p><br \/>\n<br \/><a href=\"https:\/\/redir.folha.com.br\/redir\/online\/poder\/rss091\/*https:\/\/www1.folha.uol.com.br\/poder\/2026\/03\/lula-empata-com-flavio-e-tarcisio-no-2o-turno-aponta-pesquisa-meio-ideia.shtml\">Fonte https:\/\/redir.folha.com.br\/redir\/online\/poder\/rss091\/*https:\/\/www1.folha.uol.com.br\/poder\/2026\/03\/lula-empata-com-flavio-e-tarcisio-no-2o-turno-aponta-pesquisa-meio-ideia.shtml<\/a><\/p>\n","protected":false},"excerpt":{"rendered":"<p>O presidente Lula (PT) est\u00e1 em empate t\u00e9cnico com o senador Fl\u00e1vio Bolsonaro (PL-RJ) e o governador de S\u00e3o Paulo, Tarc\u00edsio de Freitas (Republicanos), em simula\u00e7\u00f5es de segundo turno para&hellip;<\/p>\n","protected":false},"author":1,"featured_media":353723,"comment_status":"closed","ping_status":"open","sticky":false,"template":"","format":"standard","meta":{"footnotes":""},"categories":[34,42],"tags":[],"class_list":["post-353722","post","type-post","status-publish","format-standard","has-post-thumbnail","hentry","category-brasil","category-ultimas"],"_links":{"self":[{"href":"https:\/\/blogfolhadocomercio.com.br\/wp\/wp-json\/wp\/v2\/posts\/353722","targetHints":{"allow":["GET"]}}],"collection":[{"href":"https:\/\/blogfolhadocomercio.com.br\/wp\/wp-json\/wp\/v2\/posts"}],"about":[{"href":"https:\/\/blogfolhadocomercio.com.br\/wp\/wp-json\/wp\/v2\/types\/post"}],"author":[{"embeddable":true,"href":"https:\/\/blogfolhadocomercio.com.br\/wp\/wp-json\/wp\/v2\/users\/1"}],"replies":[{"embeddable":true,"href":"https:\/\/blogfolhadocomercio.com.br\/wp\/wp-json\/wp\/v2\/comments?post=353722"}],"version-history":[{"count":1,"href":"https:\/\/blogfolhadocomercio.com.br\/wp\/wp-json\/wp\/v2\/posts\/353722\/revisions"}],"predecessor-version":[{"id":353724,"href":"https:\/\/blogfolhadocomercio.com.br\/wp\/wp-json\/wp\/v2\/posts\/353722\/revisions\/353724"}],"wp:featuredmedia":[{"embeddable":true,"href":"https:\/\/blogfolhadocomercio.com.br\/wp\/wp-json\/wp\/v2\/media\/353723"}],"wp:attachment":[{"href":"https:\/\/blogfolhadocomercio.com.br\/wp\/wp-json\/wp\/v2\/media?parent=353722"}],"wp:term":[{"taxonomy":"category","embeddable":true,"href":"https:\/\/blogfolhadocomercio.com.br\/wp\/wp-json\/wp\/v2\/categories?post=353722"},{"taxonomy":"post_tag","embeddable":true,"href":"https:\/\/blogfolhadocomercio.com.br\/wp\/wp-json\/wp\/v2\/tags?post=353722"}],"curies":[{"name":"wp","href":"https:\/\/api.w.org\/{rel}","templated":true}]}}