{"id":353695,"date":"2026-03-08T08:15:24","date_gmt":"2026-03-08T11:15:24","guid":{"rendered":"https:\/\/blogfolhadocomercio.com.br\/wp\/2026\/03\/08\/governo-atrasa-aumento-do-biodiesel-em-combustivel-08-03-2026-painel\/"},"modified":"2026-03-08T08:15:27","modified_gmt":"2026-03-08T11:15:27","slug":"governo-atrasa-aumento-do-biodiesel-em-combustivel-08-03-2026-painel","status":"publish","type":"post","link":"https:\/\/blogfolhadocomercio.com.br\/wp\/2026\/03\/08\/governo-atrasa-aumento-do-biodiesel-em-combustivel-08-03-2026-painel\/","title":{"rendered":"Governo atrasa aumento do biodiesel em combust\u00edvel &#8211; 08\/03\/2026 &#8211; Painel"},"content":{"rendered":"<p> <br \/>\n<\/p>\n<div xmlns:default=\"http:\/\/www.w3.org\/2000\/svg\" xmlns:default1=\"\/\/www.w3.org\/2000\/svg\" data-news-content-text=\"\" data-disable-copy=\"\" data-continue-reading=\"\" data-continue-reading-hide-others=\".js-continue-reading-hidden\" data-age-rating=\"\" itemprop=\"articleBody\">\n<p>A mistura do biodiesel no <a href=\"https:\/\/www1.folha.uol.com.br\/folha-topicos\/diesel\/\">diesel<\/a> deveria ter aumentado de 15 para 16% no dia 1\u00ba de mar\u00e7o. Mas, para come\u00e7ar a valer, a medida ainda depende de aprova\u00e7\u00e3o do Conselho Nacional de Pol\u00edtica Energ\u00e9tica, o CNPE, vinculado ao Minist\u00e9rio de Minas e Energia.<\/p>\n<p>O conograma previsto \u00e9 que, a partir deste ano, a mistura suba 1% a cada ano at\u00e9 atingir 20% em 2030.<br \/>A implementa\u00e7\u00e3o, no entanto, est\u00e1 atrasada. No ano passado, aconteceu o mesmo e <a href=\"https:\/\/www1.folha.uol.com.br\/mercado\/2025\/02\/governo-trava-aumento-de-mistura-de-biodiesel-no-diesel-para-conter-preco-dos-alimentos.shtml\" rel=\"\" target=\"\">a mudan\u00e7a para o B15 s\u00f3 entrou em vigor em agosto.<\/a><\/p>\n<p><a href=\"https:\/\/www1.folha.uol.com.br\/mercado\/2026\/03\/guerra-no-ira-ja-comeca-a-impactar-preco-dos-combustiveis-no-pais.shtml\" rel=\"\" target=\"\">Em meio \u00e0 guerra no Ir\u00e3, <\/a>parlamentares ligados ao agro t\u00eam cobrado o governo federal. O temor \u00e9 que o pre\u00e7o dos combust\u00edveis dispare em todo o mundo. E o atraso no aumento da mistura eleve ainda mais a infla\u00e7\u00e3o no Brasil.<\/p>\n<p>A Frente Parlamentar Mista do Biodiesel diz que o cen\u00e1rio \u00e9 de redu\u00e7\u00e3o no pre\u00e7o do <a href=\"https:\/\/www1.folha.uol.com.br\/folha-topicos\/biocombustivel\/\">biocombust\u00edvel<\/a>, n\u00e3o s\u00f3 pelo conflito no Oriente M\u00e9dio, mas tamb\u00e9m pela previs\u00e3o de safra recorde de soja neste ano.<\/p>\n<p>&#8220;Portanto, a ado\u00e7\u00e3o do B16 n\u00e3o ter\u00e1 efeito inflacion\u00e1rio na revenda dos combust\u00edveis e nem no IPCA&#8221;, diz a Frente.<\/p>\n<p>Apesar disso, a presidente da <a href=\"https:\/\/www1.folha.uol.com.br\/folha-topicos\/petrobras\/\">Petrobras<\/a>, Magda Chambriard, <a href=\"https:\/\/www1.folha.uol.com.br\/mercado\/2026\/03\/presidente-da-petrobras-descarta-reajuste-imediato-nos-combustiveis.shtml\" rel=\"\" target=\"\">descartou um reajuste imediato nos pre\u00e7os.<\/a><\/p>\n<p>A press\u00e3o tamb\u00e9m \u00e9 feita pela Confedera\u00e7\u00e3o da Agricultura e Pecu\u00e1ria, que enviou um of\u00edcio ao MME, nesta sexta (6), cobrando o aumento urgente da mistura obrigat\u00f3ria dos atuais 15% para 17%.<\/p>\n<p>A entidade diz que o atraso da implementa\u00e7\u00e3o do B16 j\u00e1 \u00e9 um fator de redu\u00e7\u00e3o do potencial de amortecimento de crises.<\/p>\n<p>&#8220;No novo quadro da geopol\u00edtica mundial, o avan\u00e7o imediato para 17% surge como medida razo\u00e1vel para a realidade nacional&#8221;, disse o presidente da CNA, Jo\u00e3o Martins.<\/p>\n<p>Procurado pelo Painel, o Minist\u00e9rio de Minas e Energia n\u00e3o se manifestou.<\/p>\n<\/p><\/div>\n<div>\n<p class=\"c-context__content\">\n    <strong>LINK PRESENTE:<\/strong> Gostou deste texto? Assinante pode liberar sete acessos gratuitos de qualquer link por dia. Basta clicar no F azul abaixo.\n  <\/p>\n<\/div>\n<p><br \/>\n<br \/><a href=\"https:\/\/redir.folha.com.br\/redir\/online\/poder\/rss091\/*https:\/\/www1.folha.uol.com.br\/colunas\/painel\/2026\/03\/governo-federal-atrasa-aumento-do-biodiesel-em-combustivel-e-ignora-pressao-do-agro.shtml\">Fonte https:\/\/redir.folha.com.br\/redir\/online\/poder\/rss091\/*https:\/\/www1.folha.uol.com.br\/colunas\/painel\/2026\/03\/governo-federal-atrasa-aumento-do-biodiesel-em-combustivel-e-ignora-pressao-do-agro.shtml<\/a><\/p>\n","protected":false},"excerpt":{"rendered":"<p>A mistura do biodiesel no diesel deveria ter aumentado de 15 para 16% no dia 1\u00ba de mar\u00e7o. Mas, para come\u00e7ar a valer, a medida ainda depende de aprova\u00e7\u00e3o do&hellip;<\/p>\n","protected":false},"author":1,"featured_media":353696,"comment_status":"closed","ping_status":"open","sticky":false,"template":"","format":"standard","meta":{"footnotes":""},"categories":[34,35,42],"tags":[],"class_list":["post-353695","post","type-post","status-publish","format-standard","has-post-thumbnail","hentry","category-brasil","category-politica","category-ultimas"],"_links":{"self":[{"href":"https:\/\/blogfolhadocomercio.com.br\/wp\/wp-json\/wp\/v2\/posts\/353695","targetHints":{"allow":["GET"]}}],"collection":[{"href":"https:\/\/blogfolhadocomercio.com.br\/wp\/wp-json\/wp\/v2\/posts"}],"about":[{"href":"https:\/\/blogfolhadocomercio.com.br\/wp\/wp-json\/wp\/v2\/types\/post"}],"author":[{"embeddable":true,"href":"https:\/\/blogfolhadocomercio.com.br\/wp\/wp-json\/wp\/v2\/users\/1"}],"replies":[{"embeddable":true,"href":"https:\/\/blogfolhadocomercio.com.br\/wp\/wp-json\/wp\/v2\/comments?post=353695"}],"version-history":[{"count":1,"href":"https:\/\/blogfolhadocomercio.com.br\/wp\/wp-json\/wp\/v2\/posts\/353695\/revisions"}],"predecessor-version":[{"id":353697,"href":"https:\/\/blogfolhadocomercio.com.br\/wp\/wp-json\/wp\/v2\/posts\/353695\/revisions\/353697"}],"wp:featuredmedia":[{"embeddable":true,"href":"https:\/\/blogfolhadocomercio.com.br\/wp\/wp-json\/wp\/v2\/media\/353696"}],"wp:attachment":[{"href":"https:\/\/blogfolhadocomercio.com.br\/wp\/wp-json\/wp\/v2\/media?parent=353695"}],"wp:term":[{"taxonomy":"category","embeddable":true,"href":"https:\/\/blogfolhadocomercio.com.br\/wp\/wp-json\/wp\/v2\/categories?post=353695"},{"taxonomy":"post_tag","embeddable":true,"href":"https:\/\/blogfolhadocomercio.com.br\/wp\/wp-json\/wp\/v2\/tags?post=353695"}],"curies":[{"name":"wp","href":"https:\/\/api.w.org\/{rel}","templated":true}]}}