{"id":353692,"date":"2026-03-07T21:33:27","date_gmt":"2026-03-08T00:33:27","guid":{"rendered":"https:\/\/blogfolhadocomercio.com.br\/wp\/2026\/03\/07\/caiado-participa-de-filiacoes-do-psd-no-interior-de-sao-paulo\/"},"modified":"2026-03-07T21:33:28","modified_gmt":"2026-03-08T00:33:28","slug":"caiado-participa-de-filiacoes-do-psd-no-interior-de-sao-paulo","status":"publish","type":"post","link":"https:\/\/blogfolhadocomercio.com.br\/wp\/2026\/03\/07\/caiado-participa-de-filiacoes-do-psd-no-interior-de-sao-paulo\/","title":{"rendered":"Caiado participa de filia\u00e7\u00f5es do PSD no interior de S\u00e3o Paulo"},"content":{"rendered":"<p> <br \/>\n<\/p>\n<div id=\"\">\n<p>\n                        <strong>COLUNA DO JO\u00c3O BOSCO BITTENCOURT <\/strong><br \/>\n                        <!-- <small><\/small> -->\n                        <\/p>\n<h2 class=\"entry-subtitle\" itemprop=\"description\">A agenda ocorreu ap\u00f3s debate entre presidenci\u00e1veis da sigla realizado na capital paulista <\/h2>\n<div class=\"entry-date\">\n<p>\n                            <time datetime=\"2026-03-07T20:07:06-03:00\">Publicado em: 07\/03\/2026 20:07<\/time><\/p>\n<\/p><\/div>\n<div class=\"responsive-img\">\n                                    <picture itemscope=\"\" itemtype=\"https:\/\/schema.org\/ImageObject\">\n<\/picture>\n<p>\n                                    <small>Caiado: \u201cdebatemos o que temos feito em nossos estados e o que queremos para o Brasil do futuro\u201d (foto divulga\u00e7\u00e3o)<\/small>                                    <\/p>\n<\/p><\/div>\n<div class=\"autor\">\n<div class=\"item\">\n<pre style=\"display: none\">1<\/pre>\n<pre style=\"display: none\">1<\/pre>\n<div class=\"sigla\">\n<picture>\n\t\t\t\t\t\t\t<img decoding=\"async\" loading=\"lazy\" src=\"https:\/\/uploads.maisgoias.com.br\/2023\/03\/bef3cb69-joao-bosco.jpg\" width=\"150\" height=\"150\" alt=\"Jo\u00e3o Bosco Bittencourt\"\/>\n\t\t\t\t\t\t<\/picture>\n<\/p><\/div>\n<\/p><\/div>\n<\/div><\/div>\n<div>\n<p>O governador de Goi\u00e1s e pr\u00e9-candidato \u00e0 Presid\u00eancia da Rep\u00fablica, Ronaldo Caiado (PSD), participou neste s\u00e1bado (7\/3) de atos de filia\u00e7\u00e3o ao Partido Social Democr\u00e1tico em cidades do interior de S\u00e3o Paulo. A agenda ocorreu ap\u00f3s debate entre presidenci\u00e1veis da sigla realizado na capital paulista na sexta-feira (6\/3).<\/p>\n<p>As atividades foram conduzidas pelo presidente nacional do partido, Gilberto Kassab. Em Sorocaba, Caiado acompanhou a filia\u00e7\u00e3o do deputado federal Vitor Lippi e da deputada estadual Maria L\u00facia Amary. \u201cAl\u00e9m dos parlamentares, tamb\u00e9m recepcionamos no PSD as importantes lideran\u00e7as de Sorocaba: Analice Fernandes, Barros Munhoz, Carl\u00e3o Pignatari, Dirceu Dalben, M\u00e1rcio Nakashima, Rog\u00e9rio Nogueira, Coronel Helena Reis e Ricardo Tripoli\u201d, afirmou.<\/p>\n<p>Em Itapevi, o governador participou de encontro com integrantes da sigla para discutir propostas e estrat\u00e9gias pol\u00edticas. \u201cNo encontro, debatemos o que temos feito em nossos estados e o que queremos para o Brasil do futuro\u201d, disse. No munic\u00edpio, Caiado tamb\u00e9m acompanhou a filia\u00e7\u00e3o do ex-prefeito Igor Soares, que deixou o PL.<\/p>\n<p>A agenda foi encerrada em Presidente Prudente, onde ocorreu a filia\u00e7\u00e3o do deputado Mauro Bragatto, que estava no PSDB. \u201cPor aqui seguimos dialogando, apresentando ideias e construindo caminhos para um Brasil que precisa de responsabilidade, coragem e boa gest\u00e3o\u201d, declarou.<\/p>\n<p>O PSD deve definir nos pr\u00f3ximos dias qual dos tr\u00eas governadores ser\u00e1 o candidato do partido \u00e0 Presid\u00eancia da Rep\u00fablica. O prazo para a escolha termina em 15 de abril.<\/p>\n<footer>\n<\/footer><\/div>\n<p><br \/>\n<br \/><a href=\"https:\/\/www.maisgoias.com.br\/politica\/caiado-participa-de-filiacoes-do-psd-no-interior-de-sao-paulo\/\">Fonte https:\/\/www.maisgoias.com.br\/politica\/caiado-participa-de-filiacoes-do-psd-no-interior-de-sao-paulo\/<\/a><\/p>\n","protected":false},"excerpt":{"rendered":"<p>COLUNA DO JO\u00c3O BOSCO BITTENCOURT A agenda ocorreu ap\u00f3s debate entre presidenci\u00e1veis da sigla realizado na capital paulista Publicado em: 07\/03\/2026 20:07 Caiado: \u201cdebatemos o que temos feito em nossos&hellip;<\/p>\n","protected":false},"author":1,"featured_media":353693,"comment_status":"closed","ping_status":"open","sticky":false,"template":"","format":"standard","meta":{"footnotes":""},"categories":[34,1,42],"tags":[],"class_list":["post-353692","post","type-post","status-publish","format-standard","has-post-thumbnail","hentry","category-brasil","category-cidades","category-ultimas"],"_links":{"self":[{"href":"https:\/\/blogfolhadocomercio.com.br\/wp\/wp-json\/wp\/v2\/posts\/353692","targetHints":{"allow":["GET"]}}],"collection":[{"href":"https:\/\/blogfolhadocomercio.com.br\/wp\/wp-json\/wp\/v2\/posts"}],"about":[{"href":"https:\/\/blogfolhadocomercio.com.br\/wp\/wp-json\/wp\/v2\/types\/post"}],"author":[{"embeddable":true,"href":"https:\/\/blogfolhadocomercio.com.br\/wp\/wp-json\/wp\/v2\/users\/1"}],"replies":[{"embeddable":true,"href":"https:\/\/blogfolhadocomercio.com.br\/wp\/wp-json\/wp\/v2\/comments?post=353692"}],"version-history":[{"count":1,"href":"https:\/\/blogfolhadocomercio.com.br\/wp\/wp-json\/wp\/v2\/posts\/353692\/revisions"}],"predecessor-version":[{"id":353694,"href":"https:\/\/blogfolhadocomercio.com.br\/wp\/wp-json\/wp\/v2\/posts\/353692\/revisions\/353694"}],"wp:featuredmedia":[{"embeddable":true,"href":"https:\/\/blogfolhadocomercio.com.br\/wp\/wp-json\/wp\/v2\/media\/353693"}],"wp:attachment":[{"href":"https:\/\/blogfolhadocomercio.com.br\/wp\/wp-json\/wp\/v2\/media?parent=353692"}],"wp:term":[{"taxonomy":"category","embeddable":true,"href":"https:\/\/blogfolhadocomercio.com.br\/wp\/wp-json\/wp\/v2\/categories?post=353692"},{"taxonomy":"post_tag","embeddable":true,"href":"https:\/\/blogfolhadocomercio.com.br\/wp\/wp-json\/wp\/v2\/tags?post=353692"}],"curies":[{"name":"wp","href":"https:\/\/api.w.org\/{rel}","templated":true}]}}