{"id":353317,"date":"2026-02-23T11:21:32","date_gmt":"2026-02-23T14:21:32","guid":{"rendered":"https:\/\/blogfolhadocomercio.com.br\/wp\/?p=353317"},"modified":"2026-02-23T11:21:32","modified_gmt":"2026-02-23T14:21:32","slug":"prefeitura-comunica-suspensao-temporaria-do-concurso-da-saude","status":"publish","type":"post","link":"https:\/\/blogfolhadocomercio.com.br\/wp\/2026\/02\/23\/prefeitura-comunica-suspensao-temporaria-do-concurso-da-saude\/","title":{"rendered":"Prefeitura comunica suspens\u00e3o tempor\u00e1ria do concurso da Sa\u00fade"},"content":{"rendered":"<p><img decoding=\"async\" src=\"https:\/\/www.catalao.go.gov.br\/storage\/publications\/c5df2c844f98cf3bba732a178085c6b0.jpg\" alt=\"Prefeitura comunica suspens\u00e3o tempor\u00e1ria do concurso da Sa\u00fade\" \/><\/p>\n<div class=\"news-content-view\">\n<div class=\"mt-5 news-content-complete\">\n<p>A Prefeitura de Catal\u00e3o, por meio do Fundo Municipal de Sa\u00fade e da Comiss\u00e3o Especial de Fiscaliza\u00e7\u00e3o do Concurso P\u00fablico, informa a suspens\u00e3o tempor\u00e1ria do cronograma de atividades do Concurso P\u00fablico n\u00ba 03\/2025.<\/p>\n<p>A medida atende a uma decis\u00e3o judicial em car\u00e1ter liminar, proferida pela Vara de Fazendas P\u00fablicas Municipal da Comarca de Catal\u00e3o (Processo n\u00ba 6068577-38.2025.8.09.0029). A suspens\u00e3o visa assegurar a total regularidade, transpar\u00eancia e legalidade do certame, respeitando os direitos dos candidatos e a correta gest\u00e3o p\u00fablica.<\/p>\n<p>As atividades do concurso permanecer\u00e3o suspensas at\u00e9 que as determina\u00e7\u00f5es judiciais sejam integralmente cumpridas ou que haja nova delibera\u00e7\u00e3o do Poder Judici\u00e1rio.<\/p>\n<p>A administra\u00e7\u00e3o municipal refor\u00e7a que o acompanhamento das atualiza\u00e7\u00f5es \u00e9 de responsabilidade dos candidatos e deve ser feito exclusivamente pelos canais oficiais: o site da Funda\u00e7\u00e3o Aroeira (www.aroeira.org.br) e o portal oficial da Prefeitura de Catal\u00e3o (www.catalao.go.gov.br).<\/p>\n<p>&nbsp;<\/p>\n<\/div>\n<\/div>\n","protected":false},"excerpt":{"rendered":"<p>A Prefeitura de Catal\u00e3o, por meio do Fundo Municipal de Sa\u00fade e da Comiss\u00e3o Especial de Fiscaliza\u00e7\u00e3o do Concurso P\u00fablico, informa a suspens\u00e3o tempor\u00e1ria do cronograma de atividades do Concurso&hellip;<\/p>\n","protected":false},"author":1,"featured_media":353318,"comment_status":"closed","ping_status":"open","sticky":false,"template":"","format":"standard","meta":{"footnotes":""},"categories":[42],"tags":[],"class_list":["post-353317","post","type-post","status-publish","format-standard","has-post-thumbnail","hentry","category-ultimas"],"_links":{"self":[{"href":"https:\/\/blogfolhadocomercio.com.br\/wp\/wp-json\/wp\/v2\/posts\/353317","targetHints":{"allow":["GET"]}}],"collection":[{"href":"https:\/\/blogfolhadocomercio.com.br\/wp\/wp-json\/wp\/v2\/posts"}],"about":[{"href":"https:\/\/blogfolhadocomercio.com.br\/wp\/wp-json\/wp\/v2\/types\/post"}],"author":[{"embeddable":true,"href":"https:\/\/blogfolhadocomercio.com.br\/wp\/wp-json\/wp\/v2\/users\/1"}],"replies":[{"embeddable":true,"href":"https:\/\/blogfolhadocomercio.com.br\/wp\/wp-json\/wp\/v2\/comments?post=353317"}],"version-history":[{"count":1,"href":"https:\/\/blogfolhadocomercio.com.br\/wp\/wp-json\/wp\/v2\/posts\/353317\/revisions"}],"predecessor-version":[{"id":353319,"href":"https:\/\/blogfolhadocomercio.com.br\/wp\/wp-json\/wp\/v2\/posts\/353317\/revisions\/353319"}],"wp:featuredmedia":[{"embeddable":true,"href":"https:\/\/blogfolhadocomercio.com.br\/wp\/wp-json\/wp\/v2\/media\/353318"}],"wp:attachment":[{"href":"https:\/\/blogfolhadocomercio.com.br\/wp\/wp-json\/wp\/v2\/media?parent=353317"}],"wp:term":[{"taxonomy":"category","embeddable":true,"href":"https:\/\/blogfolhadocomercio.com.br\/wp\/wp-json\/wp\/v2\/categories?post=353317"},{"taxonomy":"post_tag","embeddable":true,"href":"https:\/\/blogfolhadocomercio.com.br\/wp\/wp-json\/wp\/v2\/tags?post=353317"}],"curies":[{"name":"wp","href":"https:\/\/api.w.org\/{rel}","templated":true}]}}