{"id":352530,"date":"2026-01-19T15:18:21","date_gmt":"2026-01-19T18:18:21","guid":{"rendered":"https:\/\/blogfolhadocomercio.com.br\/wp\/2026\/01\/19\/problema-da-divida-publica-esta-nos-juros-nao-no-deficit-diz-haddad\/"},"modified":"2026-01-19T15:18:22","modified_gmt":"2026-01-19T18:18:22","slug":"problema-da-divida-publica-esta-nos-juros-nao-no-deficit-diz-haddad","status":"publish","type":"post","link":"https:\/\/blogfolhadocomercio.com.br\/wp\/2026\/01\/19\/problema-da-divida-publica-esta-nos-juros-nao-no-deficit-diz-haddad\/","title":{"rendered":"Problema da d\u00edvida p\u00fablica est\u00e1 nos juros, n\u00e3o no d\u00e9ficit, diz Haddad"},"content":{"rendered":"<p> <br \/>\n<\/p>\n<div>\n<p><strong>O ministro da Fazenda, Fernando Haddad, defendeu nesta segunda-feira (19) que o\u00a0problema da d\u00edvida p\u00fablica brasileira decorre\u00a0do patamar elevado dos juros reais da economia [taxa nominal descontada a infla\u00e7\u00e3o] e n\u00e3o do excesso de gastos p\u00fablicos.<\/strong><img decoding=\"async\" src=\"https:\/\/agenciabrasil.ebc.com.br\/ebc.gif?id=1675353&#038;o=node\" style=\"width:1px; height:1px; display:inline;\"\/><\/p>\n<blockquote>\n<p>\u201cEm dois anos, n\u00f3s reduzimos em 70% o d\u00e9ficit prim\u00e1rio. O problema da d\u00edvida tem a ver com o juro real, n\u00e3o tem a ver com o d\u00e9ficit, que est\u00e1 caindo&#8221;, pontuou, em\u00a0entrevista ao programa UOL News.\u00a0<\/p>\n<\/blockquote>\n<p>&#8220;Inclusive, a meta para esse ano \u00e9 uma meta ainda mais exigente de resultado prim\u00e1rio do que foi o ano passado, do que foi o ano retrasado e do que foi o primeiro ano de governo. N\u00f3s estamos subindo o sarrafo das exig\u00eancias\u201d, acrescentou\u00a0o ministro.<\/p>\n<p>De acordo com Haddad, mesmo considerando todas as exce\u00e7\u00f5es fiscais, com\u00a0o ressarcimento dos descontos indevidos dos trabalhadores do INSS, o d\u00e9ficit do ano passado ficou em 0,48% do Produto Interno Bruto (PIB), o que demonstraria, em sua vis\u00e3o, que o problema n\u00e3o \u00e9 o d\u00e9ficit.<\/p>\n<p>\u201cSe voc\u00ea pegar o d\u00e9ficit projetado para 2023 do [governo Jair] Bolsonaro, dividindo pelo PIB do ano, voc\u00ea tem um d\u00e9ficit superior a 1,6% do PIB. E quanto foi o d\u00e9ficit do ano passado, considerando todas as exce\u00e7\u00f5es? Foi de 0,48%, isso considerando todas as exce\u00e7\u00f5es como o Plano Brasil Soberano, por causa do tarifa\u00e7o, e a quest\u00e3o do INSS, que n\u00f3s devolvemos dinheiro para os lesados pela quadrilha que se apropriou do INSS\u201d.<\/p>\n<h2>Queda de juros<\/h2>\n<p><strong>Na\u00a0entrevista ao\u00a0Uol News,\u00a0o ministro defendeu que h\u00e1 espa\u00e7o para que a taxa b\u00e1sica de juros, a Selic, atualmente estabelecida em 15%, seja reduzida. \u201c\u00d3bvio que, quando me perguntam [sobre esse tema], eu falo que tem espa\u00e7o para cortar [os juros] porque eu acho que tem.\u201d<\/strong><\/p>\n<p>Mesmo defendendo essa redu\u00e7\u00e3o, Haddad fez elogios \u00e0 atua\u00e7\u00e3o de Gabriel Gal\u00edpolo na presid\u00eancia do Banco Central. Para o ministro, o\u00a0presidente do BC enfrenta\u00a0uma s\u00e9rie de problemas, como o esc\u00e2ndalo do Banco Master, e est\u00e1 sabendo como conduzir essas quest\u00f5es. &#8220;Eu dizia que ele herdou um problema que s\u00f3 vai ser conhecido depois. Ele herdou um problema que \u00e9 o Banco Master, todo ele constitu\u00eddo na gest\u00e3o anterior. O Banco Master n\u00e3o aconteceu na gest\u00e3o atual, o Gal\u00edpolo descascou um abacaxi. E descascou o abacaxi com responsabilidade\u201d, elogiou\u00a0o ministro.<\/p>\n<p><strong>Ao elogiar Gal\u00edpolo, principalmente com rela\u00e7\u00e3o ao esc\u00e2ndalo do Banco Master, Haddad destacou que o BC deveria assumir a fiscaliza\u00e7\u00e3o dos fundos de investimentos, tarefa que atualmente \u00e9 exercida pela Comiss\u00e3o de Valores Mobili\u00e1rios (CVM). <\/strong><\/p>\n<p>O ministro disse que apresentou\u00a0uma proposta, que est\u00e1 sendo discutida no \u00e2mbito do Executivo, para ampliar o per\u00edmetro regulat\u00f3rio do Banco Central.<\/p>\n<p>&#8220;Tem muita coisa que deveria estar no \u00e2mbito do Banco Central e que est\u00e1 no \u00e2mbito da CVM, na minha opini\u00e3o, equivocadamente. O Banco Central tem que ampliar o seu per\u00edmetro regulat\u00f3rio e passar a fiscalizar os fundos.&#8221;.<\/p>\n<p>Para o ministro, h\u00e1 uma intersec\u00e7\u00e3o muito grande entre fundos e\u00a0finan\u00e7as. o que\u00a0impacta\u00a0at\u00e9 sobre a contabilidade p\u00fablica, por exemplo. &#8220;A conta remunerada, as compromissadas, tudo isso tem rela\u00e7\u00e3o com a contabilidade p\u00fablica\u201d, disse.<\/p>\n<h2>Taxad<\/h2>\n<p><strong>Questionado durante a entrevista sobre um apelido que lhe deram nas redes sociais, onde vem sendo chamado de Taxad por causa do aumento de tributos, Haddad respondeu que n\u00e3o se importa com isso e que fica feliz em ser lembrado como o ministro que taxou os mais ricos.<\/strong><\/p>\n<blockquote>\n<p>&#8220;Fico muito feliz de ser lembrado como o \u00fanico ministro da Fazenda dos \u00faltimos 30 anos que taxou offshore, que taxou fundo familiar fechado, que taxou para\u00edso fiscal e que taxou dividendo. A taxa\u00e7\u00e3o BBB saiu do papel: banco, bet e bilion\u00e1rio foram taxados. Ent\u00e3o, eu assumo que essa turma que n\u00e3o pagava imposto, sim, voltou a pagar.\u201d<\/p>\n<\/blockquote>\n<h2>Economia e elei\u00e7\u00f5es<\/h2>\n<p><strong>Durante a entrevista, o ministro disse ainda que a economia n\u00e3o ser\u00e1 um fator decisivo para as pr\u00f3ximas elei\u00e7\u00f5es presidenciais no pa\u00eds \u2013 e nem mesmo no restante do mundo.<\/strong><\/p>\n<blockquote>\n<p>&#8220;A economia no mundo inteiro est\u00e1 sendo um elemento muito importante, mas n\u00e3o necessariamente decisivo para ganhar ou perder uma elei\u00e7\u00e3o&#8221;, afirmou o ministro.<\/p>\n<\/blockquote>\n<p><strong>Segundo ele, pesquisas tem apontados outros temas entre os temores nacionais, tais como seguran\u00e7a p\u00fablica e combate \u00e0 corrup\u00e7\u00e3o.<\/strong><\/p>\n<p>Haddad tamb\u00e9m disse que n\u00e3o pretende se candidatar a qualquer cargo p\u00fablico nas pr\u00f3ximas elei\u00e7\u00f5es e que vem conversando sobre isso com o presidente Luiz In\u00e1cio Lula da Silva, mas que essa quest\u00e3o ainda n\u00e3o foi definida.<\/p>\n<p>      <!-- Relacionada --><\/p>\n<p>            <!-- Relacionada -->\n    <\/div>\n<p><br \/>\n<br \/><a href=\"https:\/\/agenciabrasil.ebc.com.br\/politica\/noticia\/2026-01\/problema-da-divida-publica-esta-nos-juros-nao-no-deficit-diz-haddad\">Fonte https:\/\/agenciabrasil.ebc.com.br\/politica\/noticia\/2026-01\/problema-da-divida-publica-esta-nos-juros-nao-no-deficit-diz-haddad<\/a><\/p>\n","protected":false},"excerpt":{"rendered":"<p>O ministro da Fazenda, Fernando Haddad, defendeu nesta segunda-feira (19) que o\u00a0problema da d\u00edvida p\u00fablica brasileira decorre\u00a0do patamar elevado dos juros reais da economia [taxa nominal descontada a infla\u00e7\u00e3o] e&hellip;<\/p>\n","protected":false},"author":1,"featured_media":352531,"comment_status":"closed","ping_status":"open","sticky":false,"template":"","format":"standard","meta":{"footnotes":""},"categories":[34,43,42],"tags":[],"class_list":["post-352530","post","type-post","status-publish","format-standard","has-post-thumbnail","hentry","category-brasil","category-economia","category-ultimas"],"_links":{"self":[{"href":"https:\/\/blogfolhadocomercio.com.br\/wp\/wp-json\/wp\/v2\/posts\/352530","targetHints":{"allow":["GET"]}}],"collection":[{"href":"https:\/\/blogfolhadocomercio.com.br\/wp\/wp-json\/wp\/v2\/posts"}],"about":[{"href":"https:\/\/blogfolhadocomercio.com.br\/wp\/wp-json\/wp\/v2\/types\/post"}],"author":[{"embeddable":true,"href":"https:\/\/blogfolhadocomercio.com.br\/wp\/wp-json\/wp\/v2\/users\/1"}],"replies":[{"embeddable":true,"href":"https:\/\/blogfolhadocomercio.com.br\/wp\/wp-json\/wp\/v2\/comments?post=352530"}],"version-history":[{"count":1,"href":"https:\/\/blogfolhadocomercio.com.br\/wp\/wp-json\/wp\/v2\/posts\/352530\/revisions"}],"predecessor-version":[{"id":352532,"href":"https:\/\/blogfolhadocomercio.com.br\/wp\/wp-json\/wp\/v2\/posts\/352530\/revisions\/352532"}],"wp:featuredmedia":[{"embeddable":true,"href":"https:\/\/blogfolhadocomercio.com.br\/wp\/wp-json\/wp\/v2\/media\/352531"}],"wp:attachment":[{"href":"https:\/\/blogfolhadocomercio.com.br\/wp\/wp-json\/wp\/v2\/media?parent=352530"}],"wp:term":[{"taxonomy":"category","embeddable":true,"href":"https:\/\/blogfolhadocomercio.com.br\/wp\/wp-json\/wp\/v2\/categories?post=352530"},{"taxonomy":"post_tag","embeddable":true,"href":"https:\/\/blogfolhadocomercio.com.br\/wp\/wp-json\/wp\/v2\/tags?post=352530"}],"curies":[{"name":"wp","href":"https:\/\/api.w.org\/{rel}","templated":true}]}}