{"id":350811,"date":"2025-12-22T07:31:52","date_gmt":"2025-12-22T10:31:52","guid":{"rendered":"https:\/\/blogfolhadocomercio.com.br\/wp\/?p=350811"},"modified":"2025-12-22T07:31:52","modified_gmt":"2025-12-22T10:31:52","slug":"ipva-2026-tem-8-de-desconto-para-pagamento-a-vista-em-janeiro","status":"publish","type":"post","link":"https:\/\/blogfolhadocomercio.com.br\/wp\/2025\/12\/22\/ipva-2026-tem-8-de-desconto-para-pagamento-a-vista-em-janeiro\/","title":{"rendered":"IPVA 2026 tem 8% de desconto para pagamento \u00e0 vista em janeiro"},"content":{"rendered":"<p><img decoding=\"async\" src=\"https:\/\/agenciacoradenoticias.go.gov.br\/wp-content\/uploads\/2025\/12\/ECONOMIA_GOVERNO_MANTEM_CALENDARIO_DO_IPVA_2026_E_CONCEDE_8_POR_CENTO_PARA_PAGAMENTO_A_VISTA_CARROS_NA_RUA-1215x911.jpeg\" alt=\"Governo de Goi\u00e1s mant\u00e9m calend\u00e1rio do IPVA 2026 e concede 8% para pagamento \u00e0 vista\" \/><\/p>\n<section id=\"g-container-main\" class=\"g-wrapper\">\n<div class=\"g-container\">\n<div class=\"g-grid\">\n<div class=\"g-block size-100\"><main id=\"g-main\"><\/p>\n<div class=\"g-container\">\n<div class=\"g-grid\">\n<div class=\"g-block size-100\">\n<div class=\"g-content\">\n<div class=\"platform-content\">\n<div class=\"content-wrapper\">\n<section class=\"entry\">\n<article id=\"post-645475\" class=\"post-type-post post-645475 post type-post status-publish format-standard has-post-thumbnail hentry category-economia category-noticias tag-ipva-2026\">\n<section class=\"entry-content\"><strong>O desconto de 8% para pagamento \u00e0 vista est\u00e1 mantido para quem quitar o imposto em parcela \u00fanica no dia 15 de janeiro. Para os contribuintes que optarem pelo parcelamento, a primeira parcela tamb\u00e9m vence nessa data, independentemente do final da placa, conforme previsto nas Instru\u00e7\u00f5es Normativas.<\/strong><\/p>\n<p>O calend\u00e1rio mant\u00e9m ainda a op\u00e7\u00e3o de pagamento em parcela \u00fanica sem desconto no segundo semestre. Ve\u00edculos com placas de finais 1 e 2 vencem em 15 de setembro, enquanto os finais 3 a 0 vencem em 15 de outubro.<\/p>\n<p>Com isso, fica preservado o parcelamento em nove vezes para finais 1 e 2, e em dez vezes para os demais finais de placa.<\/p>\n<figure class=\"wp-block-image\"><img decoding=\"async\" class=\"wp-image-178478 lazyloaded\" src=\"https:\/\/agenciacoradenoticias.go.gov.br\/wp-content\/uploads\/2025\/12\/ECONOMIA_GOVERNO_MANTEM_CALENDARIO_DO_IPVA_2026_E_CONCEDE_8_POR_CENTO_PARA_PAGAMENTO_A_VISTA_CALENDARIO.jpeg\" alt=\"Governo de Goi\u00e1s mant\u00e9m calend\u00e1rio do IPVA 2026 e concede 8% para pagamento \u00e0 vista\" data-src=\"https:\/\/agenciacoradenoticias.go.gov.br\/wp-content\/uploads\/2025\/12\/ECONOMIA_GOVERNO_MANTEM_CALENDARIO_DO_IPVA_2026_E_CONCEDE_8_POR_CENTO_PARA_PAGAMENTO_A_VISTA_CALENDARIO.jpeg\" \/><figcaption class=\"wp-element-caption\">Calend\u00e1rio mant\u00e9m ainda op\u00e7\u00e3o de pagamento em parcela \u00fanica sem desconto no segundo semestre (Arte: Economia-GO)<\/figcaption><\/figure>\n<p>De acordo com a Secretaria da Economia, a manuten\u00e7\u00e3o das datas fixas facilita o planejamento financeiro e a organiza\u00e7\u00e3o do contribuinte ao longo do ano.<\/p>\n<blockquote class=\"wp-block-quote is-layout-flow wp-block-quote-is-layout-flow\"><p>\u201cEle n\u00e3o esquece o pagamento se a data for fixa, e ela s\u00f3 muda se cair no final de semana ou feriado\u201d, explica o superintendente de Controle e Auditoria da pasta, Marcelo Mesquita.<\/p><\/blockquote>\n<p>A novidade em 2026 \u00e9 o parcelamento da Taxa de Licenciamento Anual do Ve\u00edculo (CRLV-e) em at\u00e9 dez parcelas, junto com o IPVA, conforme lei aprovada pela Assembleia Legislativa do Estado de Goi\u00e1s (Alego). O reajuste m\u00e9dio da tabela Fipe para o pr\u00f3ximo ano foi de 2,7%, com base em pesquisa de pre\u00e7os no mercado goiano.<\/p>\n<p><strong>Secretaria da Economia \u2013 Governo de Goi\u00e1s<\/strong><\/p>\n<\/section>\n<\/article>\n<\/section>\n<\/div>\n<\/div>\n<\/div>\n<\/div>\n<\/div>\n<\/div>\n<p><\/main><\/div>\n<\/div>\n<\/div>\n<\/section>\n<section id=\"g-pagination\">\n<div class=\"g-container\">\n<div class=\"g-grid\">\n<div class=\"g-block size-100 center banner-secom visible-desktop\">\n<div class=\"g-content\">\n<div id=\"block-15\" class=\"widget widget_block\">\n<p>&nbsp;<\/p>\n<\/div>\n<\/div>\n<\/div>\n<\/div>\n<\/div>\n<\/section>\n","protected":false},"excerpt":{"rendered":"<p>O desconto de 8% para pagamento \u00e0 vista est\u00e1 mantido para quem quitar o imposto em parcela \u00fanica no dia 15 de janeiro. Para os contribuintes que optarem pelo parcelamento,&hellip;<\/p>\n","protected":false},"author":1,"featured_media":350812,"comment_status":"closed","ping_status":"open","sticky":false,"template":"","format":"standard","meta":{"footnotes":""},"categories":[42],"tags":[],"class_list":["post-350811","post","type-post","status-publish","format-standard","has-post-thumbnail","hentry","category-ultimas"],"_links":{"self":[{"href":"https:\/\/blogfolhadocomercio.com.br\/wp\/wp-json\/wp\/v2\/posts\/350811","targetHints":{"allow":["GET"]}}],"collection":[{"href":"https:\/\/blogfolhadocomercio.com.br\/wp\/wp-json\/wp\/v2\/posts"}],"about":[{"href":"https:\/\/blogfolhadocomercio.com.br\/wp\/wp-json\/wp\/v2\/types\/post"}],"author":[{"embeddable":true,"href":"https:\/\/blogfolhadocomercio.com.br\/wp\/wp-json\/wp\/v2\/users\/1"}],"replies":[{"embeddable":true,"href":"https:\/\/blogfolhadocomercio.com.br\/wp\/wp-json\/wp\/v2\/comments?post=350811"}],"version-history":[{"count":1,"href":"https:\/\/blogfolhadocomercio.com.br\/wp\/wp-json\/wp\/v2\/posts\/350811\/revisions"}],"predecessor-version":[{"id":350813,"href":"https:\/\/blogfolhadocomercio.com.br\/wp\/wp-json\/wp\/v2\/posts\/350811\/revisions\/350813"}],"wp:featuredmedia":[{"embeddable":true,"href":"https:\/\/blogfolhadocomercio.com.br\/wp\/wp-json\/wp\/v2\/media\/350812"}],"wp:attachment":[{"href":"https:\/\/blogfolhadocomercio.com.br\/wp\/wp-json\/wp\/v2\/media?parent=350811"}],"wp:term":[{"taxonomy":"category","embeddable":true,"href":"https:\/\/blogfolhadocomercio.com.br\/wp\/wp-json\/wp\/v2\/categories?post=350811"},{"taxonomy":"post_tag","embeddable":true,"href":"https:\/\/blogfolhadocomercio.com.br\/wp\/wp-json\/wp\/v2\/tags?post=350811"}],"curies":[{"name":"wp","href":"https:\/\/api.w.org\/{rel}","templated":true}]}}