{"id":350784,"date":"2025-12-19T20:59:59","date_gmt":"2025-12-19T23:59:59","guid":{"rendered":"https:\/\/blogfolhadocomercio.com.br\/wp\/2025\/12\/19\/motta-defende-atuacao-do-stf-apos-acao-da-pf-nesta-sexta-mas-fala-em-evitar-exagero\/"},"modified":"2025-12-19T21:00:02","modified_gmt":"2025-12-20T00:00:02","slug":"motta-defende-atuacao-do-stf-apos-acao-da-pf-nesta-sexta-mas-fala-em-evitar-exagero","status":"publish","type":"post","link":"https:\/\/blogfolhadocomercio.com.br\/wp\/2025\/12\/19\/motta-defende-atuacao-do-stf-apos-acao-da-pf-nesta-sexta-mas-fala-em-evitar-exagero\/","title":{"rendered":"Motta defende atua\u00e7\u00e3o do STF ap\u00f3s a\u00e7\u00e3o da PF nesta sexta, mas fala em evitar &#8216;exagero&#8217;"},"content":{"rendered":"<p> <br \/>\n<\/p>\n<div id=\"\">\n<p>\n                        <strong>VIS\u00c3O<\/strong><br \/>\n                        <!-- <small><\/small> -->\n                        <\/p>\n<h2 class=\"entry-subtitle\" itemprop=\"description\">&#8220;Maior parte da destina\u00e7\u00e3o dos recursos \u00e9 correta&#8221;, garante o presidente da C\u00e2mara<\/h2>\n<div class=\"entry-date\" wp_automatic_readability=\"32\">\n<p>\n                            <time datetime=\"2025-12-19T16:55:32-03:00\">Publicado em: 19\/12\/2025 16:55<\/time><\/p>\n<\/p><\/div>\n<div class=\"responsive-img\" wp_automatic_readability=\"9\">\n                                    <picture itemscope=\"\" itemtype=\"https:\/\/schema.org\/ImageObject\">\n<\/picture>\n<p>\n                                    <small>Motta defende atua\u00e7\u00e3o de STF ap\u00f3s a\u00e7\u00e3o da PF nesta sexta, mas fala em evitar &#8216;exagero&#8217; (Foto: Ag\u00eancia Brasil)<br \/>\n<\/small>                                    <\/p>\n<\/p><\/div>\n<\/p><\/div>\n<div wp_automatic_readability=\"56.011764705882\">\n<p>Presidente da C\u00e2mara dos Deputados, Hugo Motta (Republicanos-PB) defendeu o Supremo Tribunal Federal (STF) nesta sexta-feira (19), ap\u00f3s opera\u00e7\u00e3o deflagrada pela Pol\u00edcia Federal (PF) que teve como alvos os deputados Carlos Jordy (PL-RJ) e S\u00f3stenes Cavalcante (PL-RJ) por suspeita de desvio de cota parlamentar. Segundo ele, contudo, \u201cquando h\u00e1 exagero, isso \u00e9 ruim para o pa\u00eds\u201d, pois \u201ca maior parte da destina\u00e7\u00e3o de recursos \u00e9 correta\u201d.<\/p>\n<p>\u201cClaro que, quando a gente tem um colega que \u00e9 alvo de qualquer a\u00e7\u00e3o do Judici\u00e1rio, seja ela qual for, n\u00e3o ficamos felizes com isso [\u2026] Mas o Poder Judici\u00e1rio est\u00e1 cumprindo o seu papel, e n\u00f3s n\u00e3o vamos estar aqui defendendo aquilo que n\u00e3o se pode defender\u201d, disse Motta a jornalistas. Ainda segundo ele, \u00e9 preciso \u201cseparar o que \u00e9 correto do que \u00e9 exagero\u201d.<\/p>\n<p>\u201cEssa linha precisa ser estabelecida\u201d, disse e continuou: \u201cSe h\u00e1 suspeita de que algum parlamentar n\u00e3o agiu corretamente, tem que investigar mesmo. Mas essa linha precisa ser estabelecida, porque quando h\u00e1 exagero, isso \u00e9 ruim para o pa\u00eds. Respeitamos o papel do Supremo, n\u00e3o temos compromisso com o que \u00e9 incorreto, mas a maior parte da destina\u00e7\u00e3o dos recursos \u00e9 correta. Como presidente da C\u00e2mara, meu papel \u00e9 acompanhar para que exageros n\u00e3o sejam cometidos. E o di\u00e1logo nesse sentido \u00e9 o melhor caminho.\u201d<\/p>\n<p>Ap\u00f3s a opera\u00e7\u00e3o desta sexta-feira, Jordy falou em \u201cpersegui\u00e7\u00e3o\u201d, enquanto S\u00f3stenes disse n\u00e3o ter nada a temer.<\/p>\n<p><strong>LEIA MAIS:<\/strong><\/p>\n<footer>\n<\/footer><\/div>\n<p><br \/>\n<br \/><a href=\"https:\/\/www.maisgoias.com.br\/politica\/motta-defende-atuacao-do-stf-apos-acao-da-pf-nesta-sexta-mas-fala-em-evitar-exagero\/\">Fonte https:\/\/www.maisgoias.com.br\/politica\/motta-defende-atuacao-do-stf-apos-acao-da-pf-nesta-sexta-mas-fala-em-evitar-exagero\/<\/a><\/p>\n","protected":false},"excerpt":{"rendered":"<p>VIS\u00c3O &#8220;Maior parte da destina\u00e7\u00e3o dos recursos \u00e9 correta&#8221;, garante o presidente da C\u00e2mara Publicado em: 19\/12\/2025 16:55 Motta defende atua\u00e7\u00e3o de STF ap\u00f3s a\u00e7\u00e3o da PF nesta sexta, mas&hellip;<\/p>\n","protected":false},"author":1,"featured_media":350785,"comment_status":"closed","ping_status":"open","sticky":false,"template":"","format":"standard","meta":{"footnotes":""},"categories":[34,42],"tags":[],"class_list":["post-350784","post","type-post","status-publish","format-standard","has-post-thumbnail","hentry","category-brasil","category-ultimas"],"_links":{"self":[{"href":"https:\/\/blogfolhadocomercio.com.br\/wp\/wp-json\/wp\/v2\/posts\/350784","targetHints":{"allow":["GET"]}}],"collection":[{"href":"https:\/\/blogfolhadocomercio.com.br\/wp\/wp-json\/wp\/v2\/posts"}],"about":[{"href":"https:\/\/blogfolhadocomercio.com.br\/wp\/wp-json\/wp\/v2\/types\/post"}],"author":[{"embeddable":true,"href":"https:\/\/blogfolhadocomercio.com.br\/wp\/wp-json\/wp\/v2\/users\/1"}],"replies":[{"embeddable":true,"href":"https:\/\/blogfolhadocomercio.com.br\/wp\/wp-json\/wp\/v2\/comments?post=350784"}],"version-history":[{"count":1,"href":"https:\/\/blogfolhadocomercio.com.br\/wp\/wp-json\/wp\/v2\/posts\/350784\/revisions"}],"predecessor-version":[{"id":350786,"href":"https:\/\/blogfolhadocomercio.com.br\/wp\/wp-json\/wp\/v2\/posts\/350784\/revisions\/350786"}],"wp:featuredmedia":[{"embeddable":true,"href":"https:\/\/blogfolhadocomercio.com.br\/wp\/wp-json\/wp\/v2\/media\/350785"}],"wp:attachment":[{"href":"https:\/\/blogfolhadocomercio.com.br\/wp\/wp-json\/wp\/v2\/media?parent=350784"}],"wp:term":[{"taxonomy":"category","embeddable":true,"href":"https:\/\/blogfolhadocomercio.com.br\/wp\/wp-json\/wp\/v2\/categories?post=350784"},{"taxonomy":"post_tag","embeddable":true,"href":"https:\/\/blogfolhadocomercio.com.br\/wp\/wp-json\/wp\/v2\/tags?post=350784"}],"curies":[{"name":"wp","href":"https:\/\/api.w.org\/{rel}","templated":true}]}}