{"id":350738,"date":"2025-12-16T11:15:26","date_gmt":"2025-12-16T14:15:26","guid":{"rendered":"https:\/\/blogfolhadocomercio.com.br\/wp\/?p=350738"},"modified":"2025-12-16T11:15:26","modified_gmt":"2025-12-16T14:15:26","slug":"moraes-aciona-governo-lula-para-pedir-aos-eua-extradicao-de-ramagem","status":"publish","type":"post","link":"https:\/\/blogfolhadocomercio.com.br\/wp\/2025\/12\/16\/moraes-aciona-governo-lula-para-pedir-aos-eua-extradicao-de-ramagem\/","title":{"rendered":"Moraes aciona governo Lula para pedir aos EUA extradi\u00e7\u00e3o de Ramagem"},"content":{"rendered":"<p><img decoding=\"async\" src=\"https:\/\/uploads.maisgoias.com.br\/2025\/12\/15212921\/54978685784_f94f40261f_k-1200x675.webp\" alt=\"Moraes aciona governo Lula para pedir aos EUA extradi\u00e7\u00e3o de Ramagem (Foto: STF)\" \/><\/p>\n<p>O ministro Alexandre de Moraes, do STF (Supremo Tribunal Federal), determinou nesta segunda-feira (15) a abertura do processo de extradi\u00e7\u00e3o do deputado Alexandre Ramagem (PL-RJ), condenado pela trama golpista.<\/p>\n<p>O magistrado enviou o caso ao Minist\u00e9rio da Justi\u00e7a e da Seguran\u00e7a P\u00fablica para formalizar o pedido.<\/p>\n<p>Ramagem teria se mudado em setembro para um condom\u00ednio de luxo na Fl\u00f3rida, enquanto gravava v\u00eddeos e votava \u00e0 dist\u00e2ncia nas sess\u00f5es da C\u00e2mara, amparado por um atestado m\u00e9dico.<\/p>\n<p>A condena\u00e7\u00e3o definitiva do n\u00facleo central da trama golpista, do qual o parlamentar fazia parte, foi decretada por Moraes em 25 de novembro.<\/p>\n<ul class=\"wp-block-list\">\n<li><a href=\"https:\/\/www.maisgoias.com.br\/brasil\/foragido-ramagem-diz-estar-seguro-nos-eua-com-aval-do-governo-trump\/\">Foragido, Ramagem diz estar seguro nos EUA<\/a>\u00a0<strong>com aval do governo Trump<\/strong><\/li>\n<li><a href=\"https:\/\/www.maisgoias.com.br\/brasil\/moraes-manda-prender-ex-diretor-da-abin-alexandre-ramagem\/\">Moraes manda prender ex-diretor da Abin Alexandre Ramagem<\/a><\/li>\n<\/ul>\n<p>A documenta\u00e7\u00e3o para o pedido de extradi\u00e7\u00e3o deve indicar o local, a data, a natureza e as circunst\u00e2ncias do fato criminoso, a identidade do condenado e, ainda, c\u00f3pia dos textos legais sobre o crime, a compet\u00eancia, a pena e sua prescri\u00e7\u00e3o.<\/p>\n<p>Toda a documenta\u00e7\u00e3o deve ser encaminhada no original, em portugu\u00eas, e traduzida oficialmente para o ingl\u00eas.<\/p>\n<p>No in\u00edcio do m\u00eas, o tamb\u00e9m ministro do STF Fl\u00e1vio Dino proibiu que o Poder Executivo libere ou execute qualquer nova emenda de Ramagem ou de Eduardo Bolsonaro (PL-SP), deputado que tamb\u00e9m est\u00e1 nos EUA.<\/p>\n<p>Segundo o relator, em decis\u00e3o no processo das emendas parlamentares, n\u00e3o existe mandato parlamentar leg\u00edtimo de Miami, Paris ou Roma, ou exercido \u00e0 dist\u00e2ncia.<\/p>\n<p>A bolsonarista Carla Zambelli (PL-SP) tamb\u00e9m enfrenta um processo de extradi\u00e7\u00e3o depois de ser condenada pelo STF e fugir do pa\u00eds.<\/p>\n<ul class=\"wp-block-list\">\n<li><a href=\"https:\/\/www.maisgoias.com.br\/brasil\/advogado-de-ramagem-diz-que-ele-deixou-o-pais-sem-avisa-lo\/\">Advogado de Ramagem diz que ele deixou o Pa\u00eds sem avis\u00e1-lo<\/a><\/li>\n<\/ul>\n<p>Ela est\u00e1 presa desde o fim de julho na It\u00e1lia. A pr\u00f3xima audi\u00eancia de seu processo de extradi\u00e7\u00e3o est\u00e1 marcada para o dia 18 de dezembro.<\/p>\n<p>O Minist\u00e9rio P\u00fablico italiano j\u00e1 se declarou favor\u00e1vel \u00e0 extradi\u00e7\u00e3o, como pede o Brasil. O \u00f3rg\u00e3o argumenta que existem todos os requisitos legais para tanto.<\/p>\n<p>Nos \u00faltimos dias, a Justi\u00e7a italiana encaminhou uma lista de perguntas a Moraes sobre a situa\u00e7\u00e3o do sistema carcer\u00e1rio do Brasil e sobre a estrutura para a qual Zambelli poder\u00e1 ser encaminhada. O passo \u00e9 praxe em processos de extradi\u00e7\u00e3o.<\/p>\n<p>Segundo o ministro, caso seja extraditada ao Brasil, ela deve cumprir pena na Penitenci\u00e1ria Feminina do Distrito Federal, conhecida como Colmeia. O pres\u00eddio \u00e9 de seguran\u00e7a m\u00e9dia e recebe mulheres no regime aberto, semiaberto e fechado.<\/p>\n<p><strong>Por Mais Goi\u00e1s<\/strong><\/p>\n","protected":false},"excerpt":{"rendered":"<p>O ministro Alexandre de Moraes, do STF (Supremo Tribunal Federal), determinou nesta segunda-feira (15) a abertura do processo de extradi\u00e7\u00e3o do deputado Alexandre Ramagem (PL-RJ), condenado pela trama golpista. O&hellip;<\/p>\n","protected":false},"author":1,"featured_media":350739,"comment_status":"closed","ping_status":"open","sticky":false,"template":"","format":"standard","meta":{"footnotes":""},"categories":[42],"tags":[],"class_list":["post-350738","post","type-post","status-publish","format-standard","has-post-thumbnail","hentry","category-ultimas"],"_links":{"self":[{"href":"https:\/\/blogfolhadocomercio.com.br\/wp\/wp-json\/wp\/v2\/posts\/350738","targetHints":{"allow":["GET"]}}],"collection":[{"href":"https:\/\/blogfolhadocomercio.com.br\/wp\/wp-json\/wp\/v2\/posts"}],"about":[{"href":"https:\/\/blogfolhadocomercio.com.br\/wp\/wp-json\/wp\/v2\/types\/post"}],"author":[{"embeddable":true,"href":"https:\/\/blogfolhadocomercio.com.br\/wp\/wp-json\/wp\/v2\/users\/1"}],"replies":[{"embeddable":true,"href":"https:\/\/blogfolhadocomercio.com.br\/wp\/wp-json\/wp\/v2\/comments?post=350738"}],"version-history":[{"count":1,"href":"https:\/\/blogfolhadocomercio.com.br\/wp\/wp-json\/wp\/v2\/posts\/350738\/revisions"}],"predecessor-version":[{"id":350740,"href":"https:\/\/blogfolhadocomercio.com.br\/wp\/wp-json\/wp\/v2\/posts\/350738\/revisions\/350740"}],"wp:featuredmedia":[{"embeddable":true,"href":"https:\/\/blogfolhadocomercio.com.br\/wp\/wp-json\/wp\/v2\/media\/350739"}],"wp:attachment":[{"href":"https:\/\/blogfolhadocomercio.com.br\/wp\/wp-json\/wp\/v2\/media?parent=350738"}],"wp:term":[{"taxonomy":"category","embeddable":true,"href":"https:\/\/blogfolhadocomercio.com.br\/wp\/wp-json\/wp\/v2\/categories?post=350738"},{"taxonomy":"post_tag","embeddable":true,"href":"https:\/\/blogfolhadocomercio.com.br\/wp\/wp-json\/wp\/v2\/tags?post=350738"}],"curies":[{"name":"wp","href":"https:\/\/api.w.org\/{rel}","templated":true}]}}