{"id":350711,"date":"2025-12-16T10:46:26","date_gmt":"2025-12-16T13:46:26","guid":{"rendered":"https:\/\/blogfolhadocomercio.com.br\/wp\/?p=350711"},"modified":"2025-12-16T10:46:26","modified_gmt":"2025-12-16T13:46:26","slug":"cruzeiro-acerta-com-ex-tecnico-da-selecao-brasileira","status":"publish","type":"post","link":"https:\/\/blogfolhadocomercio.com.br\/wp\/2025\/12\/16\/cruzeiro-acerta-com-ex-tecnico-da-selecao-brasileira\/","title":{"rendered":"Cruzeiro acerta com ex-t\u00e9cnico da Sele\u00e7\u00e3o Brasileira"},"content":{"rendered":"<p><img decoding=\"async\" src=\"https:\/\/uploads.maisgoias.com.br\/2025\/12\/16133125\/whatsapp-image-2025-12-16-at-10-25-11-1200x675.webp\" alt=\"Tie acerta com Cruzeiro\" \/><\/p>\n<p>O Cruzeiro se movimentou rapidamente no mercado e encaminhou a contrata\u00e7\u00e3o de Tite para\u00a0<a href=\"https:\/\/www.maisgoias.com.br\/esportes\/cruzeiro-confirma-saida-de-leonardo-jardim-decisao-partiu-do-proprio-treinador\/\">o lugar de Leonardo Jardim<\/a>. Clube e representantes do treinador acertaram os \u00faltimos detalhes na manh\u00e3 desta ter\u00e7a-feira (16\/12). O an\u00fancio oficial ainda n\u00e3o foi feito, mas \u00e9 tratado como quest\u00e3o de tempo pela diretoria celeste.<\/p>\n<p>Aos 64 anos, Tite ter\u00e1 no Cruzeiro seu segundo trabalho desde que deixou o comando da Sele\u00e7\u00e3o Brasileira. Entre o fim de 2023 e setembro de 2024, o treinador esteve \u00e0 frente do Flamengo, onde dirigiu a equipe em 68 partidas, com 41 vit\u00f3rias. J\u00e1 nesta temporada, chegou a um acordo verbal para retornar ao Corinthians, mas acabou desistindo antes da assinatura ap\u00f3s enfrentar uma crise de ansiedade.<\/p>\n<p>O v\u00ednculo com a Raposa ser\u00e1 v\u00e1lido at\u00e9 o fim de 2026, e Adenor Bachi \u00e9 aguardado em Belo Horizonte nos pr\u00f3ximos dias para iniciar os trabalhos. O Cruzeiro estreia no Campeonato Mineiro no dia 10 de janeiro e ter\u00e1 um calend\u00e1rio cheio em 2026, com disputas da Libertadores, Copa do Brasil e Campeonato Brasileiro da S\u00e9rie A.<\/p>\n<p>Esta ser\u00e1 a segunda passagem de Tite pelo futebol mineiro. Em 2005, o treinador comandou o Atl\u00e9tico-MG no Campeonato Brasileiro, com uma campanha abaixo do esperado: foram 21 jogos, apenas quatro vit\u00f3rias e sa\u00edda antes do rebaixamento \u00e0 S\u00e9rie B. Anos depois, em 2022, o t\u00e9cnico chegou a declarar que ainda tinha um \u201csenso de d\u00edvida\u201d com o clube alvinegro, agora rival direto do Cruzeiro em sua nova trajet\u00f3ria em Minas Gerais.<\/p>\n<p><strong>Por Mais Goi\u00e1s<\/strong><\/p>\n","protected":false},"excerpt":{"rendered":"<p>O Cruzeiro se movimentou rapidamente no mercado e encaminhou a contrata\u00e7\u00e3o de Tite para\u00a0o lugar de Leonardo Jardim. Clube e representantes do treinador acertaram os \u00faltimos detalhes na manh\u00e3 desta&hellip;<\/p>\n","protected":false},"author":1,"featured_media":350712,"comment_status":"closed","ping_status":"open","sticky":false,"template":"","format":"standard","meta":{"footnotes":""},"categories":[42],"tags":[],"class_list":["post-350711","post","type-post","status-publish","format-standard","has-post-thumbnail","hentry","category-ultimas"],"_links":{"self":[{"href":"https:\/\/blogfolhadocomercio.com.br\/wp\/wp-json\/wp\/v2\/posts\/350711","targetHints":{"allow":["GET"]}}],"collection":[{"href":"https:\/\/blogfolhadocomercio.com.br\/wp\/wp-json\/wp\/v2\/posts"}],"about":[{"href":"https:\/\/blogfolhadocomercio.com.br\/wp\/wp-json\/wp\/v2\/types\/post"}],"author":[{"embeddable":true,"href":"https:\/\/blogfolhadocomercio.com.br\/wp\/wp-json\/wp\/v2\/users\/1"}],"replies":[{"embeddable":true,"href":"https:\/\/blogfolhadocomercio.com.br\/wp\/wp-json\/wp\/v2\/comments?post=350711"}],"version-history":[{"count":1,"href":"https:\/\/blogfolhadocomercio.com.br\/wp\/wp-json\/wp\/v2\/posts\/350711\/revisions"}],"predecessor-version":[{"id":350713,"href":"https:\/\/blogfolhadocomercio.com.br\/wp\/wp-json\/wp\/v2\/posts\/350711\/revisions\/350713"}],"wp:featuredmedia":[{"embeddable":true,"href":"https:\/\/blogfolhadocomercio.com.br\/wp\/wp-json\/wp\/v2\/media\/350712"}],"wp:attachment":[{"href":"https:\/\/blogfolhadocomercio.com.br\/wp\/wp-json\/wp\/v2\/media?parent=350711"}],"wp:term":[{"taxonomy":"category","embeddable":true,"href":"https:\/\/blogfolhadocomercio.com.br\/wp\/wp-json\/wp\/v2\/categories?post=350711"},{"taxonomy":"post_tag","embeddable":true,"href":"https:\/\/blogfolhadocomercio.com.br\/wp\/wp-json\/wp\/v2\/tags?post=350711"}],"curies":[{"name":"wp","href":"https:\/\/api.w.org\/{rel}","templated":true}]}}