{"id":350350,"date":"2025-12-10T21:33:38","date_gmt":"2025-12-11T00:33:38","guid":{"rendered":"https:\/\/blogfolhadocomercio.com.br\/wp\/?p=350350"},"modified":"2025-12-10T21:33:38","modified_gmt":"2025-12-11T00:33:38","slug":"daniel-vilela-nao-esconde-a-ansiedade-por-novo-serra-dourada-vontade-de-ficar-pronto-logo","status":"publish","type":"post","link":"https:\/\/blogfolhadocomercio.com.br\/wp\/2025\/12\/10\/daniel-vilela-nao-esconde-a-ansiedade-por-novo-serra-dourada-vontade-de-ficar-pronto-logo\/","title":{"rendered":"Daniel Vilela n\u00e3o esconde a ansiedade por novo Serra Dourada: \u201cVontade de ficar pronto logo\u201d"},"content":{"rendered":"<p><img decoding=\"async\" src=\"https:\/\/uploads.maisgoias.com.br\/2025\/12\/11002100\/whatsapp-image-2025-12-10-at-17-45-03-1200x675.webp\" alt=\"Daniel Vilela durante discurso na inaugura\u00e7\u00e3o do projeto do Complexo Serra Dourada\" \/><\/p>\n<p>O vice-governador de Goi\u00e1s, Daniel Vilela, esteve \u00e0 frente do processo de concess\u00e3o do Complexo Serra Dourada. Com o projeto j\u00e1 apresentado, o pol\u00edtico goiano destacou a ansiedade em poder ver as obras conclu\u00eddas e o local em pleno funcionamento. A reformula\u00e7\u00e3o da pra\u00e7a esportiva come\u00e7ar\u00e1 em maio de 2026 e dever\u00e1 ser entregue em 2028.<\/p>\n<p>\u201c\u00c9 um projeto muito moderno que vai garantir que esse complexo seja \u00fanico no Brasil, com um est\u00e1dio extremamente moderno, camarotes no n\u00edvel do campo \u2014 que n\u00e3o existem em nenhum outro na Am\u00e9rica Latina. Vamos poder ter um gin\u00e1sio com nova ac\u00fastica. Vamos ter um parque linear, com pista de corrida e pista de bike. Um complexo esportivo totalmente revitalizado. Ser\u00e1 um ambiente que ter\u00e1 vida 24 horas, sete dias por semana. Naturalmente, o Serra Dourada ser\u00e1 palco de grandes jogos, e os goianos poder\u00e3o trazer filhos e netos para ver grandes jogos aqui\u201d, disse o vice-governador.<\/p>\n<p><strong>Leia tamb\u00e9m:\u00a0<a href=\"https:\/\/www.maisgoias.com.br\/esportes\/serra-dourada-concessionaria-quer-ingressos-com-custo-operacional-de-r-10-por-torcedor\/\"><mark class=\"has-inline-color has-vivid-red-color\">Serra Dourada: concession\u00e1ria quer ingressos com custo operacional de R$ 10 por torcedor<\/mark><\/a><\/strong><\/p>\n<p>Com a remodela\u00e7\u00e3o do Complexo Serra Dourada, existe uma d\u00favida quanto ao valor dos ingressos que ser\u00e3o cobrados. Daniel Vilela destacou que, como a Construcap ser\u00e1 a respons\u00e1vel pela administra\u00e7\u00e3o, caber\u00e1 \u00e0 empresa definir os valores; por\u00e9m, acredita que, pelo projeto, ser\u00e1 algo democr\u00e1tico e que todos os goianos poder\u00e3o assistir aos jogos e usufruir do local.<\/p>\n<p>\u201cN\u00e3o tenho como prever. Mas, se colocam algo muito caro, inviabiliza a presen\u00e7a das pessoas e o neg\u00f3cio n\u00e3o d\u00e1 certo. \u00c9 natural que haja um equil\u00edbrio, mas, pelo projeto, ele mostra que ser\u00e1 um est\u00e1dio muito acess\u00edvel, democr\u00e1tico e com oportunidade para todos assistirem aos grandes eventos\u201d, ressaltou.<\/p>\n<p><strong>Por Mais Goi\u00e1s<\/strong><\/p>\n","protected":false},"excerpt":{"rendered":"<p>O vice-governador de Goi\u00e1s, Daniel Vilela, esteve \u00e0 frente do processo de concess\u00e3o do Complexo Serra Dourada. Com o projeto j\u00e1 apresentado, o pol\u00edtico goiano destacou a ansiedade em poder&hellip;<\/p>\n","protected":false},"author":1,"featured_media":350351,"comment_status":"closed","ping_status":"open","sticky":false,"template":"","format":"standard","meta":{"footnotes":""},"categories":[42],"tags":[],"class_list":["post-350350","post","type-post","status-publish","format-standard","has-post-thumbnail","hentry","category-ultimas"],"_links":{"self":[{"href":"https:\/\/blogfolhadocomercio.com.br\/wp\/wp-json\/wp\/v2\/posts\/350350","targetHints":{"allow":["GET"]}}],"collection":[{"href":"https:\/\/blogfolhadocomercio.com.br\/wp\/wp-json\/wp\/v2\/posts"}],"about":[{"href":"https:\/\/blogfolhadocomercio.com.br\/wp\/wp-json\/wp\/v2\/types\/post"}],"author":[{"embeddable":true,"href":"https:\/\/blogfolhadocomercio.com.br\/wp\/wp-json\/wp\/v2\/users\/1"}],"replies":[{"embeddable":true,"href":"https:\/\/blogfolhadocomercio.com.br\/wp\/wp-json\/wp\/v2\/comments?post=350350"}],"version-history":[{"count":1,"href":"https:\/\/blogfolhadocomercio.com.br\/wp\/wp-json\/wp\/v2\/posts\/350350\/revisions"}],"predecessor-version":[{"id":350352,"href":"https:\/\/blogfolhadocomercio.com.br\/wp\/wp-json\/wp\/v2\/posts\/350350\/revisions\/350352"}],"wp:featuredmedia":[{"embeddable":true,"href":"https:\/\/blogfolhadocomercio.com.br\/wp\/wp-json\/wp\/v2\/media\/350351"}],"wp:attachment":[{"href":"https:\/\/blogfolhadocomercio.com.br\/wp\/wp-json\/wp\/v2\/media?parent=350350"}],"wp:term":[{"taxonomy":"category","embeddable":true,"href":"https:\/\/blogfolhadocomercio.com.br\/wp\/wp-json\/wp\/v2\/categories?post=350350"},{"taxonomy":"post_tag","embeddable":true,"href":"https:\/\/blogfolhadocomercio.com.br\/wp\/wp-json\/wp\/v2\/tags?post=350350"}],"curies":[{"name":"wp","href":"https:\/\/api.w.org\/{rel}","templated":true}]}}