{"id":350343,"date":"2025-12-10T21:11:31","date_gmt":"2025-12-11T00:11:31","guid":{"rendered":"https:\/\/blogfolhadocomercio.com.br\/wp\/?p=350343"},"modified":"2025-12-10T21:11:31","modified_gmt":"2025-12-11T00:11:31","slug":"apos-fortes-chuvas-hugo-passara-por-medidas-estruturais-de-emergencia","status":"publish","type":"post","link":"https:\/\/blogfolhadocomercio.com.br\/wp\/2025\/12\/10\/apos-fortes-chuvas-hugo-passara-por-medidas-estruturais-de-emergencia\/","title":{"rendered":"Ap\u00f3s fortes chuvas, Hugo passar\u00e1 por medidas estruturais de emerg\u00eancia"},"content":{"rendered":"<p><img decoding=\"async\" src=\"https:\/\/goias.gov.br\/wp-content\/uploads\/2025\/12\/SES_SECRATARIO_VISTORIA_HUGO_POR_IRON_BRAZ-1024x682.jpeg\" alt=\"Ap\u00f3s transtornos enfrentados com fortes chuvas do \u00faltimo s\u00e1bado, Hugo passar\u00e1 por medidas estruturais de emerg\u00eancia\" \/><\/p>\n<p>A visita contou tamb\u00e9m com a participa\u00e7\u00e3o do secret\u00e1rio-adjunto, S\u00e9rgio V\u00eancio, e do subsecret\u00e1rio de Pol\u00edticas e A\u00e7\u00f5es em Sa\u00fade, Luciano de Moura Carvalho.<\/p>\n<p>Como resposta imediata ao alagamento causado pelo volume de \u00e1gua registrado no \u00faltimo no s\u00e1bado (06\/12), os pacientes das UTIs 3 e 4, que est\u00e3o localizadas no t\u00e9rreo da unidade, foram transferidos para \u00e1reas seguras.<\/p>\n<p>Para assegurar a continuidade dos cuidados intensivos, o espa\u00e7o do hospital-dia foi adaptado temporariamente para abrigar os leitos cr\u00edticos. Pacientes em processo de interna\u00e7\u00e3o foram realocados para o segundo andar, preservando a capacidade de atendimento do pronto-socorro. As reformas emergenciais nas \u00e1reas afetadas j\u00e1 est\u00e3o em fase de prepara\u00e7\u00e3o.<\/p>\n<div class=\"wp-block-image\">\n<figure class=\"aligncenter size-full\"><img decoding=\"async\" class=\"wp-image-177807 lazyloaded\" src=\"https:\/\/agenciacoradenoticias.go.gov.br\/wp-content\/uploads\/2025\/12\/SES_HUGO_VISTORIA_TECNICA_POR_IRON_BRAZ.jpeg\" alt=\"Ap\u00f3s fortes chuvas do \u00faltimo s\u00e1bado (06\/12), secret\u00e1rio de Sa\u00fade, Ras\u00edvel Santos, vistoria a unidade. Equipe t\u00e9cnica da SES-GO acompanha danos, reorganiza\u00e7\u00e3o interna e articula\u00e7\u00f5es com Prefeitura de Goi\u00e2nia para refor\u00e7ar drenagem na regi\u00e3o\" data-src=\"https:\/\/agenciacoradenoticias.go.gov.br\/wp-content\/uploads\/2025\/12\/SES_HUGO_VISTORIA_TECNICA_POR_IRON_BRAZ.jpeg\" \/><figcaption class=\"wp-element-caption\">Durante visita \u00e0 unidade, ap\u00f3s fortes chuvas do \u00faltimo s\u00e1bado (06\/12), secret\u00e1rio Ras\u00edvel Santos, refor\u00e7ou necessidade de acelerar reparos e avan\u00e7ar em solu\u00e7\u00f5es definitivas que tragam mais seguran\u00e7a aos pacientes (Foto: Iron Braz)<\/figcaption><\/figure>\n<\/div>\n<h2 class=\"wp-block-heading\">Vistoria t\u00e9cnica no Hugo<\/h2>\n<p>Durante a vistoria, o secret\u00e1rio Ras\u00edvel Santos refor\u00e7ou a necessidade de acelerar os reparos e avan\u00e7ar nas solu\u00e7\u00f5es definitivas.<\/p>\n<p>A SES-GO mant\u00e9m di\u00e1logo t\u00e9cnico com a Prefeitura de Goi\u00e2nia para ado\u00e7\u00e3o de interven\u00e7\u00f5es estruturais na Avenida 90, como o abaulamento da pista, a limpeza completa dos bueiros e a melhoria da drenagem pluvial, al\u00e9m da constru\u00e7\u00e3o de uma mureta de conten\u00e7\u00e3o para impedir que a \u00e1gua das vias mais altas atinja novamente o acesso ao hospital.<\/p>\n<p>\u201cAs medidas buscam corrigir altera\u00e7\u00f5es no fluxo de \u00e1gua registradas ap\u00f3s obras vi\u00e1rias realizadas na regi\u00e3o\u201d, afirma.<\/p>\n<p>A Secretaria destaca que todas as a\u00e7\u00f5es emergenciais foram adotadas de forma \u00e1gil e que o atendimento no Hugo foi mantido em todos os momentos, mesmo diante das intercorr\u00eancias provocadas pelo evento clim\u00e1tico intenso.<\/p>\n<p>As equipes seguem mobilizadas para garantir seguran\u00e7a aos pacientes, refor\u00e7ar a estrutura da unidade e acelerar a implementa\u00e7\u00e3o das solu\u00e7\u00f5es definitivas.<\/p>\n<h2 class=\"wp-block-heading\">Saiba mais<\/h2>\n<p><a href=\"https:\/\/agenciacoradenoticias.go.gov.br\/173619-governo-adota-tecnologia-inedita-no-hugo\">Governo adota tecnologia in\u00e9dita no Hugo<\/a><\/p>\n<p><strong>Secretaria de Estado da Sa\u00fade (SES) \u2013 Governo de Goi\u00e1s<\/strong><\/p>\n","protected":false},"excerpt":{"rendered":"<p>A visita contou tamb\u00e9m com a participa\u00e7\u00e3o do secret\u00e1rio-adjunto, S\u00e9rgio V\u00eancio, e do subsecret\u00e1rio de Pol\u00edticas e A\u00e7\u00f5es em Sa\u00fade, Luciano de Moura Carvalho. Como resposta imediata ao alagamento causado&hellip;<\/p>\n","protected":false},"author":1,"featured_media":350344,"comment_status":"closed","ping_status":"open","sticky":false,"template":"","format":"standard","meta":{"footnotes":""},"categories":[42],"tags":[],"class_list":["post-350343","post","type-post","status-publish","format-standard","has-post-thumbnail","hentry","category-ultimas"],"_links":{"self":[{"href":"https:\/\/blogfolhadocomercio.com.br\/wp\/wp-json\/wp\/v2\/posts\/350343","targetHints":{"allow":["GET"]}}],"collection":[{"href":"https:\/\/blogfolhadocomercio.com.br\/wp\/wp-json\/wp\/v2\/posts"}],"about":[{"href":"https:\/\/blogfolhadocomercio.com.br\/wp\/wp-json\/wp\/v2\/types\/post"}],"author":[{"embeddable":true,"href":"https:\/\/blogfolhadocomercio.com.br\/wp\/wp-json\/wp\/v2\/users\/1"}],"replies":[{"embeddable":true,"href":"https:\/\/blogfolhadocomercio.com.br\/wp\/wp-json\/wp\/v2\/comments?post=350343"}],"version-history":[{"count":1,"href":"https:\/\/blogfolhadocomercio.com.br\/wp\/wp-json\/wp\/v2\/posts\/350343\/revisions"}],"predecessor-version":[{"id":350345,"href":"https:\/\/blogfolhadocomercio.com.br\/wp\/wp-json\/wp\/v2\/posts\/350343\/revisions\/350345"}],"wp:featuredmedia":[{"embeddable":true,"href":"https:\/\/blogfolhadocomercio.com.br\/wp\/wp-json\/wp\/v2\/media\/350344"}],"wp:attachment":[{"href":"https:\/\/blogfolhadocomercio.com.br\/wp\/wp-json\/wp\/v2\/media?parent=350343"}],"wp:term":[{"taxonomy":"category","embeddable":true,"href":"https:\/\/blogfolhadocomercio.com.br\/wp\/wp-json\/wp\/v2\/categories?post=350343"},{"taxonomy":"post_tag","embeddable":true,"href":"https:\/\/blogfolhadocomercio.com.br\/wp\/wp-json\/wp\/v2\/tags?post=350343"}],"curies":[{"name":"wp","href":"https:\/\/api.w.org\/{rel}","templated":true}]}}