{"id":350334,"date":"2025-12-10T21:00:20","date_gmt":"2025-12-11T00:00:20","guid":{"rendered":"https:\/\/blogfolhadocomercio.com.br\/wp\/?p=350334"},"modified":"2025-12-10T21:00:20","modified_gmt":"2025-12-11T00:00:20","slug":"projetos-de-pesquisa-e-extensao-no-nordeste-goiano-terao-investimento-de-r-1-milhao","status":"publish","type":"post","link":"https:\/\/blogfolhadocomercio.com.br\/wp\/2025\/12\/10\/projetos-de-pesquisa-e-extensao-no-nordeste-goiano-terao-investimento-de-r-1-milhao\/","title":{"rendered":"Projetos de pesquisa e extens\u00e3o no Nordeste goiano ter\u00e3o investimento de R$ 1 milh\u00e3o"},"content":{"rendered":"<p><img decoding=\"async\" src=\"https:\/\/goias.gov.br\/wp-content\/uploads\/2025\/12\/FAPEG_SECTI_GOVERNO_INVESTE_EM_PROJETOS_DE_INOVACAO_NO_NORDESTE_GOIANO_SECRETARIO_LYRA_NETTO-1024x678.jpeg\" alt=\"Projetos de pesquisa e extens\u00e3o no Nordeste goiano ter\u00e3o investimento de 1 milh\u00e3o\" \/><\/p>\n<p>O\u00a0<a href=\"http:\/\/xn--com%20r$%2047,4%20milhes,%20cincia,%20inovao%20e%20tecnologia%20ter%2021%20editais-7vg7lromi48a\/\">edital foi lan\u00e7ado no dia 05 de dezembro pelo governador Ronaldo Caiado<\/a>\u00a0durante o F\u00f3rum Nacional Confap e Consecti que reuniu, em Goi\u00e2nia, secret\u00e1rios de Ci\u00eancia, Tecnologia e Inova\u00e7\u00e3o, al\u00e9m de presidentes de Funda\u00e7\u00f5es de Amparo \u00e0 Pesquisa de todo o pa\u00eds.<\/p>\n<p>A iniciativa, que faz parte do programa Cerrado Tech, busca estimular a proposi\u00e7\u00e3o de solu\u00e7\u00f5es inovadoras capazes de transformar a riqueza natural e cultural da regi\u00e3o em oportunidades de inova\u00e7\u00e3o e inclus\u00e3o social, articulando ci\u00eancia, tecnologia e saberes tradicionais.<\/p>\n<p>O objetivo \u00e9 incentivar solu\u00e7\u00f5es que fortale\u00e7am as cadeias produtivas locais e promovam o uso sustent\u00e1vel dos recursos naturais do Cerrado. As propostas devem ser submetidas, nesta primeira etapa do processo \u2013 de Enquadramento, na plataforma Sparkx OPP Fapeg (<a href=\"http:\/\/sparkx.fapeg.go.gov.br\/#\/public\/login\">sparkx.fapeg.go.gov.br\/#\/public\/login<\/a>), at\u00e9 13 de fevereiro de 2026.<\/p>\n<p>O prazo de execu\u00e7\u00e3o dos projetos \u00e9 de 18 meses. O n\u00famero de propostas a serem selecionadas est\u00e1 condicionado aos recursos dispon\u00edveis na chamada e ser\u00e3o distribu\u00eddos conforme as faixas de financiamento, de acordo com o escopo, complexidade e metas pretendidas pelos proponentes.<\/p>\n<p><strong>Ser\u00e3o duas faixas de financiamento: de pequeno porte, com valor m\u00e1ximo de R$50 mil por proposta, e m\u00e9dio ou grande porte, de R$ 100 mil; e ser\u00e1 justificada com base na abrang\u00eancia territorial, n\u00famero de benefici\u00e1rios, escopo t\u00e9cnico e articula\u00e7\u00f5es institucionais envolvidas na proposta.<\/strong><\/p>\n<blockquote class=\"wp-block-quote is-layout-flow wp-block-quote-is-layout-flow\"><p>\u201cEsperamos que os projetos apoiados promovam impactos concretos e mensur\u00e1veis nas comunidades e territ\u00f3rios do Nordeste goiano. Queremos fomentar um modelo de desenvolvimento regional que respeite os modos de vida tradicionais, estimule o uso respons\u00e1vel da biodiversidade do Cerrado, fortale\u00e7a as cadeias produtivas sustent\u00e1veis locais, contribua para a redu\u00e7\u00e3o das desigualdades sociais e promova a integra\u00e7\u00e3o entre ensino, pesquisa e extens\u00e3o em redes\u201d, destacou o presidente da Fapeg, Marcos Arriel.<\/p><\/blockquote>\n<p>Titular da Secti, Jos\u00e9 Frederico Lyra Netto afirma que o programa Cerrado Tech nasce para transformar conhecimento em oportunidade e para valorizar o conhecimento local.<\/p>\n<blockquote class=\"wp-block-quote is-layout-flow wp-block-quote-is-layout-flow\"><p>\u201cEstamos falando de ci\u00eancia aplicada ao desenvolvimento real das pessoas, com impacto direto nas comunidades do Nordeste goiano. \u00c9 uma iniciativa que traduz a nossa vis\u00e3o de educa\u00e7\u00e3o para o futuro: inovadora, sustent\u00e1vel e conectada \u00e0s voca\u00e7\u00f5es de Goi\u00e1s\u201d, afirma.<\/p><\/blockquote>\n<h2 class=\"wp-block-heading\">O programa<\/h2>\n<p>O Cerrado Tech \u00e9 uma iniciativa que nasce com o prop\u00f3sito de fortalecer a sociobioeconomia e a inova\u00e7\u00e3o no Nordeste goiano, regi\u00e3o reconhecida por sua biodiversidade, patrim\u00f4nio natural e potencial de desenvolvimento sustent\u00e1vel.\u00a0<strong>O edital foi constru\u00eddo para estimular solu\u00e7\u00f5es que valorizem os saberes tradicionais, impulsionem novas tecnologias e ampliem a integra\u00e7\u00e3o entre pesquisa, extens\u00e3o e desenvolvimento territorial.<\/strong><\/p>\n<p>Poder\u00e3o apresentar propostas pesquisadores, professores e t\u00e9cnicos de Institui\u00e7\u00f5es de Ensino Superior (IES) p\u00fablicas, ou privadas sem fins lucrativos (mestres ou doutores), bem como dos institutos de pesquisa, desde que atuem comprovadamente nas \u00e1reas de sociobioeconomia, desenvolvimento sustent\u00e1vel e sociobiodiversidade no Estado de Goi\u00e1s.<\/p>\n<p>As propostas devem estar inseridas em uma ou mais das tr\u00eas \u00e1reas tem\u00e1ticas:<\/p>\n<ul class=\"wp-block-list\">\n<li>Inova\u00e7\u00e3o tecnol\u00f3gica e processos produtivos;<\/li>\n<li>Inova\u00e7\u00e3o na comercializa\u00e7\u00e3o e mercados;<\/li>\n<li>Tecnologia e inova\u00e7\u00e3o para o turismo sustent\u00e1vel.<\/li>\n<\/ul>\n<p>O Nordeste goiano \u00e9 composto por 20 munic\u00edpios: Alto Para\u00edso de Goi\u00e1s, Buritin\u00f3polis, Campos Belos, Cavalcante, Colinas do Sul, Damian\u00f3polis, Divin\u00f3polis de Goi\u00e1s, Flores de Goi\u00e1s, Guarani de Goi\u00e1s, Iaciara, Mamba\u00ed, Monte Alegre de Goi\u00e1s, Nova Roma, Posse, S\u00e3o Domingos, S\u00e3o Jo\u00e3o d\u2019Alian\u00e7a, Simol\u00e2ndia, S\u00edtio d\u2019Abadia, Teresina de Goi\u00e1s e Vila Boa. Entre eles, Alto Para\u00edso de Goi\u00e1s, Cavalcante, Campos Belos e Posse, ficam na regi\u00e3o que abriga parte da Chapada dos Veadeiros, reconhecida pela Unesco como Patrim\u00f4nio Mundial.<\/p>\n<p>Apesar da import\u00e2ncia ambiental e cultural, o territ\u00f3rio ainda enfrenta desafios socioecon\u00f4micos, como o isolamento geogr\u00e1fico e a baixa diversifica\u00e7\u00e3o produtiva.<\/p>\n<h2 class=\"wp-block-heading\">Saiba mais<\/h2>\n<p><a href=\"https:\/\/agenciacoradenoticias.go.gov.br\/177519-com-r-474-milhoes-ciencia-inovacao-e-tecnologia-tera-21-editais\">Com R$ 47,4 milh\u00f5es, ci\u00eancia, inova\u00e7\u00e3o e tecnologia ter\u00e1 21 editais<\/a><\/p>\n","protected":false},"excerpt":{"rendered":"<p>O\u00a0edital foi lan\u00e7ado no dia 05 de dezembro pelo governador Ronaldo Caiado\u00a0durante o F\u00f3rum Nacional Confap e Consecti que reuniu, em Goi\u00e2nia, secret\u00e1rios de Ci\u00eancia, Tecnologia e Inova\u00e7\u00e3o, al\u00e9m de&hellip;<\/p>\n","protected":false},"author":1,"featured_media":350335,"comment_status":"closed","ping_status":"open","sticky":false,"template":"","format":"standard","meta":{"footnotes":""},"categories":[42],"tags":[],"class_list":["post-350334","post","type-post","status-publish","format-standard","has-post-thumbnail","hentry","category-ultimas"],"_links":{"self":[{"href":"https:\/\/blogfolhadocomercio.com.br\/wp\/wp-json\/wp\/v2\/posts\/350334","targetHints":{"allow":["GET"]}}],"collection":[{"href":"https:\/\/blogfolhadocomercio.com.br\/wp\/wp-json\/wp\/v2\/posts"}],"about":[{"href":"https:\/\/blogfolhadocomercio.com.br\/wp\/wp-json\/wp\/v2\/types\/post"}],"author":[{"embeddable":true,"href":"https:\/\/blogfolhadocomercio.com.br\/wp\/wp-json\/wp\/v2\/users\/1"}],"replies":[{"embeddable":true,"href":"https:\/\/blogfolhadocomercio.com.br\/wp\/wp-json\/wp\/v2\/comments?post=350334"}],"version-history":[{"count":1,"href":"https:\/\/blogfolhadocomercio.com.br\/wp\/wp-json\/wp\/v2\/posts\/350334\/revisions"}],"predecessor-version":[{"id":350336,"href":"https:\/\/blogfolhadocomercio.com.br\/wp\/wp-json\/wp\/v2\/posts\/350334\/revisions\/350336"}],"wp:featuredmedia":[{"embeddable":true,"href":"https:\/\/blogfolhadocomercio.com.br\/wp\/wp-json\/wp\/v2\/media\/350335"}],"wp:attachment":[{"href":"https:\/\/blogfolhadocomercio.com.br\/wp\/wp-json\/wp\/v2\/media?parent=350334"}],"wp:term":[{"taxonomy":"category","embeddable":true,"href":"https:\/\/blogfolhadocomercio.com.br\/wp\/wp-json\/wp\/v2\/categories?post=350334"},{"taxonomy":"post_tag","embeddable":true,"href":"https:\/\/blogfolhadocomercio.com.br\/wp\/wp-json\/wp\/v2\/tags?post=350334"}],"curies":[{"name":"wp","href":"https:\/\/api.w.org\/{rel}","templated":true}]}}