{"id":350237,"date":"2025-12-09T10:17:10","date_gmt":"2025-12-09T13:17:10","guid":{"rendered":"https:\/\/blogfolhadocomercio.com.br\/wp\/?p=350237"},"modified":"2025-12-09T10:17:10","modified_gmt":"2025-12-09T13:17:10","slug":"homem-e-neta-morrem-e-tem-bens-saqueados-apos-carro-sair-da-pista-e-atingir-arvore-em-hidrolandia","status":"publish","type":"post","link":"https:\/\/blogfolhadocomercio.com.br\/wp\/2025\/12\/09\/homem-e-neta-morrem-e-tem-bens-saqueados-apos-carro-sair-da-pista-e-atingir-arvore-em-hidrolandia\/","title":{"rendered":"Homem e neta morrem e t\u00eam bens saqueados ap\u00f3s carro sair da pista e atingir \u00e1rvore, em Hidrol\u00e2ndia"},"content":{"rendered":"<p><img decoding=\"async\" src=\"https:\/\/uploads.maisgoias.com.br\/2025\/12\/08170422\/acidente.webp\" alt=\"acidenteHomem e neta de 8 anos morrem ap\u00f3s carro sair da pista e atingir \u00e1rvore, em Hidrol\u00e2ndia\" \/><\/p>\n<p>Um homem de 58 anos e sua neta de 8 anos morreram ap\u00f3s o carro em que estavam sair da pista e atingir uma \u00e1rvore no km 334 da BR-153, em Hidrol\u00e2ndia. O acidente aconteceu na tarde de s\u00e1bado (6) e o av\u00f4 da menina, que conduzia o ve\u00edculo, perdeu o controle da dire\u00e7\u00e3o por raz\u00f5es que ainda ser\u00e3o investigadas. Quando as autoridades chegaram ao local, os pertences das v\u00edtimas tinham sido saqueados.<\/p>\n<div id=\"inread1\" class=\"square-ad\" data-google-query-id=\"CK6dzbzLsJEDFWVu3QId8dkOOQ\">\n<div id=\"google_ads_iframe_\/176290677\/maisgoias\/inread1_0__container__\"><\/div>\n<\/div>\n<p>Ao\u00a0<strong><a href=\"https:\/\/www.maisgoias.com.br\/\" target=\"_blank\" rel=\"noreferrer noopener\">Mais Goi\u00e1s<\/a><\/strong>, o Corpo de Bombeiros Militar de Goi\u00e1s (CBMGO) informou que os dois j\u00e1 estavam mortos quando a equipe chegou ao local. Segundo o CBMGO, a concession\u00e1ria da via confirmou que a cena do acidente foi saqueada, com malas abertas e pertences das v\u00edtimas levados, exceto os documentos. N\u00e3o h\u00e1 informa\u00e7\u00f5es acerca de suspeitos.<\/p>\n<p>A corpora\u00e7\u00e3o aguardou a chegada do Instituto M\u00e9dico Legal (IML) e, ap\u00f3s registros, desencarcerou as v\u00edtimas do carro e entregou os corpos. As identidades n\u00e3o foram divulgadas.<\/p>\n<p>Segundo a Pol\u00edcia Rodovi\u00e1ria Federal (PRF), o ve\u00edculo trafegava pela faixa da esquerda, no sentido Goi\u00e2nia-Morrinhos, quando o condutor perdeu o controle e foi parar na margem da rodovia, atingindo uma \u00e1rvore. O carro ficou destru\u00eddo. A crian\u00e7a estava no banco traseiro, na cadeirinha. N\u00e3o havia mais pessoas no carro.<\/p>\n<p><strong>Por Mais Goi\u00e1s<\/strong><\/p>\n","protected":false},"excerpt":{"rendered":"<p>Um homem de 58 anos e sua neta de 8 anos morreram ap\u00f3s o carro em que estavam sair da pista e atingir uma \u00e1rvore no km 334 da BR-153,&hellip;<\/p>\n","protected":false},"author":1,"featured_media":350238,"comment_status":"closed","ping_status":"open","sticky":false,"template":"","format":"standard","meta":{"footnotes":""},"categories":[42],"tags":[],"class_list":["post-350237","post","type-post","status-publish","format-standard","has-post-thumbnail","hentry","category-ultimas"],"_links":{"self":[{"href":"https:\/\/blogfolhadocomercio.com.br\/wp\/wp-json\/wp\/v2\/posts\/350237","targetHints":{"allow":["GET"]}}],"collection":[{"href":"https:\/\/blogfolhadocomercio.com.br\/wp\/wp-json\/wp\/v2\/posts"}],"about":[{"href":"https:\/\/blogfolhadocomercio.com.br\/wp\/wp-json\/wp\/v2\/types\/post"}],"author":[{"embeddable":true,"href":"https:\/\/blogfolhadocomercio.com.br\/wp\/wp-json\/wp\/v2\/users\/1"}],"replies":[{"embeddable":true,"href":"https:\/\/blogfolhadocomercio.com.br\/wp\/wp-json\/wp\/v2\/comments?post=350237"}],"version-history":[{"count":1,"href":"https:\/\/blogfolhadocomercio.com.br\/wp\/wp-json\/wp\/v2\/posts\/350237\/revisions"}],"predecessor-version":[{"id":350239,"href":"https:\/\/blogfolhadocomercio.com.br\/wp\/wp-json\/wp\/v2\/posts\/350237\/revisions\/350239"}],"wp:featuredmedia":[{"embeddable":true,"href":"https:\/\/blogfolhadocomercio.com.br\/wp\/wp-json\/wp\/v2\/media\/350238"}],"wp:attachment":[{"href":"https:\/\/blogfolhadocomercio.com.br\/wp\/wp-json\/wp\/v2\/media?parent=350237"}],"wp:term":[{"taxonomy":"category","embeddable":true,"href":"https:\/\/blogfolhadocomercio.com.br\/wp\/wp-json\/wp\/v2\/categories?post=350237"},{"taxonomy":"post_tag","embeddable":true,"href":"https:\/\/blogfolhadocomercio.com.br\/wp\/wp-json\/wp\/v2\/tags?post=350237"}],"curies":[{"name":"wp","href":"https:\/\/api.w.org\/{rel}","templated":true}]}}