{"id":349358,"date":"2025-12-02T09:23:36","date_gmt":"2025-12-02T12:23:36","guid":{"rendered":"https:\/\/blogfolhadocomercio.com.br\/wp\/?p=349358"},"modified":"2025-12-02T09:23:36","modified_gmt":"2025-12-02T12:23:36","slug":"murilo-huff-esclarece-compra-milionaria-e-uma-vaca-nao-paguei-no-pix","status":"publish","type":"post","link":"https:\/\/blogfolhadocomercio.com.br\/wp\/2025\/12\/02\/murilo-huff-esclarece-compra-milionaria-e-uma-vaca-nao-paguei-no-pix\/","title":{"rendered":"Murilo Huff esclarece compra milion\u00e1ria: \u2018\u00c9 uma vaca, n\u00e3o paguei no Pix\u2019"},"content":{"rendered":"<p><img decoding=\"async\" src=\"https:\/\/uploads.maisgoias.com.br\/2025\/12\/01185132\/whatsapp-image-2025-12-01-at-15-50-20-1200x675.webp\" alt=\"Murilo Huff esclarece compra milion\u00e1ria: '\u00c9 uma vaca, n\u00e3o paguei no Pix' Sertanejo adquiriu uma cota da vaca Donna FIV CIAV\" \/><\/p>\n<p>Murilo Huff, sertanejo que ficou famoso ap\u00f3s o relacionamento com Mar\u00edlia Mendon\u00e7a, voltou a chamar aten\u00e7\u00e3o do p\u00fablico ao explicar a compra milion\u00e1ria que realizou no mercado agropecu\u00e1rio. O cantor adquiriu uma cota da vaca Donna FIV CIAV, avaliada em R$ 54 milh\u00f5es, durante um leil\u00e3o em 20 de novembro. O neg\u00f3cio, considerado estrat\u00e9gico entre criadores de elite, rapidamente ganhou repercuss\u00e3o e levantou d\u00favidas sobre o valor e a participa\u00e7\u00e3o do artista no investimento.<\/p>\n<ul class=\"wp-block-list\">\n<li><strong><a href=\"https:\/\/www.maisgoias.com.br\/brasil\/vaca-nelore-comprada-por-cantor-sertanejo-quebra-recorde-mundial-de-preco-veja-o-valor\/\" target=\"_blank\" rel=\"noreferrer noopener\">Vaca Nelore comprada por cantor sertanejo quebra recorde mundial de pre\u00e7o; veja o valor<\/a><\/strong><\/li>\n<\/ul>\n<p>O sertanejo contou que decidiu integrar o seleto grupo de propriet\u00e1rios porque a aquisi\u00e7\u00e3o refor\u00e7a o trabalho da Nelore Huff, empresa da qual \u00e9 s\u00f3cio. O objetivo, segundo ele, \u00e9 fortalecer o plantel com matrizes de alta qualidade gen\u00e9tica. \u201cA Donna bateu o recorde mundial. \u00c9 mais um animal do plantel da Nelore Huff. Acho que vem para refor\u00e7ar o compromisso da nossa empresa de entregar gen\u00e9tica de alt\u00edssima qualidade\u201d, afirmou ao portal LeoDias.<\/p>\n<p>Murilo disse ainda que a opera\u00e7\u00e3o tem import\u00e2ncia muito maior dentro do setor do que o valor milion\u00e1rio que viralizou nas manchetes. Para ele, trata-se de um investimento t\u00e9cnico, que posiciona sua marca entre os principais nomes da pecu\u00e1ria seletiva. \u201cA Donna \u00e9 dona de uma das melhores gen\u00e9ticas do mundo\u2026 E \u00e9 uma honra fazer parte da fam\u00edlia nelorista\u201d, destacou.<\/p>\n<ul class=\"wp-block-list\">\n<li><strong>Murilo Huff rebate acusa\u00e7\u00e3o sobre\u00a0<a href=\"https:\/\/www.maisgoias.com.br\/entretenimento\/murilo-huff-rebate-acusacao-sobre-uso-do-dinheiro-do-filho-apos-comprar-a-vaca-mais-cara-do-mundo-trabalho\/\" target=\"_blank\" rel=\"noreferrer noopener\">uso do dinheiro do filho ap\u00f3s comprar a vaca mais cara do mundo: \u2018Trabalho\u2019<\/a><\/strong><\/li>\n<\/ul>\n<p>A curiosidade do p\u00fablico sobre os R$ 54 milh\u00f5es fez o artista esclarecer um ponto essencial: ele n\u00e3o comprou o animal sozinho. \u201cA Nelore Huff, junto com o Nelore Traia, da banda Traia V\u00e9ia, adquiriu 25% da vaca.\u00a0<strong>\u00c9 uma vaca, n\u00e3o paguei no Pix n\u00e3o<\/strong>, t\u00e1, gente? A galera posta a\u00ed e parece que a gente pagou no Pix R$ 54 milh\u00f5es\u201d, brincou.<\/p>\n<div id=\"inread2\" class=\"square-ad\" data-google-query-id=\"CM-Ni7jynpEDFfmrYQYdwWwcWw\">\n<div id=\"google_ads_iframe_\/176290677\/maisgoias\/inread2_0__container__\"><\/div>\n<\/div>\n<p>Murilo tamb\u00e9m explicou que a opera\u00e7\u00e3o segue um modelo comum no setor, em que animais de alto valor funcionam como ativos capazes de gerar lucro ao longo dos anos. \u201cA gente \u00e9 s\u00f3cio na vaca, n\u00e3o somos os \u00fanicos donos. Mas \u00e9 um animal que \u00e9 como se fosse uma empresa: gera renda, gera lucro atrav\u00e9s da venda de embri\u00f5es e de filhos. \u00c9 um projeto de muito sucesso\u201d, completou.<\/p>\n<p><strong>Por Mais Goi\u00e1s<\/strong><\/p>\n","protected":false},"excerpt":{"rendered":"<p>Murilo Huff, sertanejo que ficou famoso ap\u00f3s o relacionamento com Mar\u00edlia Mendon\u00e7a, voltou a chamar aten\u00e7\u00e3o do p\u00fablico ao explicar a compra milion\u00e1ria que realizou no mercado agropecu\u00e1rio. O cantor&hellip;<\/p>\n","protected":false},"author":1,"featured_media":349359,"comment_status":"closed","ping_status":"open","sticky":false,"template":"","format":"standard","meta":{"footnotes":""},"categories":[42],"tags":[],"class_list":["post-349358","post","type-post","status-publish","format-standard","has-post-thumbnail","hentry","category-ultimas"],"_links":{"self":[{"href":"https:\/\/blogfolhadocomercio.com.br\/wp\/wp-json\/wp\/v2\/posts\/349358","targetHints":{"allow":["GET"]}}],"collection":[{"href":"https:\/\/blogfolhadocomercio.com.br\/wp\/wp-json\/wp\/v2\/posts"}],"about":[{"href":"https:\/\/blogfolhadocomercio.com.br\/wp\/wp-json\/wp\/v2\/types\/post"}],"author":[{"embeddable":true,"href":"https:\/\/blogfolhadocomercio.com.br\/wp\/wp-json\/wp\/v2\/users\/1"}],"replies":[{"embeddable":true,"href":"https:\/\/blogfolhadocomercio.com.br\/wp\/wp-json\/wp\/v2\/comments?post=349358"}],"version-history":[{"count":1,"href":"https:\/\/blogfolhadocomercio.com.br\/wp\/wp-json\/wp\/v2\/posts\/349358\/revisions"}],"predecessor-version":[{"id":349360,"href":"https:\/\/blogfolhadocomercio.com.br\/wp\/wp-json\/wp\/v2\/posts\/349358\/revisions\/349360"}],"wp:featuredmedia":[{"embeddable":true,"href":"https:\/\/blogfolhadocomercio.com.br\/wp\/wp-json\/wp\/v2\/media\/349359"}],"wp:attachment":[{"href":"https:\/\/blogfolhadocomercio.com.br\/wp\/wp-json\/wp\/v2\/media?parent=349358"}],"wp:term":[{"taxonomy":"category","embeddable":true,"href":"https:\/\/blogfolhadocomercio.com.br\/wp\/wp-json\/wp\/v2\/categories?post=349358"},{"taxonomy":"post_tag","embeddable":true,"href":"https:\/\/blogfolhadocomercio.com.br\/wp\/wp-json\/wp\/v2\/tags?post=349358"}],"curies":[{"name":"wp","href":"https:\/\/api.w.org\/{rel}","templated":true}]}}