{"id":348806,"date":"2025-11-21T11:02:33","date_gmt":"2025-11-21T14:02:33","guid":{"rendered":"https:\/\/blogfolhadocomercio.com.br\/wp\/?p=348806"},"modified":"2025-11-21T11:02:33","modified_gmt":"2025-11-21T14:02:33","slug":"homem-e-preso-suspeito-de-homicidio-qualificado-por-camisa-em-anapolis","status":"publish","type":"post","link":"https:\/\/blogfolhadocomercio.com.br\/wp\/2025\/11\/21\/homem-e-preso-suspeito-de-homicidio-qualificado-por-camisa-em-anapolis\/","title":{"rendered":"Homem \u00e9 preso suspeito de homic\u00eddio qualificado por camisa em An\u00e1polis"},"content":{"rendered":"<p><img decoding=\"async\" src=\"https:\/\/uploads.maisgoias.com.br\/2025\/11\/19130658\/untitled-design-1200x675.webp\" alt=\"Untitled design\" \/><\/p>\n<p>Um homem foi preso na ter\u00e7a-feira (18) em An\u00e1polis, suspeito de matar outro rapaz com\u00a0<a href=\"https:\/\/www.maisgoias.com.br\/cidades\/homem-e-morto-a-facadas-apos-discussao-familiar-em-aparecida-de-goiania\/amp\/\" target=\"_blank\" rel=\"noreferrer noopener\">golpes de faca<\/a>\u00a0na cidade ap\u00f3s uma discuss\u00e3o por conta de uma camisa. O crime ocorreu em 6 de setembro de 2025, no Bairro Calixtol\u00e2ndia, e foi presenciado por testemunhas que estavam no local.<\/p>\n<div id=\"inread1\" class=\"square-ad\">\n<div id=\"google_ads_iframe_\/176290677\/maisgoias\/inread1_0__container__\"><\/div>\n<\/div>\n<p>Segundo elas, a v\u00edtima abordou uma mulher na rua que usava uma pe\u00e7a de roupa supostamente pertencente a ela, pedindo que fosse devolvida. A situa\u00e7\u00e3o evoluiu para uma briga, momento em que o suspeito, que estava com a mo\u00e7a, entrou em uma resid\u00eancia, pegou uma faca e atingiu a v\u00edtima no pesco\u00e7o. O homem n\u00e3o resistiu aos ferimentos e morreu no local.<\/p>\n<p><strong>LEIA MAIS:<\/strong><\/p>\n<ul class=\"wp-block-list\">\n<li><strong><a href=\"https:\/\/www.maisgoias.com.br\/cidades\/confraternizacao-familiar-quase-termina-em-morte-com-golpes-de-faca-e-tesoura-em-aparecida\/amp\/\" target=\"_blank\" rel=\"noreferrer noopener\">Confraterniza\u00e7\u00e3o familiar quase termina em morte com golpes de faca e tesoura em Aparecida<\/a><\/strong><\/li>\n<li><strong><a href=\"https:\/\/www.maisgoias.com.br\/cidades\/homem-morre-apos-ser-esfaqueado-durante-briga-na-5a-avenida-em-goiania\/amp\/\" target=\"_blank\" rel=\"noreferrer noopener\">Homem morre ap\u00f3s ser esfaqueado durante briga na 5\u00aa Avenida, em Goi\u00e2ni<\/a><\/strong><\/li>\n<li><strong><a href=\"https:\/\/www.maisgoias.com.br\/cidades\/homem-morto-golpes-de-faca-distribuidora-goiania\/amp\/\" target=\"_blank\" rel=\"noreferrer noopener\">Homem \u00e9 morto com golpes de faca em distribuidora em Goi\u00e2nia<\/a><\/strong><\/li>\n<\/ul>\n<p>A partir da\u00ed, uma equipe do Grupo de Investiga\u00e7\u00e3o de Homic\u00eddios (GIH) de An\u00e1polis iniciou os trabalhos de busca para encontrar o suspeito que fugiu do local ap\u00f3s o crime, mas foi identificado e preso. O inqu\u00e9rito foi conclu\u00eddo e ele foi indiciado por homic\u00eddio qualificado, por motivo f\u00fatil e sem possibilidade de defesa da v\u00edtima.<\/p>\n<p>Com base nos elementos reunidos, a autoridade policial representou ao Poder Judici\u00e1rio pela\u00a0<a href=\"https:\/\/www.maisgoias.com.br\/cidades\/mendigata-de-goias-e-presa-suspeita-de-mandar-matar-morador-de-rua-em-goiania\/amp\/\" target=\"_blank\" rel=\"noreferrer noopener\">pris\u00e3o<\/a>\u00a0preventiva do autor, que foi deferida e cumprida pela equipe do GIH na ter\u00e7a-feira.<\/p>\n<p><strong>Por Mais Goi\u00e1s<\/strong><\/p>\n","protected":false},"excerpt":{"rendered":"<p>Um homem foi preso na ter\u00e7a-feira (18) em An\u00e1polis, suspeito de matar outro rapaz com\u00a0golpes de faca\u00a0na cidade ap\u00f3s uma discuss\u00e3o por conta de uma camisa. O crime ocorreu em&hellip;<\/p>\n","protected":false},"author":1,"featured_media":348807,"comment_status":"closed","ping_status":"open","sticky":false,"template":"","format":"standard","meta":{"footnotes":""},"categories":[42],"tags":[],"class_list":["post-348806","post","type-post","status-publish","format-standard","has-post-thumbnail","hentry","category-ultimas"],"_links":{"self":[{"href":"https:\/\/blogfolhadocomercio.com.br\/wp\/wp-json\/wp\/v2\/posts\/348806","targetHints":{"allow":["GET"]}}],"collection":[{"href":"https:\/\/blogfolhadocomercio.com.br\/wp\/wp-json\/wp\/v2\/posts"}],"about":[{"href":"https:\/\/blogfolhadocomercio.com.br\/wp\/wp-json\/wp\/v2\/types\/post"}],"author":[{"embeddable":true,"href":"https:\/\/blogfolhadocomercio.com.br\/wp\/wp-json\/wp\/v2\/users\/1"}],"replies":[{"embeddable":true,"href":"https:\/\/blogfolhadocomercio.com.br\/wp\/wp-json\/wp\/v2\/comments?post=348806"}],"version-history":[{"count":1,"href":"https:\/\/blogfolhadocomercio.com.br\/wp\/wp-json\/wp\/v2\/posts\/348806\/revisions"}],"predecessor-version":[{"id":348808,"href":"https:\/\/blogfolhadocomercio.com.br\/wp\/wp-json\/wp\/v2\/posts\/348806\/revisions\/348808"}],"wp:featuredmedia":[{"embeddable":true,"href":"https:\/\/blogfolhadocomercio.com.br\/wp\/wp-json\/wp\/v2\/media\/348807"}],"wp:attachment":[{"href":"https:\/\/blogfolhadocomercio.com.br\/wp\/wp-json\/wp\/v2\/media?parent=348806"}],"wp:term":[{"taxonomy":"category","embeddable":true,"href":"https:\/\/blogfolhadocomercio.com.br\/wp\/wp-json\/wp\/v2\/categories?post=348806"},{"taxonomy":"post_tag","embeddable":true,"href":"https:\/\/blogfolhadocomercio.com.br\/wp\/wp-json\/wp\/v2\/tags?post=348806"}],"curies":[{"name":"wp","href":"https:\/\/api.w.org\/{rel}","templated":true}]}}