{"id":348785,"date":"2025-11-21T10:49:55","date_gmt":"2025-11-21T13:49:55","guid":{"rendered":"https:\/\/blogfolhadocomercio.com.br\/wp\/?p=348785"},"modified":"2025-11-21T10:49:55","modified_gmt":"2025-11-21T13:49:55","slug":"camara-quer-que-eduardo-bolsonaro-devolva-o-salario-de-marco-2","status":"publish","type":"post","link":"https:\/\/blogfolhadocomercio.com.br\/wp\/2025\/11\/21\/camara-quer-que-eduardo-bolsonaro-devolva-o-salario-de-marco-2\/","title":{"rendered":"C\u00e2mara quer que Eduardo Bolsonaro devolva o sal\u00e1rio de mar\u00e7o"},"content":{"rendered":"<p><img decoding=\"async\" src=\"https:\/\/uploads.maisgoias.com.br\/2025\/11\/19205339\/1200-800-2025-11-19t175326-905-1200x675.webp\" alt=\"C\u00e2mara quer que Eduardo Bolsonaro devolva o sal\u00e1rio de mar\u00e7o (Foto: Ag\u00eancia Brasil)\" \/><\/p>\n<p>Em raz\u00e3o de faltas n\u00e3o justificadas em mar\u00e7o de 2025, a C\u00e2mara pede que o deputado federal Eduardo Bolsonaro (PL-SP) devolva o sal\u00e1rio alusivo \u00e0quele m\u00eas, no valor de R$ 13.941,40. Em mar\u00e7o, Eduardo ainda estava no Brasil e n\u00e3o havia protocolado o pedido de licen\u00e7a, mas n\u00e3o apareceu para trabalhar.<\/p>\n<ul class=\"wp-block-list\">\n<li><a href=\"https:\/\/www.maisgoias.com.br\/politica\/lula-e-eduardo-bolsonaro-lideram-rejeicao-presidencial-em-goias-aponta-goias-pesquisas-mais-goias\/\">Lula e Eduardo Bolsonaro lideram rejei\u00e7\u00e3o presidencial em Goi\u00e1s, aponta Goi\u00e1s Pesquisas\/Mais Goi\u00e1s<\/a><\/li>\n<\/ul>\n<p>A C\u00e2mara tentou reaver o dinheiro depois de constatar que o parlamentar n\u00e3o apareceu nas sess\u00f5es plen\u00e1rias, e que, portanto, o pagamento foi indevido. No entanto, o Congresso n\u00e3o encontrou recursos dispon\u00edveis na conta de Eduardo.<\/p>\n<p>A informa\u00e7\u00e3o \u00e9 de Larissa Rodrigues, da CNN. Por causa da dificuldade da C\u00e2mara em recuperar o valor, a Procuradoria-Geral da Fazenda Nacional (PGFN) inscreveu o filho do ex-presidente Jair Bolsonaro na D\u00edvida Ativa da Uni\u00e3o.<\/p>\n<p>O pedido de afastamento de Eduardo era de 120 dias; por\u00e9m, como ele n\u00e3o voltou ao t\u00e9rmino desse prazo, o Supremo Tribunal Federal (STF) determinou que os sal\u00e1rios dos meses seguintes sejam depositados em ju\u00edzo.<\/p>\n<p><strong>Por Mais Goi\u00e1s<\/strong><\/p>\n","protected":false},"excerpt":{"rendered":"<p>Em raz\u00e3o de faltas n\u00e3o justificadas em mar\u00e7o de 2025, a C\u00e2mara pede que o deputado federal Eduardo Bolsonaro (PL-SP) devolva o sal\u00e1rio alusivo \u00e0quele m\u00eas, no valor de R$&hellip;<\/p>\n","protected":false},"author":1,"featured_media":348786,"comment_status":"closed","ping_status":"open","sticky":false,"template":"","format":"standard","meta":{"footnotes":""},"categories":[42],"tags":[],"class_list":["post-348785","post","type-post","status-publish","format-standard","has-post-thumbnail","hentry","category-ultimas"],"_links":{"self":[{"href":"https:\/\/blogfolhadocomercio.com.br\/wp\/wp-json\/wp\/v2\/posts\/348785","targetHints":{"allow":["GET"]}}],"collection":[{"href":"https:\/\/blogfolhadocomercio.com.br\/wp\/wp-json\/wp\/v2\/posts"}],"about":[{"href":"https:\/\/blogfolhadocomercio.com.br\/wp\/wp-json\/wp\/v2\/types\/post"}],"author":[{"embeddable":true,"href":"https:\/\/blogfolhadocomercio.com.br\/wp\/wp-json\/wp\/v2\/users\/1"}],"replies":[{"embeddable":true,"href":"https:\/\/blogfolhadocomercio.com.br\/wp\/wp-json\/wp\/v2\/comments?post=348785"}],"version-history":[{"count":1,"href":"https:\/\/blogfolhadocomercio.com.br\/wp\/wp-json\/wp\/v2\/posts\/348785\/revisions"}],"predecessor-version":[{"id":348787,"href":"https:\/\/blogfolhadocomercio.com.br\/wp\/wp-json\/wp\/v2\/posts\/348785\/revisions\/348787"}],"wp:featuredmedia":[{"embeddable":true,"href":"https:\/\/blogfolhadocomercio.com.br\/wp\/wp-json\/wp\/v2\/media\/348786"}],"wp:attachment":[{"href":"https:\/\/blogfolhadocomercio.com.br\/wp\/wp-json\/wp\/v2\/media?parent=348785"}],"wp:term":[{"taxonomy":"category","embeddable":true,"href":"https:\/\/blogfolhadocomercio.com.br\/wp\/wp-json\/wp\/v2\/categories?post=348785"},{"taxonomy":"post_tag","embeddable":true,"href":"https:\/\/blogfolhadocomercio.com.br\/wp\/wp-json\/wp\/v2\/tags?post=348785"}],"curies":[{"name":"wp","href":"https:\/\/api.w.org\/{rel}","templated":true}]}}