{"id":348782,"date":"2025-11-21T10:47:59","date_gmt":"2025-11-21T13:47:59","guid":{"rendered":"https:\/\/blogfolhadocomercio.com.br\/wp\/?p=348782"},"modified":"2025-11-21T10:47:59","modified_gmt":"2025-11-21T13:47:59","slug":"adolescente-revela-ter-sido-abusada-e-ameacada-pelo-padrasto-durante-7-anos-em-sao-simao","status":"publish","type":"post","link":"https:\/\/blogfolhadocomercio.com.br\/wp\/2025\/11\/21\/adolescente-revela-ter-sido-abusada-e-ameacada-pelo-padrasto-durante-7-anos-em-sao-simao\/","title":{"rendered":"Adolescente revela ter sido abusada e amea\u00e7ada pelo padrasto durante 7 anos, em S\u00e3o Sim\u00e3o"},"content":{"rendered":"<p><img decoding=\"async\" src=\"https:\/\/uploads.maisgoias.com.br\/2025\/09\/091be09c-menina-1200x675.jpg\" \/><\/p>\n<p>Um homem foi preso na ter\u00e7a-feira (18) em S\u00e3o Sim\u00e3o, acusado de cometer crime de estupro de vulner\u00e1vel contra a pr\u00f3pria enteada. Em seu depoimento, a v\u00edtima afirmou que o investigado foi quem tirou sua virgindade e a coagiu com amea\u00e7as de morte para manter o sil\u00eancio. Ele teria dito que, se fosse preso, ao ser solto, a mataria.<\/p>\n<p>O caso foi revelado no \u00faltimo dia 13, quando a adolescente contou \u00e0 m\u00e3e que era v\u00edtima de\u00a0viol\u00eancia sexual\u00a0constante por parte do padrasto.\u00a0Os abusos, segundo relatos da menor, teriam come\u00e7ado quando a menina tinha apenas 7 anos de idade e se estenderam at\u00e9 os seus atuais 14 anos.<\/p>\n<p>A m\u00e3e da jovem informou \u00e0 pol\u00edcia que a filha est\u00e1 em\u00a0<strong>acompanhamento psicol\u00f3gico desde 2022<\/strong>, tratando de\u00a0<strong>crises de ansiedade, automutila\u00e7\u00e3o, tristeza profunda e idea\u00e7\u00e3o suicida<\/strong>. Os sintomas nunca haviam sido devidamente explicados.<\/p>\n<figure class=\"wp-block-gallery has-nested-images columns-default is-cropped wp-block-gallery-2 is-layout-flex wp-block-gallery-is-layout-flex\">\n<figure class=\"wp-block-image size-large\"><img loading=\"lazy\" decoding=\"async\" class=\"wp-image-1010526\" src=\"https:\/\/uploads.maisgoias.com.br\/2025\/11\/19204252\/captura-de-tela-2025-11-19-174200.webp\" sizes=\"auto, (max-width: 960px) 100vw, 960px\" srcset=\"https:\/\/uploads.maisgoias.com.br\/2025\/11\/19204252\/captura-de-tela-2025-11-19-174200.webp 960w, https:\/\/uploads.maisgoias.com.br\/2025\/11\/19204252\/captura-de-tela-2025-11-19-174200-450x300.webp 450w, https:\/\/uploads.maisgoias.com.br\/2025\/11\/19204252\/captura-de-tela-2025-11-19-174200-150x100.webp 150w, https:\/\/uploads.maisgoias.com.br\/2025\/11\/19204252\/captura-de-tela-2025-11-19-174200-600x400.webp 600w, https:\/\/uploads.maisgoias.com.br\/2025\/11\/19204252\/captura-de-tela-2025-11-19-174200-70x47.webp 70w, https:\/\/uploads.maisgoias.com.br\/2025\/11\/19204252\/captura-de-tela-2025-11-19-174200-120x80.webp 120w, https:\/\/uploads.maisgoias.com.br\/2025\/11\/19204252\/captura-de-tela-2025-11-19-174200-300x200.webp 300w, https:\/\/uploads.maisgoias.com.br\/2025\/11\/19204252\/captura-de-tela-2025-11-19-174200.webp 1200w\" alt=\"Captura de tela 2025-11-19 174200\" width=\"960\" height=\"640\" data-id=\"1010526\" \/><figcaption class=\"wp-element-caption\">Homem preso pelos abusos (Foto: Reprodu\u00e7\u00e3o)<\/figcaption><\/figure>\n<\/figure>\n<p>Segundo a genitora, ela nunca havia suspeitado do companheiro que trabalhava no per\u00edodo noturno e ficava sozinho em casa com a adolescente durante o dia.<\/p>\n<p>O homem foi localizado, preso e conduzido \u00e0 Delegacia de Pol\u00edcia de S\u00e3o Sim\u00e3o para os procedimentos cab\u00edveis. Ap\u00f3s a audi\u00eancia de cust\u00f3dia, ele permanece \u00e0 disposi\u00e7\u00e3o da Justi\u00e7a.<\/p>\n<p><strong>Por Mais Goi\u00e1s<\/strong><\/p>\n","protected":false},"excerpt":{"rendered":"<p>Um homem foi preso na ter\u00e7a-feira (18) em S\u00e3o Sim\u00e3o, acusado de cometer crime de estupro de vulner\u00e1vel contra a pr\u00f3pria enteada. Em seu depoimento, a v\u00edtima afirmou que o&hellip;<\/p>\n","protected":false},"author":1,"featured_media":348783,"comment_status":"closed","ping_status":"open","sticky":false,"template":"","format":"standard","meta":{"footnotes":""},"categories":[42],"tags":[],"class_list":["post-348782","post","type-post","status-publish","format-standard","has-post-thumbnail","hentry","category-ultimas"],"_links":{"self":[{"href":"https:\/\/blogfolhadocomercio.com.br\/wp\/wp-json\/wp\/v2\/posts\/348782","targetHints":{"allow":["GET"]}}],"collection":[{"href":"https:\/\/blogfolhadocomercio.com.br\/wp\/wp-json\/wp\/v2\/posts"}],"about":[{"href":"https:\/\/blogfolhadocomercio.com.br\/wp\/wp-json\/wp\/v2\/types\/post"}],"author":[{"embeddable":true,"href":"https:\/\/blogfolhadocomercio.com.br\/wp\/wp-json\/wp\/v2\/users\/1"}],"replies":[{"embeddable":true,"href":"https:\/\/blogfolhadocomercio.com.br\/wp\/wp-json\/wp\/v2\/comments?post=348782"}],"version-history":[{"count":1,"href":"https:\/\/blogfolhadocomercio.com.br\/wp\/wp-json\/wp\/v2\/posts\/348782\/revisions"}],"predecessor-version":[{"id":348784,"href":"https:\/\/blogfolhadocomercio.com.br\/wp\/wp-json\/wp\/v2\/posts\/348782\/revisions\/348784"}],"wp:featuredmedia":[{"embeddable":true,"href":"https:\/\/blogfolhadocomercio.com.br\/wp\/wp-json\/wp\/v2\/media\/348783"}],"wp:attachment":[{"href":"https:\/\/blogfolhadocomercio.com.br\/wp\/wp-json\/wp\/v2\/media?parent=348782"}],"wp:term":[{"taxonomy":"category","embeddable":true,"href":"https:\/\/blogfolhadocomercio.com.br\/wp\/wp-json\/wp\/v2\/categories?post=348782"},{"taxonomy":"post_tag","embeddable":true,"href":"https:\/\/blogfolhadocomercio.com.br\/wp\/wp-json\/wp\/v2\/tags?post=348782"}],"curies":[{"name":"wp","href":"https:\/\/api.w.org\/{rel}","templated":true}]}}