{"id":348760,"date":"2025-11-21T10:31:33","date_gmt":"2025-11-21T13:31:33","guid":{"rendered":"https:\/\/blogfolhadocomercio.com.br\/wp\/?p=348760"},"modified":"2025-11-21T10:31:33","modified_gmt":"2025-11-21T13:31:33","slug":"ciume-de-amiga-homem-e-preso-por-atacar-mulher-com-pedaco-de-madeira-em-caldas","status":"publish","type":"post","link":"https:\/\/blogfolhadocomercio.com.br\/wp\/2025\/11\/21\/ciume-de-amiga-homem-e-preso-por-atacar-mulher-com-pedaco-de-madeira-em-caldas\/","title":{"rendered":"Ci\u00fame de amiga: homem \u00e9 preso por atacar mulher com peda\u00e7o de madeira em Caldas"},"content":{"rendered":"<p><img decoding=\"async\" src=\"https:\/\/uploads.maisgoias.com.br\/2025\/11\/21122404\/whatsapp-image-2025-11-21-at-09-23-21-1200x675.webp\" alt=\"Imagem do homem preso\" \/><\/p>\n<p>Um homem de 23 anos foi preso em Caldas Novas, nesta quinta-feira (20), suspeito de tentar matar uma amiga da esposa com um\u00a0<a href=\"https:\/\/www.maisgoias.com.br\/cidades\/homem-e-preso-por-agredir-e-ameacar-mae-e-irma-com-chave-de-fenda-em-orizona\/\" target=\"_blank\" rel=\"noreferrer noopener\">peda\u00e7o de madeira<\/a> no in\u00edcio do m\u00eas. A v\u00edtima sofreu traumatismo craniano, permanece entubada e em estado grave em um hospital de Goi\u00e2nia. Segundo o delegado Alex Miller, da Delegacia Especializada de Atendimento \u00e0 Mulher (Deam), \u201cele acreditou que a amiga da companheira tivesse interesse afetivo nela; esse ci\u00fame acabou detonando toda a viol\u00eancia\u201d.<\/p>\n<p>O crime aconteceu no dia 9 de novembro. Naquele dia, o investigado estava com a companheira e uma amiga dela, consumindo \u00e1lcool e drogas. Segundo a pol\u00edcia, em determinado momento ele teria ficado com ci\u00fames da intera\u00e7\u00e3o entre as duas mulheres e iniciou uma discuss\u00e3o que rapidamente evoluiu para agress\u00f5es f\u00edsicas.<\/p>\n<p>No interrogat\u00f3rio, o investigado afirmou ter agido \u201cem defesa pr\u00f3pria\u201d e negou o uso do peda\u00e7o de madeira, alegando que teria dado apenas \u201cquatro socos\u201d na v\u00edtima. A pol\u00edcia, por\u00e9m, mant\u00e9m a vers\u00e3o inicial com base nos ferimentos e nos relatos das testemunhas.<\/p>\n<p><strong>LEIA MAIS<\/strong><\/p>\n<ul class=\"wp-block-list\">\n<li><strong><a href=\"https:\/\/www.maisgoias.com.br\/cidades\/anicuns-tentativa-de-feminicidio-acaba-com-homem-morto-e-irmao-esfaqueado\/#google_vignette\" target=\"_blank\" rel=\"noreferrer noopener\">Anicuns: tentativa de feminic\u00eddio acaba com homem morto e irm\u00e3o esfaqueado<\/a><\/strong><\/li>\n<li><strong><a href=\"https:\/\/www.maisgoias.com.br\/cidades\/homem-atira-contra-namorada-apos-ser-questionado-sobre-traicao-em-goiania\/\" target=\"_blank\" rel=\"noreferrer noopener\">Homem atira contra namorada ap\u00f3s ser questionado sobre trai\u00e7\u00e3o, em Goi\u00e2nia<br \/>\n<\/a><\/strong><\/li>\n<\/ul>\n<figure class=\"wp-block-image size-large\"><img loading=\"lazy\" decoding=\"async\" class=\"wp-image-1010852\" src=\"https:\/\/uploads.maisgoias.com.br\/2025\/11\/21122458\/whatsapp-image-2025-11-21-at-09-23-21-1.webp\" sizes=\"auto, (max-width: 960px) 100vw, 960px\" srcset=\"https:\/\/uploads.maisgoias.com.br\/2025\/11\/21122458\/whatsapp-image-2025-11-21-at-09-23-21-1.webp 960w, https:\/\/uploads.maisgoias.com.br\/2025\/11\/21122458\/whatsapp-image-2025-11-21-at-09-23-21-1-450x300.webp 450w, https:\/\/uploads.maisgoias.com.br\/2025\/11\/21122458\/whatsapp-image-2025-11-21-at-09-23-21-1-150x100.webp 150w, https:\/\/uploads.maisgoias.com.br\/2025\/11\/21122458\/whatsapp-image-2025-11-21-at-09-23-21-1-600x400.webp 600w, https:\/\/uploads.maisgoias.com.br\/2025\/11\/21122458\/whatsapp-image-2025-11-21-at-09-23-21-1-70x47.webp 70w, https:\/\/uploads.maisgoias.com.br\/2025\/11\/21122458\/whatsapp-image-2025-11-21-at-09-23-21-1-120x80.webp 120w, https:\/\/uploads.maisgoias.com.br\/2025\/11\/21122458\/whatsapp-image-2025-11-21-at-09-23-21-1-300x200.webp 300w\" alt=\"Imagem do homem preso\" width=\"960\" height=\"640\" \/><figcaption class=\"wp-element-caption\"><em>Homem de 23 anos foi preso suspeito de agredir a amiga da companheira ( Divulga\u00e7\u00e3o PCGO)<\/em><\/figcaption><\/figure>\n<p>A pris\u00e3o foi realizada no fim da tarde, com apoio da equipe de flagrantes da cidade e de acordo com o delegado, o caso \u00e9 investigado como homic\u00eddio qualificado, na forma tentada, al\u00e9m de viol\u00eancia dom\u00e9stica. \u201c\u00c9 uma ocorr\u00eancia de gravidade muito concreta. A v\u00edtima est\u00e1 h\u00e1 11 dias internada, sem previs\u00e3o de melhora\u201d, disse.<\/p>\n<p>A investiga\u00e7\u00e3o aponta que o jovem se armou com um peda\u00e7o de madeira e desferiu v\u00e1rios golpes na cabe\u00e7a da amiga da companheira. A mulher caiu desacordada e sofreu les\u00f5es graves. Ela foi socorrida pelo Servi\u00e7o de Atendimento M\u00f3vel de Urg\u00eancia (SAMU) e levada inicialmente \u00e0 UPA, onde sequer conseguiu ser identificada. \u201cEla vive em situa\u00e7\u00e3o de rua, \u00e9 dependente qu\u00edmica, n\u00e3o tinha documentos. Foi uma dificuldade at\u00e9 chegarmos \u00e0 identifica\u00e7\u00e3o dela\u201d, relatou o delegado.<\/p>\n<p>Depois de atacar a amiga, o suspeito ainda agrediu a pr\u00f3pria companheira, que tentou intervir para evitar que ele continuasse com as agress\u00f5es. Ela teve ferimentos na testa, mas se recusou a fazer exame de corpo de delito.<\/p>\n<p>As equipes da\u00a0<a href=\"https:\/\/www.policiacivil.go.gov.br\/\" target=\"_blank\" rel=\"noreferrer noopener\">Pol\u00edcia Civil<\/a>\u00a0seguiram reunindo imagens, informa\u00e7\u00f5es do hospital, conversas com o Minist\u00e9rio P\u00fablico e relatos de moradores. Com isso, houve representa\u00e7\u00e3o pela pris\u00e3o tempor\u00e1ria, que foi autorizada pelo Judici\u00e1rio. \u201cA gente conseguiu robustecer o conjunto de provas para pedir a pris\u00e3o. O juiz acolheu e hoje cumprimos o mandado\u201d, detalhou o delegado.<\/p>\n<p>A v\u00edtima permanece entubada, internada h\u00e1 11 dias e ainda em estado grave. As investiga\u00e7\u00f5es seguem para reunir outros elementos e encaminhar o inqu\u00e9rito ao Judici\u00e1rio. O nome do hospital em Goi\u00e2nia n\u00e3o foi divulgado.<\/p>\n<p><strong>Por Mais Goi\u00e1s<\/strong><\/p>\n","protected":false},"excerpt":{"rendered":"<p>Um homem de 23 anos foi preso em Caldas Novas, nesta quinta-feira (20), suspeito de tentar matar uma amiga da esposa com um\u00a0peda\u00e7o de madeira no in\u00edcio do m\u00eas. A&hellip;<\/p>\n","protected":false},"author":1,"featured_media":348761,"comment_status":"closed","ping_status":"open","sticky":false,"template":"","format":"standard","meta":{"footnotes":""},"categories":[42],"tags":[],"class_list":["post-348760","post","type-post","status-publish","format-standard","has-post-thumbnail","hentry","category-ultimas"],"_links":{"self":[{"href":"https:\/\/blogfolhadocomercio.com.br\/wp\/wp-json\/wp\/v2\/posts\/348760","targetHints":{"allow":["GET"]}}],"collection":[{"href":"https:\/\/blogfolhadocomercio.com.br\/wp\/wp-json\/wp\/v2\/posts"}],"about":[{"href":"https:\/\/blogfolhadocomercio.com.br\/wp\/wp-json\/wp\/v2\/types\/post"}],"author":[{"embeddable":true,"href":"https:\/\/blogfolhadocomercio.com.br\/wp\/wp-json\/wp\/v2\/users\/1"}],"replies":[{"embeddable":true,"href":"https:\/\/blogfolhadocomercio.com.br\/wp\/wp-json\/wp\/v2\/comments?post=348760"}],"version-history":[{"count":1,"href":"https:\/\/blogfolhadocomercio.com.br\/wp\/wp-json\/wp\/v2\/posts\/348760\/revisions"}],"predecessor-version":[{"id":348762,"href":"https:\/\/blogfolhadocomercio.com.br\/wp\/wp-json\/wp\/v2\/posts\/348760\/revisions\/348762"}],"wp:featuredmedia":[{"embeddable":true,"href":"https:\/\/blogfolhadocomercio.com.br\/wp\/wp-json\/wp\/v2\/media\/348761"}],"wp:attachment":[{"href":"https:\/\/blogfolhadocomercio.com.br\/wp\/wp-json\/wp\/v2\/media?parent=348760"}],"wp:term":[{"taxonomy":"category","embeddable":true,"href":"https:\/\/blogfolhadocomercio.com.br\/wp\/wp-json\/wp\/v2\/categories?post=348760"},{"taxonomy":"post_tag","embeddable":true,"href":"https:\/\/blogfolhadocomercio.com.br\/wp\/wp-json\/wp\/v2\/tags?post=348760"}],"curies":[{"name":"wp","href":"https:\/\/api.w.org\/{rel}","templated":true}]}}