{"id":347697,"date":"2025-11-03T23:18:40","date_gmt":"2025-11-04T02:18:40","guid":{"rendered":"https:\/\/blogfolhadocomercio.com.br\/wp\/?p=347697"},"modified":"2025-11-03T23:18:40","modified_gmt":"2025-11-04T02:18:40","slug":"campeao-olimpico-dante-acompanha-as-finais-do-catalao-open-de-volei","status":"publish","type":"post","link":"https:\/\/blogfolhadocomercio.com.br\/wp\/2025\/11\/03\/campeao-olimpico-dante-acompanha-as-finais-do-catalao-open-de-volei\/","title":{"rendered":"Campe\u00e3o ol\u00edmpico Dante acompanha as finais do Catal\u00e3o Open de V\u00f4lei"},"content":{"rendered":"<p><img decoding=\"async\" src=\"https:\/\/www.catalao.go.gov.br\/storage\/publications\/ee25354a76ae3a913594f72e3f488187.jpg\" alt=\"Campe\u00e3o ol\u00edmpico Dante acompanha as finais do Catal\u00e3o Open de V\u00f4lei\" \/><\/p>\n<p>O domingo (02\/11) foi movimentado no Gin\u00e1sio Internacional de Esportes, onde aconteceram as finais do Catal\u00e3o Open de V\u00f4lei. A arquibancada cheia e a energia do p\u00fablico mostraram a for\u00e7a do voleibol na cidade e o evento contou com uma presen\u00e7a especial: Dante Amaral, campe\u00e3o ol\u00edmpico e um dos maiores nomes da hist\u00f3ria do v\u00f4lei brasileiro.<\/p>\n<p>Natural de Itumbiara (GO), Dante veio a Catal\u00e3o para acompanhar os jogos decisivos, conversar com atletas e cumprimentar f\u00e3s que fizeram fila para garantir foto e aut\u00f3grafo. \u201cFico muito feliz de ver o voleibol sendo valorizado e praticado com tanta dedica\u00e7\u00e3o. Parab\u00e9ns a todos os competidores\u201d, disse o ex-atleta.<\/p>\n<p><strong>Resultados das finais<\/strong><br \/>\nNa categoria feminina, a equipe CRV (Pires do Rio) venceu o Praia Mix (Catal\u00e3o) por 3 sets a 1 e ficou com o t\u00edtulo. No masculino, o Solare representou Catal\u00e3o e tamb\u00e9m venceu Pires do Rio, pelo mesmo placar, levantando o trof\u00e9u da competi\u00e7\u00e3o.<\/p>\n<p><strong>Mais esporte para a cidade<\/strong><br \/>\nO Catal\u00e3o Open de V\u00f4lei integra o calend\u00e1rio esportivo municipal e tem como objetivo incentivar a pr\u00e1tica esportiva, ampliar o acesso da comunidade \u00e0s modalidades e fortalecer projetos locais.<\/p>\n<p>A realiza\u00e7\u00e3o \u00e9 da Prefeitura de Catal\u00e3o, por meio da Secretaria Municipal de Esportes.<\/p>\n<p>&nbsp;<\/p>\n<p><a href=\"https:\/\/www.flickr.com\/photos\/velomar15\/with\/54899165251\" target=\"_blank\" rel=\"noopener\">VEJA GALERIA DE FOTOS<\/a><\/p>\n<p>&nbsp;<\/p>\n<p><strong>SECOM | Prefeitura de Catal\u00e3o<\/strong><br \/>\n<strong>Texto<\/strong>: Kayce Ane Ribeiro<br \/>\n<strong>Fotos<\/strong>: Pedro Ara\u00fajo<\/p>\n","protected":false},"excerpt":{"rendered":"<p>O domingo (02\/11) foi movimentado no Gin\u00e1sio Internacional de Esportes, onde aconteceram as finais do Catal\u00e3o Open de V\u00f4lei. A arquibancada cheia e a energia do p\u00fablico mostraram a for\u00e7a&hellip;<\/p>\n","protected":false},"author":1,"featured_media":347698,"comment_status":"closed","ping_status":"open","sticky":false,"template":"","format":"standard","meta":{"footnotes":""},"categories":[42],"tags":[],"class_list":["post-347697","post","type-post","status-publish","format-standard","has-post-thumbnail","hentry","category-ultimas"],"_links":{"self":[{"href":"https:\/\/blogfolhadocomercio.com.br\/wp\/wp-json\/wp\/v2\/posts\/347697","targetHints":{"allow":["GET"]}}],"collection":[{"href":"https:\/\/blogfolhadocomercio.com.br\/wp\/wp-json\/wp\/v2\/posts"}],"about":[{"href":"https:\/\/blogfolhadocomercio.com.br\/wp\/wp-json\/wp\/v2\/types\/post"}],"author":[{"embeddable":true,"href":"https:\/\/blogfolhadocomercio.com.br\/wp\/wp-json\/wp\/v2\/users\/1"}],"replies":[{"embeddable":true,"href":"https:\/\/blogfolhadocomercio.com.br\/wp\/wp-json\/wp\/v2\/comments?post=347697"}],"version-history":[{"count":1,"href":"https:\/\/blogfolhadocomercio.com.br\/wp\/wp-json\/wp\/v2\/posts\/347697\/revisions"}],"predecessor-version":[{"id":347699,"href":"https:\/\/blogfolhadocomercio.com.br\/wp\/wp-json\/wp\/v2\/posts\/347697\/revisions\/347699"}],"wp:featuredmedia":[{"embeddable":true,"href":"https:\/\/blogfolhadocomercio.com.br\/wp\/wp-json\/wp\/v2\/media\/347698"}],"wp:attachment":[{"href":"https:\/\/blogfolhadocomercio.com.br\/wp\/wp-json\/wp\/v2\/media?parent=347697"}],"wp:term":[{"taxonomy":"category","embeddable":true,"href":"https:\/\/blogfolhadocomercio.com.br\/wp\/wp-json\/wp\/v2\/categories?post=347697"},{"taxonomy":"post_tag","embeddable":true,"href":"https:\/\/blogfolhadocomercio.com.br\/wp\/wp-json\/wp\/v2\/tags?post=347697"}],"curies":[{"name":"wp","href":"https:\/\/api.w.org\/{rel}","templated":true}]}}