{"id":346487,"date":"2025-10-02T17:23:56","date_gmt":"2025-10-02T20:23:56","guid":{"rendered":"https:\/\/blogfolhadocomercio.com.br\/wp\/?p=346487"},"modified":"2025-10-02T17:23:56","modified_gmt":"2025-10-02T20:23:56","slug":"natal-do-bem-2025-inscreve-artistas-ate-dia-6","status":"publish","type":"post","link":"https:\/\/blogfolhadocomercio.com.br\/wp\/2025\/10\/02\/natal-do-bem-2025-inscreve-artistas-ate-dia-6\/","title":{"rendered":"Natal do Bem 2025 inscreve artistas at\u00e9 dia 6"},"content":{"rendered":"<p><img decoding=\"async\" src=\"https:\/\/agenciacoradenoticias.go.gov.br\/wp-content\/uploads\/2025\/10\/Natal-do-Bem_Diego-Canedo-1215x810.jpeg\" alt=\"Apresenta\u00e7\u00e3o art\u00edstica do Natal do Bem\" \/><\/p>\n<blockquote class=\"wp-block-quote is-layout-flow wp-block-quote-is-layout-flow\"><p>\u201cEsse chamamento \u00e9 uma oportunidade de mostrar ao Brasil a for\u00e7a da nossa cultura e o talento dos artistas goianos. Queremos que o Natal do Bem seja, al\u00e9m de um espet\u00e1culo de luzes, um palco de valoriza\u00e7\u00e3o e de oportunidades para a nossa gente\u201d, destaca a presidente de honra da OVG e coordenadora do Goi\u00e1s Social, primeira-dama Gracinha Caiado.<\/p><\/blockquote>\n<h2 class=\"wp-block-heading\">Natal do Bem 2025<\/h2>\n<p>Com programa\u00e7\u00e3o marcada para o per\u00edodo de 14 de novembro de 2025 a 4 de janeiro de 2026, no Centro Cultural Oscar Niemeyer, em Goi\u00e2nia, o evento abre espa\u00e7o para 52 apresenta\u00e7\u00f5es art\u00edsticas.<\/p>\n<p>Ser\u00e3o 42 espet\u00e1culos musicais, entre solos, duetos, trios, quartetos e bandas, no Palco Coreto, com cach\u00ea de R$ 5 mil cada, e outros 10 espet\u00e1culos de m\u00fasica, dan\u00e7a, teatro e circo que ser\u00e3o realizados no Pal\u00e1cio da M\u00fasica, com cach\u00ea de R$ 20 mil.<\/p>\n<p>As inscri\u00e7\u00f5es est\u00e3o abertas e seguem at\u00e9 6 de outubro, exclusivamente pela plataforma Plateia Editais. Acesse\u00a0<a href=\"https:\/\/web.ufg.br\/plateia-editais\/#\/edital\/chamamento-publico-n012025-edital-de-credenciamento-e-selecao-de-apresentacoes-artisticas-para-compor-a-programacao-do-natal-do-bem-2025\" target=\"_blank\" rel=\"noreferrer noopener\">aqui.<\/a><\/p>\n<p>O edital refor\u00e7a o compromisso do Governo estadual e do Goi\u00e1s Social com a valoriza\u00e7\u00e3o da produ\u00e7\u00e3o cultural do Estado. Podem se inscrever pessoas f\u00edsicas ou jur\u00eddicas, residentes ou sediadas em Goi\u00e1s, desde que as propostas contemplem majoritariamente artistas locais.<\/p>\n<p>A iniciativa tamb\u00e9m busca fortalecer a economia regional e promover a sustentabilidade, reduzindo deslocamentos de artistas de outros estados.<\/p>\n<h2 class=\"wp-block-heading\">Tradi\u00e7\u00e3o e impacto social<\/h2>\n<figure class=\"wp-block-image\"><img decoding=\"async\" class=\"wp-image-168636 lazyloaded\" src=\"https:\/\/agenciacoradenoticias.go.gov.br\/wp-content\/uploads\/2025\/10\/Natal-do-Bem-001_Diego-Canedo.jpeg\" alt=\"Apresenta\u00e7\u00e3o art\u00edstica do Natal do Bem\" data-src=\"https:\/\/agenciacoradenoticias.go.gov.br\/wp-content\/uploads\/2025\/10\/Natal-do-Bem-001_Diego-Canedo.jpeg\" \/><figcaption class=\"wp-element-caption\">Com programa\u00e7\u00e3o marcada para o per\u00edodo de 14\/11 a 4\/1\/26, no Centro Cultural Oscar Niemeyer, evento abre espa\u00e7o para 52 apresenta\u00e7\u00f5es art\u00edsticas (Foto: Diego Canedo)<\/figcaption><\/figure>\n<p>Realizado pela OVG e pelo Goi\u00e1s Social, o Natal do Bem j\u00e1 \u00e9 reconhecido como o maior Natal gratuito do Brasil, sendo o segundo do pa\u00eds em termos gerais. Em 2024, 1,5 milh\u00e3o de visitantes passaram pelo evento, um recorde de p\u00fablico.<\/p>\n<p>Al\u00e9m de oferecer entrada e estacionamento gratuitos, a festa combina magia, solidariedade e oportunidades, gerando emprego, renda e visibilidade para artistas goianos.<\/p>\n<blockquote class=\"wp-block-quote is-layout-flow wp-block-quote-is-layout-flow\"><p>\u201cO Natal do Bem \u00e9 um projeto social que transforma vidas, re\u00fane fam\u00edlias e valoriza o talento do nosso povo. \u00c9 um convite para celebrarmos juntos a esperan\u00e7a e a cultura goiana\u201d, frisa Gracinha Caiado.<\/p><\/blockquote>\n<p><strong>Servi\u00e7o<\/strong><br \/>\nAssunto: Goi\u00e1s Social e OVG abrem vagas para artistas no Natal do Bem 2025<br \/>\nInscri\u00e7\u00f5es: at\u00e9 6\/10\/2025 no link http:\/\/web.ufg.br\/plateia-editais<br \/>\nEdital: acesse\u00a0<a href=\"https:\/\/web.ufg.br\/plateia-editais\/#\/edital\/chamamento-publico-n012025-edital-de-credenciamento-e-selecao-de-apresentacoes-artisticas-para-compor-a-programacao-do-natal-do-bem-2025\" target=\"_blank\" rel=\"noreferrer noopener\">aqui<\/a><br \/>\nCach\u00eas: R$ 5 mil (Palco Coreto) | R$ 20 mil (Pal\u00e1cio da M\u00fasica)<\/p>\n<h2 class=\"wp-block-heading\">Saiba mais<\/h2>\n<p><a href=\"https:\/\/agenciacoradenoticias.go.gov.br\/166590-goias-social-e-ovg-iniciam-montagem-do-natal-do-bem-2025\" target=\"_blank\" rel=\"noreferrer noopener\">Goi\u00e1s Social e OVG iniciam montagem do Natal do Bem 2025<\/a><\/p>\n<p><a href=\"https:\/\/agenciacoradenoticias.go.gov.br\/141840-natal-do-bem-2024-bate-recorde-de-publico\" target=\"_blank\" rel=\"noreferrer noopener\">Natal do Bem 2024 bate recorde de p\u00fablico<\/a><\/p>\n<p><strong>Organiza\u00e7\u00e3o das Volunt\u00e1rias de Goi\u00e1s (OVG) \u2013 Governo de Goi\u00e1s<\/strong><\/p>\n","protected":false},"excerpt":{"rendered":"<p>\u201cEsse chamamento \u00e9 uma oportunidade de mostrar ao Brasil a for\u00e7a da nossa cultura e o talento dos artistas goianos. Queremos que o Natal do Bem seja, al\u00e9m de um&hellip;<\/p>\n","protected":false},"author":1,"featured_media":346488,"comment_status":"closed","ping_status":"open","sticky":false,"template":"","format":"standard","meta":{"footnotes":""},"categories":[42],"tags":[],"class_list":["post-346487","post","type-post","status-publish","format-standard","has-post-thumbnail","hentry","category-ultimas"],"_links":{"self":[{"href":"https:\/\/blogfolhadocomercio.com.br\/wp\/wp-json\/wp\/v2\/posts\/346487","targetHints":{"allow":["GET"]}}],"collection":[{"href":"https:\/\/blogfolhadocomercio.com.br\/wp\/wp-json\/wp\/v2\/posts"}],"about":[{"href":"https:\/\/blogfolhadocomercio.com.br\/wp\/wp-json\/wp\/v2\/types\/post"}],"author":[{"embeddable":true,"href":"https:\/\/blogfolhadocomercio.com.br\/wp\/wp-json\/wp\/v2\/users\/1"}],"replies":[{"embeddable":true,"href":"https:\/\/blogfolhadocomercio.com.br\/wp\/wp-json\/wp\/v2\/comments?post=346487"}],"version-history":[{"count":1,"href":"https:\/\/blogfolhadocomercio.com.br\/wp\/wp-json\/wp\/v2\/posts\/346487\/revisions"}],"predecessor-version":[{"id":346489,"href":"https:\/\/blogfolhadocomercio.com.br\/wp\/wp-json\/wp\/v2\/posts\/346487\/revisions\/346489"}],"wp:featuredmedia":[{"embeddable":true,"href":"https:\/\/blogfolhadocomercio.com.br\/wp\/wp-json\/wp\/v2\/media\/346488"}],"wp:attachment":[{"href":"https:\/\/blogfolhadocomercio.com.br\/wp\/wp-json\/wp\/v2\/media?parent=346487"}],"wp:term":[{"taxonomy":"category","embeddable":true,"href":"https:\/\/blogfolhadocomercio.com.br\/wp\/wp-json\/wp\/v2\/categories?post=346487"},{"taxonomy":"post_tag","embeddable":true,"href":"https:\/\/blogfolhadocomercio.com.br\/wp\/wp-json\/wp\/v2\/tags?post=346487"}],"curies":[{"name":"wp","href":"https:\/\/api.w.org\/{rel}","templated":true}]}}