{"id":346173,"date":"2025-09-19T10:16:01","date_gmt":"2025-09-19T13:16:01","guid":{"rendered":"https:\/\/blogfolhadocomercio.com.br\/wp\/?p=346173"},"modified":"2025-09-19T10:16:02","modified_gmt":"2025-09-19T13:16:02","slug":"chuva-e-ventania-de-50-km-h-causam-estragos-na-grande-goiania-veja-previsao-para-o-fim-de-semana","status":"publish","type":"post","link":"https:\/\/blogfolhadocomercio.com.br\/wp\/2025\/09\/19\/chuva-e-ventania-de-50-km-h-causam-estragos-na-grande-goiania-veja-previsao-para-o-fim-de-semana\/","title":{"rendered":"Chuva e ventania de 50 km\/h causam estragos na Grande Goi\u00e2nia; veja previs\u00e3o para o fim de semana"},"content":{"rendered":"\n<p><strong>Term\u00f4metros devem marcar at\u00e9 36 \u00baC;<\/strong><\/p>\n\n\n\n<figure class=\"wp-block-image size-large\"><img loading=\"lazy\" decoding=\"async\" width=\"1024\" height=\"576\" src=\"https:\/\/blogfolhadocomercio.com.br\/wp\/wp-content\/uploads\/2025\/09\/image-392-1024x576.png\" alt=\"\" class=\"wp-image-346174\" srcset=\"https:\/\/blogfolhadocomercio.com.br\/wp\/wp-content\/uploads\/2025\/09\/image-392-1024x576.png 1024w, https:\/\/blogfolhadocomercio.com.br\/wp\/wp-content\/uploads\/2025\/09\/image-392-300x169.png 300w, https:\/\/blogfolhadocomercio.com.br\/wp\/wp-content\/uploads\/2025\/09\/image-392-768x432.png 768w, https:\/\/blogfolhadocomercio.com.br\/wp\/wp-content\/uploads\/2025\/09\/image-392-1170x658.png 1170w, https:\/\/blogfolhadocomercio.com.br\/wp\/wp-content\/uploads\/2025\/09\/image-392-585x329.png 585w, https:\/\/blogfolhadocomercio.com.br\/wp\/wp-content\/uploads\/2025\/09\/image-392.png 1200w\" sizes=\"auto, (max-width: 1024px) 100vw, 1024px\" \/><\/figure>\n\n\n\n<p>A quinta-feira (18\/0) foi marcada por&nbsp;<a href=\"https:\/\/www.maisgoias.com.br\/cidades\/frente-fria-chega-a-goias-e-deve-causar-chuvas-intensas-e-rajadas-de-ventos-em-60-cidades\/\" target=\"_blank\" rel=\"noreferrer noopener\">chuvas&nbsp;<\/a>em algumas regi\u00f5es de Goi\u00e2nia e da Regi\u00e3o Metropolitana da capital. Em Senador Canedo, por exemplo, a chuva causou estragos em com\u00e9rcios da regi\u00e3o do Setor Pedro Miranda. Toldos foram destru\u00eddos e arrancados, al\u00e9m de \u00e1rvores que ca\u00edram com a for\u00e7a do vento que atingiu a cidade. Segundo o Centro de Informa\u00e7\u00f5es Meteorol\u00f3gicas e Hidrol\u00f3gica de Goi\u00e1s (Cimehgo), a ventania atingiu os 50 km\/h.<br><br>Mesmo diante da situa\u00e7\u00e3o, ningu\u00e9m se feriu, mas moradores e o com\u00e9rcio foram impactados com os estragos causados. Al\u00e9m disso, de acordo com a coordenadora do Inmet, Elizabeth Alves, em Aparecida tamb\u00e9m&nbsp;<a href=\"https:\/\/www.maisgoias.com.br\/cidades\/combinacao-de-chuva-e-jameloes-provoca-queda-de-motociclistas-em-goiania\/\" target=\"_blank\" rel=\"noreferrer noopener\">choveu<\/a>&nbsp;e essa condi\u00e7\u00e3o deve permanecer para o fim de semana. \u201cTemos circula\u00e7\u00e3o de ventos em altos n\u00edveis e eles trazem mais umidade da regi\u00e3o Norte do Brasil. Isso j\u00e1 representa aquela transi\u00e7\u00e3o para o per\u00edodo chuvoso\u201d.<br><br>Ainda de acordo com ela, essa condi\u00e7\u00e3o deve permanecer no fim de semana. \u201cAs temperaturas devem continuar elevadas e o tempo abafado\u201d.<\/p>\n\n\n\n<h2 class=\"wp-block-heading\" id=\"h-fim-de-semana-com-calor-e-pancadas-de-chuva\">Fim de semana com calor e pancadas de chuva<\/h2>\n\n\n\n<p>Segundo boletim divulgado pelo Cimehgo, a previs\u00e3o para esta sexta-feira (19\/9) no estado \u00e9 de sol, com baixa possibilidade de chuva e aumento de nebulosidade no decorrer do dia, com possibilidade de pancadas de chuva. Na pr\u00f3xima semana, entre os dias 22 e 23, novas pancadas de chuva devem ser registradas em algumas regi\u00f5es tamb\u00e9m.<br><br>Em Goi\u00e2nia, os\u00a0<a href=\"https:\/\/www.maisgoias.com.br\/cidades\/tempestades-podem-atingir-37-municipios-de-goias-nesta-quarta-17-9\/\" target=\"_blank\" rel=\"noreferrer noopener\">term\u00f4metros\u00a0<\/a>podem atingir os 36\u00baC, com a umidade relativa do ar variando entre 18% e 60%. Essa condi\u00e7\u00e3o tamb\u00e9m \u00e9 esperada para o fim de semana em Goi\u00e1s.<\/p>\n\n\n\n<p><strong>Por Mais Goi\u00e1s<br><\/strong><\/p>\n","protected":false},"excerpt":{"rendered":"<p>Term\u00f4metros devem marcar at\u00e9 36 \u00baC; A quinta-feira (18\/0) foi marcada por&nbsp;chuvas&nbsp;em algumas regi\u00f5es de Goi\u00e2nia e da Regi\u00e3o Metropolitana da capital. Em Senador Canedo, por exemplo, a chuva causou&hellip;<\/p>\n","protected":false},"author":1,"featured_media":346174,"comment_status":"closed","ping_status":"open","sticky":false,"template":"","format":"standard","meta":{"footnotes":""},"categories":[42],"tags":[],"class_list":["post-346173","post","type-post","status-publish","format-standard","has-post-thumbnail","hentry","category-ultimas"],"_links":{"self":[{"href":"https:\/\/blogfolhadocomercio.com.br\/wp\/wp-json\/wp\/v2\/posts\/346173","targetHints":{"allow":["GET"]}}],"collection":[{"href":"https:\/\/blogfolhadocomercio.com.br\/wp\/wp-json\/wp\/v2\/posts"}],"about":[{"href":"https:\/\/blogfolhadocomercio.com.br\/wp\/wp-json\/wp\/v2\/types\/post"}],"author":[{"embeddable":true,"href":"https:\/\/blogfolhadocomercio.com.br\/wp\/wp-json\/wp\/v2\/users\/1"}],"replies":[{"embeddable":true,"href":"https:\/\/blogfolhadocomercio.com.br\/wp\/wp-json\/wp\/v2\/comments?post=346173"}],"version-history":[{"count":1,"href":"https:\/\/blogfolhadocomercio.com.br\/wp\/wp-json\/wp\/v2\/posts\/346173\/revisions"}],"predecessor-version":[{"id":346175,"href":"https:\/\/blogfolhadocomercio.com.br\/wp\/wp-json\/wp\/v2\/posts\/346173\/revisions\/346175"}],"wp:featuredmedia":[{"embeddable":true,"href":"https:\/\/blogfolhadocomercio.com.br\/wp\/wp-json\/wp\/v2\/media\/346174"}],"wp:attachment":[{"href":"https:\/\/blogfolhadocomercio.com.br\/wp\/wp-json\/wp\/v2\/media?parent=346173"}],"wp:term":[{"taxonomy":"category","embeddable":true,"href":"https:\/\/blogfolhadocomercio.com.br\/wp\/wp-json\/wp\/v2\/categories?post=346173"},{"taxonomy":"post_tag","embeddable":true,"href":"https:\/\/blogfolhadocomercio.com.br\/wp\/wp-json\/wp\/v2\/tags?post=346173"}],"curies":[{"name":"wp","href":"https:\/\/api.w.org\/{rel}","templated":true}]}}