{"id":346152,"date":"2025-09-19T10:01:23","date_gmt":"2025-09-19T13:01:23","guid":{"rendered":"https:\/\/blogfolhadocomercio.com.br\/wp\/?p=346152"},"modified":"2025-09-19T10:01:25","modified_gmt":"2025-09-19T13:01:25","slug":"show-com-thiaguinho-e-destaque-no-fim-de-semana-em-goiania-confira-a-programacao","status":"publish","type":"post","link":"https:\/\/blogfolhadocomercio.com.br\/wp\/2025\/09\/19\/show-com-thiaguinho-e-destaque-no-fim-de-semana-em-goiania-confira-a-programacao\/","title":{"rendered":"Show com Thiaguinho \u00e9 destaque no fim de semana em Goi\u00e2nia; confira a programa\u00e7\u00e3o"},"content":{"rendered":"\n<p><strong>Programa\u00e7\u00e3o conta com eventos para todas as idades<\/strong><\/p>\n\n\n\n<figure class=\"wp-block-image size-large\"><img loading=\"lazy\" decoding=\"async\" width=\"1024\" height=\"576\" src=\"https:\/\/blogfolhadocomercio.com.br\/wp\/wp-content\/uploads\/2025\/09\/image-385-1024x576.png\" alt=\"\" class=\"wp-image-346153\" srcset=\"https:\/\/blogfolhadocomercio.com.br\/wp\/wp-content\/uploads\/2025\/09\/image-385-1024x576.png 1024w, https:\/\/blogfolhadocomercio.com.br\/wp\/wp-content\/uploads\/2025\/09\/image-385-300x169.png 300w, https:\/\/blogfolhadocomercio.com.br\/wp\/wp-content\/uploads\/2025\/09\/image-385-768x432.png 768w, https:\/\/blogfolhadocomercio.com.br\/wp\/wp-content\/uploads\/2025\/09\/image-385-1170x658.png 1170w, https:\/\/blogfolhadocomercio.com.br\/wp\/wp-content\/uploads\/2025\/09\/image-385-585x329.png 585w, https:\/\/blogfolhadocomercio.com.br\/wp\/wp-content\/uploads\/2025\/09\/image-385.png 1200w\" sizes=\"auto, (max-width: 1024px) 100vw, 1024px\" \/><\/figure>\n\n\n\n<p>O&nbsp;<strong>Mais Goi\u00e1s<\/strong>&nbsp;preparou a&nbsp;<strong>agenda cultural&nbsp;<\/strong>com os principais eventos que acontecem em&nbsp;<strong>Goi\u00e2nia&nbsp;<\/strong>entre esta sexta-feira (19), s\u00e1bado (20) e domingo (21). A programa\u00e7\u00e3o inclui show do cantor&nbsp;<strong>Thiaguinho<\/strong>,&nbsp;<strong>festival Rock &amp; Rua<\/strong>&nbsp;na Pra\u00e7a C\u00edvica com entrada gratuita, festival gastron\u00f4mico, espet\u00e1culo infantil e outras atividades que movimentam a cidade ao longo do fim de semana.<\/p>\n\n\n\n<p><strong>Confira a programa\u00e7\u00e3o do fim de semana em Goi\u00e2nia&nbsp;<\/strong><\/p>\n\n\n\n<h2 class=\"wp-block-heading\" id=\"h-thiaguinho-tardezinha-10-anos-em-goiania\"><strong>Thiaguinho \u2013 Tardezinha 10 anos \u2013 em Goi\u00e2nia<\/strong><\/h2>\n\n\n\n<p>O cantor Thiaguinho se apresenta neste s\u00e1bado (20), no Est\u00e1dio Serra Dourada, em Goi\u00e2nia, com o projeto&nbsp;<a href=\"https:\/\/www.maisgoias.com.br\/divirta-se\/thiaguinho-se-apresenta-em-goiania-neste-sabado-com-o-show-tardezinha-10-anos\/\" target=\"_blank\" rel=\"noreferrer noopener\">Tardezinha \u2013 10 anos<\/a>. Os port\u00f5es ser\u00e3o abertos \u00e0s 15h, e a produ\u00e7\u00e3o anuncia esta edi\u00e7\u00e3o como a maior j\u00e1 realizada. Os \u00faltimos ingressos est\u00e3o dispon\u00edveis no site bilheteriadigital.com.<\/p>\n\n\n\n<p><strong>ANOTA A\u00cd<br>Thiaguinho \u2013 Tardezinha 10 anos \u2013 em Goi\u00e2nia<br>Data<\/strong>: 20 de setembro<br><strong>Local<\/strong>: Est\u00e1dio Serra Dourada<br><strong>Ingressos<\/strong>:&nbsp;<a href=\"http:\/\/bilheteriadigital.com\/\">bilheteriadigital.com<\/a><\/p>\n\n\n\n<h2 class=\"wp-block-heading\" id=\"h-show-de-clayton-amp-romario\"><strong>Show de Clayton &amp; Rom\u00e1rio<\/strong><\/h2>\n\n\n\n<p>No domingo (21), a dupla&nbsp;<a href=\"https:\/\/www.maisgoias.com.br\/divirta-se\/goiania-tera-fim-de-semana-com-thiaguinho-e-clayton-romario\/\" target=\"_blank\" rel=\"noreferrer noopener\">Clayton &amp; Rom\u00e1rio<\/a>&nbsp;se apresenta no Madalena Gastro Bar. A dupla sertaneja, que vem emplacando sucessos em todo o pa\u00eds, promete um verdadeiro \u201crol\u00ea goiano\u201d. Os ingressos podem ser adquiridos pelo site q2ingressos.com.br.<\/p>\n\n\n\n<p><strong>ANOTA A\u00cd<br>Clayton &amp; Rom\u00e1rio<br>Data<\/strong>: 21 de setembro<br><strong>Local<\/strong>: Madalena Gastro Bar<br><strong>Ingressos<\/strong>:&nbsp;<a href=\"http:\/\/q2ingressos.com.br\/\">q2ingressos.com.br<\/a><\/p>\n\n\n\n<h2 class=\"wp-block-heading\" id=\"h-7\u00ba-cidade-rock-2025\"><strong>7\u00ba Cidade Rock 2025<\/strong><\/h2>\n\n\n\n<p>O projeto&nbsp;<a href=\"https:\/\/www.maisgoias.com.br\/divirta-se\/cidade-rock-recebe-gritando-hc-em-edicao-especial-em-goiania\/\" target=\"_blank\" rel=\"noreferrer noopener\">Cidade Rock<\/a>&nbsp;realiza neste s\u00e1bado (20) uma edi\u00e7\u00e3o especial no De Leon Music Pub, marcando a primeira vez que o evento acontece fora do Centro Cultural Martim Cerer\u00ea. A entrada \u00e9 gratuita at\u00e9 \u00e0s 20h, e ap\u00f3s esse hor\u00e1rio os ingressos custam R$ 30,00. Em outubro, o festival retorna ao palco tradicional.<\/p>\n\n\n\n<p><strong>ANOTA A\u00cd<br>7\u00ba Cidade Rock 2025<br>Shows com<\/strong>: Gritando HC, Gladio Tempus, Se\u00f1ores, Alice in Chair e Dergo<br><strong>Data<\/strong>: S\u00e1bado, 20 de setembro, a partir das 19 horas<br><strong>Local<\/strong>: De Leon Music Pub (Rua 86, 605 \u2013 St. Sul)<br><strong>Entrada<\/strong>: Gratuita at\u00e9 20 horas. Ap\u00f3s, R$ 30,00<\/p>\n\n\n\n<h2 class=\"wp-block-heading\" id=\"h-festival-rock-amp-rua\"><strong>Festival Rock &amp; Rua<\/strong><\/h2>\n\n\n\n<p>No s\u00e1bado (20), a Pra\u00e7a C\u00edvica ser\u00e1 palco de mais uma edi\u00e7\u00e3o do&nbsp;<a href=\"https:\/\/www.maisgoias.com.br\/divirta-se\/centro-de-goiania-recebe-evento-cultural-com-shows-oficinas-e-grafitti-neste-sabado\/\" target=\"_blank\" rel=\"noreferrer noopener\">Festival Rock &amp; Rua<\/a>, com programa\u00e7\u00e3o gratuita que re\u00fane m\u00fasica, oficinas e gastronomia. As atividades come\u00e7am \u00e0s 14h, com destaque para oficinas de grafitti, conduzida pelo artista visual AIOG, em que os participantes ir\u00e3o personalizar uma geladeira que ser\u00e1 transformada em \u201cgelateca\u201d e doada a um ponto cultural da periferia, e de dan\u00e7as urbanas, ministrada pelo bailarino Ben-Hur, que j\u00e1 representou o Brasil em campeonato mundial de hip hop nos Estados Unidos. A programa\u00e7\u00e3o musical ter\u00e1 in\u00edcio \u00e0s 17h, com a DJ Duda X apresentando flashbacks, seguida pela discotecagem em vinil de Daniel de Mello, al\u00e9m do trap de Faelll e do show da Bandinha de Rock, que encerra as apresenta\u00e7\u00f5es.<\/p>\n\n\n\n<p><strong>ANOTA A\u00cd<br>Festival Rock &amp; Rua<br>Local<\/strong>: Pra\u00e7a C\u00edvica<br><strong>Data<\/strong>: S\u00e1bado (20\/9)<br><strong>Entrada<\/strong>: Gratuita<br><strong>Hor\u00e1rio das oficinas<\/strong>: das 14h \u00e0s 17h<br><strong>Hor\u00e1rio das atra\u00e7\u00f5es<\/strong>: das 17h \u00e0s 22h<\/p>\n\n\n\n<h2 class=\"wp-block-heading\" id=\"h-goiania-restaurant-week-nbsp\"><strong>Goi\u00e2nia Restaurant Week&nbsp;<\/strong><\/h2>\n\n\n\n<p>A 8\u00aa edi\u00e7\u00e3o da Goi\u00e2nia&nbsp;<a href=\"https:\/\/www.maisgoias.com.br\/divirta-se\/8a-goiania-restaurant-week-comeca-nesta-sexta-feira-confira-os-locais-participantes\/\" target=\"_blank\" rel=\"noreferrer noopener\">Restaurant Week<\/a>&nbsp;come\u00e7a nesta sexta-feira (19) e segue at\u00e9 19 de outubro, reunindo 35 restaurantes da capital. O festival oferece menus completos, com entrada, prato principal e sobremesa, a pre\u00e7os fixos em diferentes categorias: Tradicional, Plus, Premium e, pela primeira vez, Diamond, voltada para restaurantes de alta gastronomia, com valores de R$ 109 no almo\u00e7o e R$ 149 no jantar \u2014 at\u00e9 50% abaixo do pre\u00e7o regular. Entre os participantes est\u00e3o casas tradicionais e estreantes, como Alma Boutique Bar, Am\u00e9lia Forneria, Balkan Rooftop, Bianco Ristorante, El Argentino, Murano, Tetsuo Restaurante e Viela Gastron\u00f4mica.<\/p>\n\n\n\n<h2 class=\"wp-block-heading\" id=\"h-miaudote\"><strong>MiauDote<\/strong><\/h2>\n\n\n\n<p>Neste s\u00e1bado (20), Goi\u00e2nia recebe mais uma edi\u00e7\u00e3o do&nbsp;<a href=\"https:\/\/www.maisgoias.com.br\/divirta-se\/goiania-recebe-evento-de-adocao-de-caes-e-gatos-neste-sabado\/\" target=\"_blank\" rel=\"noreferrer noopener\">MiauDote<\/a>, evento de ado\u00e7\u00e3o consciente e respons\u00e1vel de animais, que ser\u00e1 realizado das 10h30 \u00e0s 16h30 na entrada principal do Shopping Cerrado, em parceria com o Abrigo da V\u00ea. Cerca de 25 c\u00e3es e gatos de diferentes idades estar\u00e3o dispon\u00edveis para ado\u00e7\u00e3o, todos vacinados e vermifugados. Os adultos j\u00e1 s\u00e3o entregues castrados, enquanto os filhotes recebem um vale-castra\u00e7\u00e3o para o procedimento futuro. Para adotar, \u00e9 necess\u00e1rio ter mais de 18 anos, apresentar documento de identidade com foto, comprovante de endere\u00e7o, al\u00e9m de fotos ou v\u00eddeos da resid\u00eancia. O processo inclui entrevista, preenchimento de ficha e pagamento de taxa de R$ 60, destinada \u00e0 manuten\u00e7\u00e3o do abrigo.<\/p>\n\n\n\n<p><strong>ANOTA A\u00cd<br>MiauDote \u2013 Evento de ado\u00e7\u00e3o de c\u00e3es e gatos em parceria com o Abrigo da V\u00ea<br>Data<\/strong>: 20\/09 (s\u00e1bado)<br><strong>Hor\u00e1rio<\/strong>: 10h30 \u00e0s 16h30<br><strong>Local<\/strong>: Entrada principal do Shopping Cerrado \u2013 Avenida Anhanguera, n\u00ba 10.790, Setor Aerovi\u00e1rio, Goi\u00e2nia \u2013 GO<\/p>\n\n\n\n<h2 class=\"wp-block-heading\" id=\"h-espetaculo-infantil-era-uma-vez\"><strong>Espet\u00e1culo infantil \u201cEra Uma Vez\u201d<\/strong><\/h2>\n\n\n\n<p>O grupo Ilumini Personagens Vivos apresenta neste s\u00e1bado (20), \u00e0s 17h, o espet\u00e1culo infantil \u201c<a href=\"https:\/\/www.maisgoias.com.br\/divirta-se\/espetaculo-infantil-agita-fim-de-semana-em-goiania-com-entrada-gratuita\/\" target=\"_blank\" rel=\"noreferrer noopener\">Era Uma Vez<\/a>\u201d, no Espa\u00e7o de Eventos do Shopping Cerrado, em Goi\u00e2nia. A entrada \u00e9 gratuita. Ap\u00f3s a apresenta\u00e7\u00e3o, haver\u00e1 uma sess\u00e3o de fotos com os personagens, limitada a 40 senhas distribu\u00eddas no local, por ordem de chegada.<\/p>\n\n\n\n<p><strong>ANOTA A\u00cd<br>Sabadou da Divers\u00e3o \u2013 Espet\u00e1culo infantil \u201cEra Uma Vez\u201d com Ilumini Personagens Vivos<br>Data<\/strong>: 20\/09\/2025 (s\u00e1bado)<br><strong>Hor\u00e1rio<\/strong>: 17h<br><strong>Local<\/strong>: Espa\u00e7o de Eventos do Shopping Cerrado (piso 1, pr\u00f3ximo ao Vapt Vupt) \u2013 Avenida Anhanguera n\u00ba 10.790, Setor Aerovi\u00e1rio, Goi\u00e2nia (GO)<br><strong>Entrada gratuita<\/strong><\/p>\n\n\n\n<h2 class=\"wp-block-heading\" id=\"h-evento-de-adocao-pet\"><strong>Evento de ado\u00e7\u00e3o pet<\/strong><\/h2>\n\n\n\n<p>O Shopping Passeio das \u00c1guas, em Goi\u00e2nia, recebe neste s\u00e1bado (20), das 14h \u00e0s 17h, a&nbsp;<a href=\"https:\/\/www.maisgoias.com.br\/divirta-se\/shopping-de-goiania-recebe-feira-de-adocao-de-animais-neste-sabado-20-confira\/\" target=\"_blank\" rel=\"noreferrer noopener\">feira de ado\u00e7\u00e3o de animais<\/a>&nbsp;em parceria com a ONG Focinho Caridoso. O evento ser\u00e1 realizado em frente a Big Lar. A iniciativa busca encontrar lares respons\u00e1veis para c\u00e3es e gatos que foram resgatados e aguardam por uma nova fam\u00edlia. Todos os animais dispon\u00edveis para ado\u00e7\u00e3o est\u00e3o vacinados, vermifugados e, quando em idade adequada, castrados.<\/p>\n\n\n\n<p><strong>ANOTA A\u00cd<br>Evento de ado\u00e7\u00e3o pet<br>Data<\/strong>: 20 de setembro<br><strong>Local<\/strong>: Shopping Passeio das \u00c1guas<br><strong>Hor\u00e1rio<\/strong>: das 14h \u00e0s 17h<\/p>\n\n\n\n<h2 class=\"wp-block-heading\" id=\"h-cine-cultura\"><strong>Cine Cultura<\/strong><\/h2>\n\n\n\n<p>O Cine Cultura recebe neste fim de semana o&nbsp;<a href=\"https:\/\/www.maisgoias.com.br\/divirta-se\/cine-cultura-exibe-mostra-ghibli-fest-2025-a-partir-desta-quinta-feira-em-goiania-confira-a-programacao\/\" target=\"_blank\" rel=\"noreferrer noopener\">Ghibli Fest 2025<\/a>, festival que celebra os 40 anos do Studio Ghibli, fundado por Hayao Miyazaki. A programa\u00e7\u00e3o apresenta 14 longas-metragens do est\u00fadio em vers\u00f5es remasterizadas, com sess\u00f5es dubladas e legendadas. Entre os filmes em cartaz est\u00e3o A Viagem de Chihiro, vencedor do Oscar de Melhor Anima\u00e7\u00e3o, O Castelo Animado e Meu Amigo Totoro. Os ingressos custam R$ 20 (inteira) e R$ 10 (meia-entrada), com pagamento em dinheiro ou Pix. A bilheteria funciona 30 minutos antes das sess\u00f5es em dias \u00fateis e uma hora antes aos fins de semana e feriados. \u00c0s segundas-feiras, todos pagam meia-entrada, e algumas sess\u00f5es s\u00e3o gratuitas, conforme indicado na programa\u00e7\u00e3o.&nbsp;<\/p>\n\n\n\n<p><strong>ANOTA A\u00cd<br>Ghibli Fest 2025 no Cine Cultura<br>Data<\/strong>: 18 e 24 de setembro<br><strong>Local<\/strong>: Cine Cultura<br><strong>Endere\u00e7o<\/strong>: Centro Cultural Marieta Telles Machado \u2013 Pra\u00e7a Dr. Pedro Ludovico Teixeira, 2 \u2013 Centro, Goi\u00e2nia \u2013 GO<br><strong>Entrada<\/strong>: Bilheteria&nbsp;<\/p>\n\n\n\n<h2 class=\"wp-block-heading\" id=\"h-wine-jazz-goiania\"><strong>Wine Jazz Goi\u00e2nia<\/strong><\/h2>\n\n\n\n<p>Teve in\u00edcio na quinta-feira (18) o&nbsp;<a href=\"https:\/\/www.maisgoias.com.br\/divirta-se\/wine-jazz-reune-mais-de-100-rotulos-de-vinhos-em-goiania-confira-a-programacao\/\" target=\"_blank\" rel=\"noreferrer noopener\">Wine Jazz<\/a>&nbsp;Goi\u00e2nia, que segue at\u00e9 domingo (21) com quatro dias de m\u00fasica e gastronomia ao ar livre na Avenida T-3, em frente ao bosque do Goi\u00e2nia Shopping, na \u00e1rea do Opus Ace Tennis Club Vaca Brava. O festival, que j\u00e1 contou com tr\u00eas edi\u00e7\u00f5es em Piren\u00f3polis, re\u00fane apresenta\u00e7\u00f5es de jazz, blues, groove, chorinho e world music com artistas regionais, como Andr\u00e9 Mols Big Band, Bruno Rejan Quinteto, Let\u00edcia Yohanne &amp; Quinteto, Fabiano Menezes &amp; Banda \u2014 com o show The Jazz Side of The Moon, releitura em jazz do \u00e1lbum The Dark Side of the Moon, do Pink Floyd \u2014 al\u00e9m da Banda Yas &amp; Quarteto e do Grupo S\u00e3o Elas. DJs tamb\u00e9m se apresentam diariamente, abrindo e encerrando a programa\u00e7\u00e3o. Os ingressos custam R$ 65 (meia-entrada), com op\u00e7\u00e3o de adquirir ta\u00e7a de cristal por R$ 15 ou de acr\u00edlico por R$ 5.<\/p>\n\n\n\n<p><strong>ANOTA A\u00cd<br>Wine Jazz Goi\u00e2nia<br>Data<\/strong>: de 18 a 21 de setembro<br><strong>Hor\u00e1rio<\/strong>: a partir das 18h<br><strong>Local<\/strong>: Av. T-3, em frente ao Goi\u00e2nia Shopping \u2013 Terreno Opus Ace Tennis Club Vaca Brava<br><strong>Ingressos<\/strong>:<br>R$ 65,00 (meia-entrada)*<br>Ta\u00e7a de cristal: R$ 15,00<br>Ta\u00e7a de acr\u00edlico: R$ 5,00<br><strong>Experi\u00eancias paralelas&nbsp;<\/strong>(degusta\u00e7\u00f5es harmonizadas) ser\u00e3o vendidas separadamente.<br><strong>Mais informa\u00e7\u00f5es<\/strong>: @winejazzoficial \/ Voo Livre Projetos e Eventos Ltda (62) 98422-0297 \/ (62) 99976-9688<\/p>\n\n\n\n<h2 class=\"wp-block-heading\" id=\"h-shakespeare-amp-rock-n-roll-gabriel-braga-nunes\"><strong>Shakespeare &amp; Rock\u2019n\u2019Roll \u2013 Gabriel Braga Nunes<\/strong><\/h2>\n\n\n\n<p>Nesta sexta-feira (19), o ator e m\u00fasico Gabriel Braga Nunes apresenta no palco do Teatro SESI, em Goi\u00e2nia, o espet\u00e1culo \u201c<a href=\"https:\/\/www.maisgoias.com.br\/divirta-se\/goiania-recebe-espetaculo-musical-de-gabriel-braga-nunes\/\" target=\"_blank\" rel=\"noreferrer noopener\">Logo a escurid\u00e3o vem nos fazer descansar \u2013 Shakespeare &amp; Rock\u2019n\u2019Roll<\/a>\u201d. O projeto re\u00fane can\u00e7\u00f5es compostas pelo artista a partir de sonetos de William Shakespeare. Os ingressos est\u00e3o dispon\u00edveis para compra no site Santa Bilheteria.<\/p>\n\n\n\n<p><strong>ANOTA A\u00cd<br>Shakespeare &amp; Rock\u2019n\u2019Roll \u2013 Gabriel Braga Nunes<br>Data<\/strong>: 19 de setembro<br><strong>Hor\u00e1rio<\/strong>: 20h<br><strong>Local<\/strong>: Teatro SESI \u2013 Goi\u00e2nia<br><strong>Ingressos<\/strong>: a partir de R$ 40 (meia) e R$ 80 (inteira)<br><strong>Classifica\u00e7\u00e3o indicativa<\/strong>: 14 anos<\/p>\n\n\n\n<h2 class=\"wp-block-heading\" id=\"h-atracoes-musicais-no-pobre-juan\"><strong>Atra\u00e7\u00f5es musicais no Pobre Juan<\/strong><\/h2>\n\n\n\n<p>O restaurante&nbsp;<a href=\"https:\/\/www.instagram.com\/restaurantepobrejuan\/?hl=pt-br\" target=\"_blank\" rel=\"noreferrer noopener\">Pobre Juan<\/a>&nbsp;promove aos finais de semana uma programa\u00e7\u00e3o art\u00edstica para acompanhar sua tradicional parrilla argentina e card\u00e1pio sofisticado. Entre os dias 19 e 21 de setembro, nomes como Luccas B, Maxwell, Marcos Lincoln, Jeff Souza e Carol se apresentam no local com repert\u00f3rios variados. Na sexta-feira (19), o p\u00fablico confere voz e viol\u00e3o com sucessos do pop, folk e m\u00fasicas internacionais. No s\u00e1bado (20), o almo\u00e7o ser\u00e1 embalado por piano solo e o jantar ter\u00e1 um duo de piano e sax. J\u00e1 no domingo (21), o almo\u00e7o contar\u00e1 com flashbacks de artistas como Abba e John Legend, al\u00e9m de sucessos atuais de Ed Sheeran, Dua Lipa e outros.Ingressos dispon\u00edveis em: www.santabilheteria.com<\/p>\n\n\n\n<p><strong>ANOTA A\u00cd<br>Atra\u00e7\u00f5es musicais no Pobre Juan<br>Data<\/strong>: de 19 a 21 de setembro, sexta, s\u00e1bado e domingo<br><strong>Endere\u00e7o<\/strong>: Flamboyant Shopping \u2013 Av. Jamel Cec\u00edlio, 3.300, Jardim Goi\u00e1s, Goi\u00e2nia, GO<br><strong>Hor\u00e1rios<\/strong>: sexta (jantar), s\u00e1bado (almo\u00e7o e jantar) e domingo (almo\u00e7o)<br><strong>Entrada<\/strong>: aberto aos clientes do restaurante<\/p>\n\n\n\n<h2 class=\"wp-block-heading\" id=\"h-flash-back-campininha\"><strong>Flash Back Campininha<\/strong><\/h2>\n\n\n\n<p>No s\u00e1bado (20), das 15h \u00e0s 22h, o Cepal da Vila Abaj\u00e1 recebe o Flash Back Campininha, evento gratuito que re\u00fane os maiores sucessos dos anos 70, 80, 90 e 2000. A festa ser\u00e1 comandada pelos DJs Dogg, Joe, Alicy, Bueno e M\u00e1rcio Siqueira, com sonoriza\u00e7\u00e3o da Bugalho Beat\u2019s. Al\u00e9m da m\u00fasica, o p\u00fablico poder\u00e1 aproveitar feiras de brech\u00f3s e uma \u00e1rea de alimenta\u00e7\u00e3o completa, em uma programa\u00e7\u00e3o voltada para lazer, cultura e integra\u00e7\u00e3o da comunidade.<\/p>\n\n\n\n<p><strong>ANOTA A\u00cd<br>Flash Back Campininha<br>Data<\/strong>: 20 de setembro<br><strong>Local<\/strong>: Cepal da Vila Abaj\u00e1<br><strong>Entrada gratuita&nbsp;<\/strong><\/p>\n\n\n\n<h2 class=\"wp-block-heading\" id=\"h-stand-up-comedy-rodrigo-marques\"><strong>Stand-up comedy: Rodrigo Marques<\/strong><\/h2>\n\n\n\n<p>O Teatro Goi\u00e2nia recebe neste fim de semana o novo show de com\u00e9dia do recifense Rodrigo Marques, apresentador do programa A Culpa \u00e9 do Cabral, no Comedy Central. As apresenta\u00e7\u00f5es acontecem no s\u00e1bado (20\/9), \u00e0s 21h, e no domingo (21\/9), \u00e0s 18h, com ingressos \u00e0 venda no site&nbsp;<a href=\"https:\/\/ingressodigital.com\/evento\/16874,16875\/rodrigo-marques-stand-up-comedy\" target=\"_blank\" rel=\"noreferrer noopener\">Ingresso Digital<\/a>, entre R$ 30 e R$ 120. Conhecido por abordar temas variados a partir de suas pr\u00f3prias experi\u00eancias, Rodrigo Marques comenta absurdos da vida e contradi\u00e7\u00f5es humanas.<\/p>\n\n\n\n<p><strong>ANOTA A\u00cd<br>Stand-up comedy: Rodrigo Marques<br>Data<\/strong>: 20 e 21 de setembro<br><strong>Local<\/strong>: Teatro Goi\u00e2nia (R. 23, 252 \u2013 St. Central \u2013 Goi\u00e2nia\/GO)<br><strong>Hor\u00e1rio<\/strong>: 21h, no s\u00e1bado, e 18h, no domingo<br><strong>Ingressos<\/strong>: ingressodigital.com<\/p>\n\n\n\n<h2 class=\"wp-block-heading\" id=\"h-espetaculos-no-teatro-zabriskie\"><strong>Espet\u00e1culos no Teatro Zabriskie<\/strong><\/h2>\n\n\n\n<p>A Cia de Teatro Sala 3 apresenta neste fim de semana dois espet\u00e1culos no Teatro Zabriskie. O infantil Cora Coralinha ser\u00e1 exibido no s\u00e1bado e domingo (20 e 21), \u00e0s 18h, e Maurice, inspirado na obra de Edward Morgan Forster, ser\u00e1 apresentado no s\u00e1bado \u00e0s 21h e no domingo \u00e0s 20h. As apresenta\u00e7\u00f5es integram a programa\u00e7\u00e3o gratuita da companhia em comemora\u00e7\u00e3o aos 22 anos de trajet\u00f3ria.<\/p>\n\n\n\n<p><strong>ANOTA A\u00cd<br>Cia Sala3 apresenta<\/strong>:<br><strong>Espet\u00e1culo Cora Coralinha<br>Datas<\/strong>: S\u00e1bado e domingo (20 e 21\/9)<br><strong>Local<\/strong>: Teatro Zabriskie, Av. Ant\u00f4nio Martins Borges, 121 \u2013 St. Pedro Ludovico<br><strong>Hor\u00e1rio<\/strong>: 18h<br><strong>Classifica\u00e7\u00e3o indicativa<\/strong>: livre<\/p>\n\n\n\n<p><strong>Espet\u00e1culo Maurice<br>Data e hor\u00e1rio<\/strong>: Sabado (20), \u00e0s 21h | Domingo (21\/9), \u00e0s 20h<br><strong>Local<\/strong>: Teatro Zabriskie, Av. Ant\u00f4nio Martins Borges, 121 \u2013 St. Pedro Ludovico<br><strong>Ingressos<\/strong>: Gratuitos dispon\u00edveis na plataforma Sympla (https:\/\/linktr.ee\/ciadeteatrosalatres)<\/p>\n\n\n\n<p><strong>Por Mais Goi\u00e1s<br><\/strong><\/p>\n","protected":false},"excerpt":{"rendered":"<p>Programa\u00e7\u00e3o conta com eventos para todas as idades O&nbsp;Mais Goi\u00e1s&nbsp;preparou a&nbsp;agenda cultural&nbsp;com os principais eventos que acontecem em&nbsp;Goi\u00e2nia&nbsp;entre esta sexta-feira (19), s\u00e1bado (20) e domingo (21). A programa\u00e7\u00e3o inclui show&hellip;<\/p>\n","protected":false},"author":1,"featured_media":346153,"comment_status":"closed","ping_status":"open","sticky":false,"template":"","format":"standard","meta":{"footnotes":""},"categories":[42],"tags":[],"class_list":["post-346152","post","type-post","status-publish","format-standard","has-post-thumbnail","hentry","category-ultimas"],"_links":{"self":[{"href":"https:\/\/blogfolhadocomercio.com.br\/wp\/wp-json\/wp\/v2\/posts\/346152","targetHints":{"allow":["GET"]}}],"collection":[{"href":"https:\/\/blogfolhadocomercio.com.br\/wp\/wp-json\/wp\/v2\/posts"}],"about":[{"href":"https:\/\/blogfolhadocomercio.com.br\/wp\/wp-json\/wp\/v2\/types\/post"}],"author":[{"embeddable":true,"href":"https:\/\/blogfolhadocomercio.com.br\/wp\/wp-json\/wp\/v2\/users\/1"}],"replies":[{"embeddable":true,"href":"https:\/\/blogfolhadocomercio.com.br\/wp\/wp-json\/wp\/v2\/comments?post=346152"}],"version-history":[{"count":1,"href":"https:\/\/blogfolhadocomercio.com.br\/wp\/wp-json\/wp\/v2\/posts\/346152\/revisions"}],"predecessor-version":[{"id":346154,"href":"https:\/\/blogfolhadocomercio.com.br\/wp\/wp-json\/wp\/v2\/posts\/346152\/revisions\/346154"}],"wp:featuredmedia":[{"embeddable":true,"href":"https:\/\/blogfolhadocomercio.com.br\/wp\/wp-json\/wp\/v2\/media\/346153"}],"wp:attachment":[{"href":"https:\/\/blogfolhadocomercio.com.br\/wp\/wp-json\/wp\/v2\/media?parent=346152"}],"wp:term":[{"taxonomy":"category","embeddable":true,"href":"https:\/\/blogfolhadocomercio.com.br\/wp\/wp-json\/wp\/v2\/categories?post=346152"},{"taxonomy":"post_tag","embeddable":true,"href":"https:\/\/blogfolhadocomercio.com.br\/wp\/wp-json\/wp\/v2\/tags?post=346152"}],"curies":[{"name":"wp","href":"https:\/\/api.w.org\/{rel}","templated":true}]}}