{"id":346149,"date":"2025-09-19T09:59:47","date_gmt":"2025-09-19T12:59:47","guid":{"rendered":"https:\/\/blogfolhadocomercio.com.br\/wp\/?p=346149"},"modified":"2025-09-19T09:59:48","modified_gmt":"2025-09-19T12:59:48","slug":"blindagem-e-anistia-veja-o-que-pensa-a-populacao-goiana-sobre-as-recentes-decisoes-do-congresso","status":"publish","type":"post","link":"https:\/\/blogfolhadocomercio.com.br\/wp\/2025\/09\/19\/blindagem-e-anistia-veja-o-que-pensa-a-populacao-goiana-sobre-as-recentes-decisoes-do-congresso\/","title":{"rendered":"Blindagem e Anistia: Veja o que pensa a popula\u00e7\u00e3o goiana sobre as recentes decis\u00f5es do Congresso"},"content":{"rendered":"\n<p><strong>O Mais Goi\u00e1s foi \u00e0s ruas para ouvir o que a popula\u00e7\u00e3o pensa sobre as medidas<\/strong><\/p>\n\n\n\n<figure class=\"wp-block-image size-large\"><img loading=\"lazy\" decoding=\"async\" width=\"1024\" height=\"576\" src=\"https:\/\/blogfolhadocomercio.com.br\/wp\/wp-content\/uploads\/2025\/09\/image-384-1024x576.png\" alt=\"\" class=\"wp-image-346150\" srcset=\"https:\/\/blogfolhadocomercio.com.br\/wp\/wp-content\/uploads\/2025\/09\/image-384-1024x576.png 1024w, https:\/\/blogfolhadocomercio.com.br\/wp\/wp-content\/uploads\/2025\/09\/image-384-300x169.png 300w, https:\/\/blogfolhadocomercio.com.br\/wp\/wp-content\/uploads\/2025\/09\/image-384-768x432.png 768w, https:\/\/blogfolhadocomercio.com.br\/wp\/wp-content\/uploads\/2025\/09\/image-384-1170x658.png 1170w, https:\/\/blogfolhadocomercio.com.br\/wp\/wp-content\/uploads\/2025\/09\/image-384-585x329.png 585w, https:\/\/blogfolhadocomercio.com.br\/wp\/wp-content\/uploads\/2025\/09\/image-384.png 1200w\" sizes=\"auto, (max-width: 1024px) 100vw, 1024px\" \/><\/figure>\n\n\n\n<p>Nos \u00faltimos dias, a C\u00e2mara dos Deputados causou um debate intenso ao aprovar duas propostas que dividem opini\u00f5es em todo o pa\u00eds. A chamada&nbsp;<strong><a href=\"https:\/\/www.maisgoias.com.br\/politica\/pec-da-blindagem-e-aprovada-por-deputados-e-vai-ao-senado\/\" target=\"_blank\" rel=\"noreferrer noopener\">PEC da Blindagem&nbsp;<\/a><\/strong>dificulta o avan\u00e7o de investiga\u00e7\u00f5es contra parlamentares, e o projeto que trata da urg\u00eancia na vota\u00e7\u00e3o da&nbsp;<strong><a href=\"https:\/\/www.maisgoias.com.br\/brasil\/camara-federal-aprova-urgencia-para-projeto-de-anistia\/\" target=\"_blank\" rel=\"noreferrer noopener\">Anistia<\/a><\/strong>, voltado ao perd\u00e3o ou a redu\u00e7\u00e3o de penas dos condenados pelos atos de 8 de janeiro de 2023. Diante da repercuss\u00e3o, o Mais Goi\u00e1s foi \u00e0s ruas para ouvir o que a popula\u00e7\u00e3o pensa sobre as medidas.<\/p>\n\n\n\n<p>Para o empres\u00e1rio L\u00facio Pereira, a proposta de anistia \u00e9 compreens\u00edvel, enquanto a blindagem parlamentar levanta preocupa\u00e7\u00f5es. \u201cA respeito da anistia, eu acho conveniente. Acho que o pessoal est\u00e1 sendo condenado injustamente por uma tentativa de golpe\u2026 por causa de manifesta\u00e7\u00e3o. \u00c9 mais por opini\u00e3o pol\u00edtica do que de justi\u00e7a. J\u00e1 a blindagem, eu n\u00e3o concordo\u201d, afirmou.<\/p>\n\n\n\n<p>A estudante Mariana Tofolo v\u00ea as duas propostas com bastante preocupa\u00e7\u00e3o. \u201cS\u00e3o leis que n\u00e3o t\u00eam sentido. Muitas vezes, a gente precisa investigar mesmo. N\u00e3o sabemos o que acontece com os deputados. E essa quest\u00e3o de reduzir pena\u2026 como assim vai reduzir pena pra gente que saiu destruindo tudo l\u00e1 em Bras\u00edlia? N\u00e3o faz sentido. N\u00e3o deveriam ter sido aprovadas. N\u00e3o concordo\u201d, afirmou.<\/p>\n\n\n\n<p><strong>Por Mais Goi\u00e1s<br><\/strong><\/p>\n","protected":false},"excerpt":{"rendered":"<p>O Mais Goi\u00e1s foi \u00e0s ruas para ouvir o que a popula\u00e7\u00e3o pensa sobre as medidas Nos \u00faltimos dias, a C\u00e2mara dos Deputados causou um debate intenso ao aprovar duas&hellip;<\/p>\n","protected":false},"author":1,"featured_media":346150,"comment_status":"closed","ping_status":"open","sticky":false,"template":"","format":"standard","meta":{"footnotes":""},"categories":[42],"tags":[],"class_list":["post-346149","post","type-post","status-publish","format-standard","has-post-thumbnail","hentry","category-ultimas"],"_links":{"self":[{"href":"https:\/\/blogfolhadocomercio.com.br\/wp\/wp-json\/wp\/v2\/posts\/346149","targetHints":{"allow":["GET"]}}],"collection":[{"href":"https:\/\/blogfolhadocomercio.com.br\/wp\/wp-json\/wp\/v2\/posts"}],"about":[{"href":"https:\/\/blogfolhadocomercio.com.br\/wp\/wp-json\/wp\/v2\/types\/post"}],"author":[{"embeddable":true,"href":"https:\/\/blogfolhadocomercio.com.br\/wp\/wp-json\/wp\/v2\/users\/1"}],"replies":[{"embeddable":true,"href":"https:\/\/blogfolhadocomercio.com.br\/wp\/wp-json\/wp\/v2\/comments?post=346149"}],"version-history":[{"count":1,"href":"https:\/\/blogfolhadocomercio.com.br\/wp\/wp-json\/wp\/v2\/posts\/346149\/revisions"}],"predecessor-version":[{"id":346151,"href":"https:\/\/blogfolhadocomercio.com.br\/wp\/wp-json\/wp\/v2\/posts\/346149\/revisions\/346151"}],"wp:featuredmedia":[{"embeddable":true,"href":"https:\/\/blogfolhadocomercio.com.br\/wp\/wp-json\/wp\/v2\/media\/346150"}],"wp:attachment":[{"href":"https:\/\/blogfolhadocomercio.com.br\/wp\/wp-json\/wp\/v2\/media?parent=346149"}],"wp:term":[{"taxonomy":"category","embeddable":true,"href":"https:\/\/blogfolhadocomercio.com.br\/wp\/wp-json\/wp\/v2\/categories?post=346149"},{"taxonomy":"post_tag","embeddable":true,"href":"https:\/\/blogfolhadocomercio.com.br\/wp\/wp-json\/wp\/v2\/tags?post=346149"}],"curies":[{"name":"wp","href":"https:\/\/api.w.org\/{rel}","templated":true}]}}