{"id":345895,"date":"2025-09-18T11:31:02","date_gmt":"2025-09-18T14:31:02","guid":{"rendered":"https:\/\/blogfolhadocomercio.com.br\/wp\/?p=345895"},"modified":"2025-09-18T11:31:03","modified_gmt":"2025-09-18T14:31:03","slug":"por-divida-de-r-492-mil-em-pensao-alimenticia-douglas-costa-tem-prisao-decretada","status":"publish","type":"post","link":"https:\/\/blogfolhadocomercio.com.br\/wp\/2025\/09\/18\/por-divida-de-r-492-mil-em-pensao-alimenticia-douglas-costa-tem-prisao-decretada\/","title":{"rendered":"Por d\u00edvida de R$ 492 mil em pens\u00e3o aliment\u00edcia, Douglas Costa tem pris\u00e3o decretada"},"content":{"rendered":"\n<p><strong>Esta \u00e9 a segunda vez que o jogador tem pris\u00e3o decretada por falta de pagamento de pens\u00e3o aliment\u00edcia<\/strong><\/p>\n\n\n\n<figure class=\"wp-block-image size-large\"><img loading=\"lazy\" decoding=\"async\" width=\"1024\" height=\"576\" src=\"https:\/\/blogfolhadocomercio.com.br\/wp\/wp-content\/uploads\/2025\/09\/image-302-1024x576.png\" alt=\"\" class=\"wp-image-345896\" srcset=\"https:\/\/blogfolhadocomercio.com.br\/wp\/wp-content\/uploads\/2025\/09\/image-302-1024x576.png 1024w, https:\/\/blogfolhadocomercio.com.br\/wp\/wp-content\/uploads\/2025\/09\/image-302-300x169.png 300w, https:\/\/blogfolhadocomercio.com.br\/wp\/wp-content\/uploads\/2025\/09\/image-302-768x432.png 768w, https:\/\/blogfolhadocomercio.com.br\/wp\/wp-content\/uploads\/2025\/09\/image-302-1170x658.png 1170w, https:\/\/blogfolhadocomercio.com.br\/wp\/wp-content\/uploads\/2025\/09\/image-302-585x329.png 585w, https:\/\/blogfolhadocomercio.com.br\/wp\/wp-content\/uploads\/2025\/09\/image-302.png 1200w\" sizes=\"auto, (max-width: 1024px) 100vw, 1024px\" \/><\/figure>\n\n\n\n<p>O atacante&nbsp;<a href=\"https:\/\/www.maisgoias.com.br\/tag\/douglas-costa\/\" target=\"_blank\" rel=\"noreferrer noopener\">Douglas Costa<\/a>, de 35 anos, teve pris\u00e3o decretada pela 6\u00aa Vara de Fam\u00edlia de Porto Alegre, nesta quarta-feira (17\/09), por falta de pagamento de&nbsp;<a href=\"https:\/\/www.maisgoias.com.br\/tag\/pensao-alimenticia\/\" target=\"_blank\" rel=\"noreferrer noopener\">pens\u00e3o aliment\u00edcia<\/a>&nbsp;de seus filhos. O processo tramita em segredo de Justi\u00e7a. De acordo com o site \u201cGlobo Esporte\u201d, a d\u00edvida total \u00e9 de R$ 492.965,29.<\/p>\n\n\n\n<p>A pris\u00e3o tem dura\u00e7\u00e3o de 30 dias. At\u00e9 o momento, n\u00e3o h\u00e1 informa\u00e7\u00f5es de que o mandado, que tem validade de dois anos e determina que o atleta seja preso por qualquer oficial de Justi\u00e7a ou autoridade policial, foi cumprido. A decis\u00e3o \u00e9 da ju\u00edza Sonali da Cruz Zluhan.<\/p>\n\n\n\n<p>Douglas Costa estava atuando pelo Sydney, da Austr\u00e1lia. No entanto, nesta quarta-feira (17\/09), o time australiano emitiu uma nota oficial para comunicar a rescis\u00e3o, em comum acordo, do atacante. No texto, o clube cita que \u201cquest\u00f5es legais e pessoais\u201d no Brasil impediram o brasileiro de retornar ao pa\u00eds da Oceania.<\/p>\n\n\n\n<p>\u201cO Sydney FC rescindiu o contrato de Douglas Costa em comum acordo, j\u00e1 que o ponta n\u00e3o conseguiu viajar para a Austr\u00e1lia. Quest\u00f5es legais e pessoais em seu pa\u00eds de origem impediram o brasileiro de deixar o pa\u00eds\u201d, disse Sydney em nota oficial publicada nesta quarta-feira (17\/09).<\/p>\n\n\n\n<p>Respons\u00e1vel pela defesa de Douglas Costa, o advogado S\u00e9rgio Queiroz afirmou que n\u00e3o se posicionar\u00e1 sobre o assunto. Em 2023, quando defendia o Los Angeles Galaxy, dos Estados Unidos, Douglas Costa tamb\u00e9m chegou a ter a pris\u00e3o decretada pelo mesmo motivo.<\/p>\n\n\n\n<p><strong>Por Mais Goi\u00e1s<br><\/strong><\/p>\n","protected":false},"excerpt":{"rendered":"<p>Esta \u00e9 a segunda vez que o jogador tem pris\u00e3o decretada por falta de pagamento de pens\u00e3o aliment\u00edcia O atacante&nbsp;Douglas Costa, de 35 anos, teve pris\u00e3o decretada pela 6\u00aa Vara&hellip;<\/p>\n","protected":false},"author":1,"featured_media":345896,"comment_status":"closed","ping_status":"open","sticky":false,"template":"","format":"standard","meta":{"footnotes":""},"categories":[42],"tags":[],"class_list":["post-345895","post","type-post","status-publish","format-standard","has-post-thumbnail","hentry","category-ultimas"],"_links":{"self":[{"href":"https:\/\/blogfolhadocomercio.com.br\/wp\/wp-json\/wp\/v2\/posts\/345895","targetHints":{"allow":["GET"]}}],"collection":[{"href":"https:\/\/blogfolhadocomercio.com.br\/wp\/wp-json\/wp\/v2\/posts"}],"about":[{"href":"https:\/\/blogfolhadocomercio.com.br\/wp\/wp-json\/wp\/v2\/types\/post"}],"author":[{"embeddable":true,"href":"https:\/\/blogfolhadocomercio.com.br\/wp\/wp-json\/wp\/v2\/users\/1"}],"replies":[{"embeddable":true,"href":"https:\/\/blogfolhadocomercio.com.br\/wp\/wp-json\/wp\/v2\/comments?post=345895"}],"version-history":[{"count":1,"href":"https:\/\/blogfolhadocomercio.com.br\/wp\/wp-json\/wp\/v2\/posts\/345895\/revisions"}],"predecessor-version":[{"id":345897,"href":"https:\/\/blogfolhadocomercio.com.br\/wp\/wp-json\/wp\/v2\/posts\/345895\/revisions\/345897"}],"wp:featuredmedia":[{"embeddable":true,"href":"https:\/\/blogfolhadocomercio.com.br\/wp\/wp-json\/wp\/v2\/media\/345896"}],"wp:attachment":[{"href":"https:\/\/blogfolhadocomercio.com.br\/wp\/wp-json\/wp\/v2\/media?parent=345895"}],"wp:term":[{"taxonomy":"category","embeddable":true,"href":"https:\/\/blogfolhadocomercio.com.br\/wp\/wp-json\/wp\/v2\/categories?post=345895"},{"taxonomy":"post_tag","embeddable":true,"href":"https:\/\/blogfolhadocomercio.com.br\/wp\/wp-json\/wp\/v2\/tags?post=345895"}],"curies":[{"name":"wp","href":"https:\/\/api.w.org\/{rel}","templated":true}]}}