{"id":345835,"date":"2025-09-18T09:32:22","date_gmt":"2025-09-18T12:32:22","guid":{"rendered":"https:\/\/blogfolhadocomercio.com.br\/wp\/?p=345835"},"modified":"2025-09-18T09:32:24","modified_gmt":"2025-09-18T12:32:24","slug":"educacao-divulga-vencedores-para-estampar-capas-dos-cadernos","status":"publish","type":"post","link":"https:\/\/blogfolhadocomercio.com.br\/wp\/2025\/09\/18\/educacao-divulga-vencedores-para-estampar-capas-dos-cadernos\/","title":{"rendered":"Educa\u00e7\u00e3o divulga vencedores para estampar capas dos cadernos"},"content":{"rendered":"\n<figure class=\"wp-block-image size-large\"><img loading=\"lazy\" decoding=\"async\" width=\"749\" height=\"1024\" src=\"https:\/\/blogfolhadocomercio.com.br\/wp\/wp-content\/uploads\/2025\/09\/image-282-749x1024.png\" alt=\"\" class=\"wp-image-345836\" srcset=\"https:\/\/blogfolhadocomercio.com.br\/wp\/wp-content\/uploads\/2025\/09\/image-282-749x1024.png 749w, https:\/\/blogfolhadocomercio.com.br\/wp\/wp-content\/uploads\/2025\/09\/image-282-219x300.png 219w, https:\/\/blogfolhadocomercio.com.br\/wp\/wp-content\/uploads\/2025\/09\/image-282-768x1050.png 768w, https:\/\/blogfolhadocomercio.com.br\/wp\/wp-content\/uploads\/2025\/09\/image-282-585x800.png 585w, https:\/\/blogfolhadocomercio.com.br\/wp\/wp-content\/uploads\/2025\/09\/image-282.png 828w\" sizes=\"auto, (max-width: 749px) 100vw, 749px\" \/><\/figure>\n\n\n\n<p>O resultado do Concurso de Desenho Goi\u00e1s em Tra\u00e7os e Cores: Sabores, Hist\u00f3rias e Amizades que Acolhem foi divulgado pela&nbsp;<a href=\"https:\/\/goias.gov.br\/educacao\/\" target=\"_blank\" rel=\"noreferrer noopener\">Secretaria da Educa\u00e7\u00e3o de Goi\u00e1s<\/a>&nbsp;(Seduc\/GO). Os desenhos dos estudantes vencedores v\u00e3o estampar as capas dos cadernos e apostilas distribu\u00eddos para a rede p\u00fablica estadual.<\/p>\n\n\n\n<p>O tema do concurso tinha um convite simb\u00f3lico:<\/p>\n\n\n\n<blockquote class=\"wp-block-quote is-layout-flow wp-block-quote-is-layout-flow\">\n<p>\u201cGoianidade: abrindo portas e janelas para a hist\u00f3ria entrar\u201d. Entre! Tem caf\u00e9, pamonha, biscoito e comida goiana no fog\u00e3o a lenha. Tem cheiro de mato verde e sabor de inf\u00e2ncia. Quem tem um amigo goiano tem um irm\u00e3o\u201d.<\/p>\n<\/blockquote>\n\n\n\n<p>Cada participante teve o desafio de traduzir em tra\u00e7os e cores a \u201cgoianidade\u201d, a cultura, o folclore, os sabores e as mem\u00f3rias que marcam o povo goiano.<\/p>\n\n\n\n<h2 class=\"wp-block-heading\">Votos populares<\/h2>\n\n\n\n<p>A vota\u00e7\u00e3o popular foi realizada na galeria do Portal da Seduc\/GO, e registrou mais de 14 mil votos e ajudou a definir os ganhadores.<\/p>\n\n\n\n<p>Vinte e cinco desenhos foram escolhidos para ilustrar as capas dos cadernos do 6\u00ba ao 9\u00ba ano do ensino fundamental e de 1\u00aa a 3\u00aa s\u00e9rie do ensino m\u00e9dio. Outros quatro desenhos do Goi\u00e1sTec v\u00e3o estampar as apostilas bimestrais do programa.<\/p>\n\n\n\n<h2 class=\"wp-block-heading\">Concurso de Desenho<\/h2>\n\n\n\n<p>O concurso premiou o 1\u00ba, 2\u00ba e 3\u00ba lugares por s\u00e9rie e contou com uma comiss\u00e3o julgadora formada por seis membros da Seduc\/GO, e dois convidados, coordenados pelo presidente da comiss\u00e3o organizadora.<\/p>\n\n\n\n<p>A sele\u00e7\u00e3o passou por quatro etapas: avalia\u00e7\u00e3o na unidade escolar, na Coordena\u00e7\u00e3o Regional de Educa\u00e7\u00e3o, na Seduc\/GO e, por fim, o voto popular. Os jovens que tiveram seus desenhos selecionados, ir\u00e3o receber premia\u00e7\u00f5es e tamb\u00e9m, ter\u00e3o um dia de turismo, em Goi\u00e2nia.<\/p>\n\n\n\n<h2 class=\"wp-block-heading\">Confira os vencedores:<\/h2>\n\n\n\n<p><strong>6\u00ba ano<\/strong><br>1\u00ba Ezequiel Jos\u00e9 Colmenary Briceno \u2013 C.E Major Alberto N\u00f3brega (CRE Goi\u00e2nia)<br>2\u00ba Ana Luiza Sousa Liro \u2013 Escola Estadual Dr. Pedro Ludovico Teixeira (CRE Ipor\u00e1)<br>3\u00ba Erick Alvino da Silva \u2013 C.E Glacy Kelle de Sousa (CRE Palmeiras)<\/p>\n\n\n\n<p><strong>7\u00ba ano<\/strong><br>1\u00ba Laisla Rodrigues dos Santos \u2013 C.E Professora Cleide Aparecida dos Santos (CRE Inhumas)<br>2\u00ba Ang\u00e9lica Carvalho \u00c1vila \u2013 C.E Armindo Gomes (CRE Silv\u00e2nia)<br>3\u00ba Alerrandro Andrade \u2013 C.E Professor Alfredo Nasser (CRE Jussara)<\/p>\n\n\n\n<p><strong>8\u00ba ano<\/strong><br>1\u00ba Laysla Gabrielly Oliveira Cabral \u2013 Cepi Serafim de Carvalho (CRE Jata\u00ed)<br>2\u00ba Alessandra Alves Martins \u2013 CPMG Comendador Christ\u00f3vam de Oliveira (CRE An\u00e1polis)<br>3\u00ba Matheus Gabriel da Silva \u2013 Cepi Doutor Dirceu Ferreira de Ara\u00fajo (CRE Planaltina)<\/p>\n\n\n\n<p><strong>9\u00ba ano<\/strong><br>1\u00ba Daniel Khalil Lago Fernandes \u2013 C.E Nelson Santos (CRE An\u00e1polis)<br>2\u00ba Mariana Ferreira Mendes \u2013 Cepi Bartolomeu Bueno da Silva (CRE Quirin\u00f3polis)<br>3\u00ba David Keven Vieira Pereira \u2013 C.E Ign\u00e1cio Pinheiros Paes Leme (CRE Itumbiara)<\/p>\n\n\n\n<p><strong>1\u00aa s\u00e9rie<\/strong><br>1\u00ba Jhenifer Viana Guimar\u00e3es \u2013 C.E Dr. Pedro Ludovico Teixeira (CRE Jata\u00ed)<br>2\u00ba Ana Luiza Oliveira Santos \u2013 CEPMG Mois\u00e9s Santana (CRE Silv\u00e2nia)<br>3\u00ba Hani Rodrigues Barbar \u2013 CEPMG Paula Francisco da Silva (CRE Urua\u00e7u)<\/p>\n\n\n\n<p><strong>2\u00aa s\u00e9rie<\/strong><br>1\u00ba Lara Geovana Oliveira Rodrigues \u2013 C.E Prof. Analicia Cec\u00edlia Silva (CRE Ipor\u00e1)<br>2\u00ba Amanda Cristina Dias Marques \u2013 C.E Am\u00e9lia de Castro Lima (CRE Catal\u00e3o)<br>3\u00ba Ayra \u00c2ngela Peres Nicolella \u2013 CEPI Dom Veloso (CRE Itumbiara)<\/p>\n\n\n\n<p><strong>3\u00aa s\u00e9rie<\/strong><br>1\u00b0 Dener Marques Rodrigues do C.E Sete leste (CRE Planaltina)<br>2\u00ba Thamara Teles Borges Fran\u00e7a \u2013 C.E Jalles Machado (CRE Goian\u00e9sia)<br>3\u00ba Vitor Gabriel Santiago Xavier Rabelo \u2013 C.E Padre Pel\u00e1gio (CRE Trindade)<\/p>\n\n\n\n<p><strong>Goi\u00e1sTec<\/strong><br>1\u00ba Sabrina Barbosa Ferreira de Oliveira \u2013 C.E Arquino Alves de Brito (CRE Mineiros)<br>2\u00ba Luany Vit\u00f3ria Soares Ferreira \u2013 C.E Jayme (CRE Rio Verde)<br>3\u00ba Jaqueline Farias Arantes \u2013 C.E de Educa\u00e7\u00e3o do Campo Maria do Carmo Franco (CRE Palmeiras de Goi\u00e1s)<br>4\u00ba Eduarda de Freitas Santiago \u2013 C.E Alfredo Nasser (CRE Piranhas)<\/p>\n\n\n\n<p><strong>Secretaria da Educa\u00e7\u00e3o \u2013 Governo de Goi\u00e1s<\/strong><\/p>\n","protected":false},"excerpt":{"rendered":"<p>O resultado do Concurso de Desenho Goi\u00e1s em Tra\u00e7os e Cores: Sabores, Hist\u00f3rias e Amizades que Acolhem foi divulgado pela&nbsp;Secretaria da Educa\u00e7\u00e3o de Goi\u00e1s&nbsp;(Seduc\/GO). Os desenhos dos estudantes vencedores v\u00e3o&hellip;<\/p>\n","protected":false},"author":1,"featured_media":345836,"comment_status":"closed","ping_status":"open","sticky":false,"template":"","format":"standard","meta":{"footnotes":""},"categories":[42],"tags":[],"class_list":["post-345835","post","type-post","status-publish","format-standard","has-post-thumbnail","hentry","category-ultimas"],"_links":{"self":[{"href":"https:\/\/blogfolhadocomercio.com.br\/wp\/wp-json\/wp\/v2\/posts\/345835","targetHints":{"allow":["GET"]}}],"collection":[{"href":"https:\/\/blogfolhadocomercio.com.br\/wp\/wp-json\/wp\/v2\/posts"}],"about":[{"href":"https:\/\/blogfolhadocomercio.com.br\/wp\/wp-json\/wp\/v2\/types\/post"}],"author":[{"embeddable":true,"href":"https:\/\/blogfolhadocomercio.com.br\/wp\/wp-json\/wp\/v2\/users\/1"}],"replies":[{"embeddable":true,"href":"https:\/\/blogfolhadocomercio.com.br\/wp\/wp-json\/wp\/v2\/comments?post=345835"}],"version-history":[{"count":1,"href":"https:\/\/blogfolhadocomercio.com.br\/wp\/wp-json\/wp\/v2\/posts\/345835\/revisions"}],"predecessor-version":[{"id":345837,"href":"https:\/\/blogfolhadocomercio.com.br\/wp\/wp-json\/wp\/v2\/posts\/345835\/revisions\/345837"}],"wp:featuredmedia":[{"embeddable":true,"href":"https:\/\/blogfolhadocomercio.com.br\/wp\/wp-json\/wp\/v2\/media\/345836"}],"wp:attachment":[{"href":"https:\/\/blogfolhadocomercio.com.br\/wp\/wp-json\/wp\/v2\/media?parent=345835"}],"wp:term":[{"taxonomy":"category","embeddable":true,"href":"https:\/\/blogfolhadocomercio.com.br\/wp\/wp-json\/wp\/v2\/categories?post=345835"},{"taxonomy":"post_tag","embeddable":true,"href":"https:\/\/blogfolhadocomercio.com.br\/wp\/wp-json\/wp\/v2\/tags?post=345835"}],"curies":[{"name":"wp","href":"https:\/\/api.w.org\/{rel}","templated":true}]}}