{"id":345780,"date":"2025-09-16T12:10:23","date_gmt":"2025-09-16T15:10:23","guid":{"rendered":"https:\/\/blogfolhadocomercio.com.br\/wp\/?p=345780"},"modified":"2025-09-16T12:10:27","modified_gmt":"2025-09-16T15:10:27","slug":"motta-ve-anistia-ampla-sem-folego-na-camara-apos-condenacao-de-bolsonaro","status":"publish","type":"post","link":"https:\/\/blogfolhadocomercio.com.br\/wp\/2025\/09\/16\/motta-ve-anistia-ampla-sem-folego-na-camara-apos-condenacao-de-bolsonaro\/","title":{"rendered":"Motta v\u00ea anistia ampla sem f\u00f4lego na C\u00e2mara ap\u00f3s condena\u00e7\u00e3o de Bolsonaro"},"content":{"rendered":"\n<p><strong>Lula recebeu o deputado para um almo\u00e7o, ocasi\u00e3o em que refor\u00e7ou sua posi\u00e7\u00e3o para que a Casa n\u00e3o vote o projeto<\/strong><\/p>\n\n\n\n<figure class=\"wp-block-image size-large\"><img loading=\"lazy\" decoding=\"async\" width=\"1024\" height=\"576\" src=\"https:\/\/blogfolhadocomercio.com.br\/wp\/wp-content\/uploads\/2025\/09\/image-268-1024x576.png\" alt=\"\" class=\"wp-image-345781\" srcset=\"https:\/\/blogfolhadocomercio.com.br\/wp\/wp-content\/uploads\/2025\/09\/image-268-1024x576.png 1024w, https:\/\/blogfolhadocomercio.com.br\/wp\/wp-content\/uploads\/2025\/09\/image-268-300x169.png 300w, https:\/\/blogfolhadocomercio.com.br\/wp\/wp-content\/uploads\/2025\/09\/image-268-768x432.png 768w, https:\/\/blogfolhadocomercio.com.br\/wp\/wp-content\/uploads\/2025\/09\/image-268-1170x658.png 1170w, https:\/\/blogfolhadocomercio.com.br\/wp\/wp-content\/uploads\/2025\/09\/image-268-585x329.png 585w, https:\/\/blogfolhadocomercio.com.br\/wp\/wp-content\/uploads\/2025\/09\/image-268.png 1200w\" sizes=\"auto, (max-width: 1024px) 100vw, 1024px\" \/><\/figure>\n\n\n\n<p>Ap\u00f3s a condena\u00e7\u00e3o de Jair Bolsonaro por uma tentativa de golpe de Estado, aliados do ex-presidente aumentaram a mobiliza\u00e7\u00e3o pela vota\u00e7\u00e3o de uma anistia, mas h\u00e1 obst\u00e1culos pol\u00edticos para que um \u201cperd\u00e3o amplo\u201d seja concedido. Pessoas pr\u00f3ximas ao presidente da C\u00e2mara,&nbsp;<a class=\"\" href=\"https:\/\/oglobo.globo.com\/tudo-sobre\/politico\/hugo-motta\">Hugo Motta<\/a>&nbsp;(Republicanos-PB), dizem que a proposta de prefer\u00eancia da oposi\u00e7\u00e3o se tornou um tema impopular e mal visto pela sociedade. Esses mesmos interlocutores avaliam que n\u00e3o h\u00e1 votos para uma esp\u00e9cie de \u201cliberou gerou\u201d, embora a elabora\u00e7\u00e3o de uma alternativa mais branda, que mantenha a inelegibilidade do pr\u00f3prio Bolsonaro, tenha mais chance de prosperar entre deputados ou senadores.<\/p>\n\n\n\n<p>Na segunda-feira, o presidente Luiz In\u00e1cio&nbsp;<a class=\"\" href=\"https:\/\/oglobo.globo.com\/tudo-sobre\/politico\/luiz-inacio-lula-da-silva\">Lula<\/a>&nbsp;da Silva recebeu Motta para um almo\u00e7o no Pal\u00e1cio da Alvorada, ocasi\u00e3o em que refor\u00e7ou sua posi\u00e7\u00e3o para que a C\u00e2mara n\u00e3o vote o projeto de anistia. Nos \u00faltimos dias, o deputado tamb\u00e9m tem manifestado a inten\u00e7\u00e3o de evitar um confronto com o Supremo Tribunal Federal (STF), que v\u00ea o perd\u00e3o total como inconstitucional.<\/p>\n\n\n\n<p>Na Casa ao lado, o presidente&nbsp;<a class=\"\" href=\"https:\/\/oglobo.globo.com\/tudo-sobre\/politico\/davi-alcolumbre\">Davi Alcolumbre<\/a>&nbsp;(Uni\u00e3o-AP) debate um texto que altera o C\u00f3digo Penal e, com isso, diminui as penas de envolvidos no 8\/1 e, por consequ\u00eancia, na trama golpista. O projeto foca nos crimes de tentativa de golpe e aboli\u00e7\u00e3o do Estado Democr\u00e1tico de Direito.<\/p>\n\n\n\n<p>Ao mesmo tempo em que buscam contornar resist\u00eancias em diferentes partidos, bolsonaristas enfrentam um mal-estar interno desde o s\u00e1bado, quando o presidente do PL, Valdemar Costa Neto, admitiu a exist\u00eancia da tentativa de golpe \u2014 assunto que foi objeto de julgamento pelo STF. Diante da repercuss\u00e3o da fala, o dirigente partid\u00e1rio resolveu recuar na segunda-feira e negar o pr\u00f3prio discurso.<\/p>\n\n\n\n<p>Em meio ao ambiente tumultuado, dirigentes do PL j\u00e1 receberam a sinaliza\u00e7\u00e3o de que Motta resiste a uma anistia ampla. Como O GLOBO antecipou, o deputado tem repetido que n\u00e3o h\u00e1 clima na Casa. Um interlocutor pr\u00f3ximo ao parlamentar refor\u00e7ou que a ideia \u00e9 \u201cpacificar o pa\u00eds\u201d, mas que o caminho n\u00e3o passa por uma anistia irrestrita. Em paralelo, parte dos l\u00edderes da C\u00e2mara defende que a anistia entre na pauta de hoje. At\u00e9 entre os governistas, h\u00e1 quem diga que a proposta deveria ter a urg\u00eancia votada em plen\u00e1rio para ser derrotada de uma vez.<\/p>\n\n\n\n<p>\u2014 Eles v\u00e3o precisar de 257 votos. N\u00e3o deve pautar, mas se pautar temos que derrotar \u2014 disse o l\u00edder do PT, Lindbergh Farias (PT-RJ). \u2014 A urg\u00eancia n\u00e3o ser\u00e1 pautada, hoje a realidade \u00e9 esta. Se mudar, vamos derrotar no voto. O governo tem agido e a bancada tamb\u00e9m \u2014 complementou Zeca Dirceu (PT-PR).<\/p>\n\n\n\n<p>O Datafolha aponta que mais da metade dos brasileiros \u00e9 contra a aprova\u00e7\u00e3o de uma anistia que favore\u00e7a Bolsonaro: 54% rejeitam a ideia, enquanto 39% a defendem.<\/p>\n\n\n\n<p>Interlocutores de Motta dizem, inclusive, que o apoio \u00e0 anistia tem prejudicado politicamente o governador de S\u00e3o Paulo, Tarc\u00edsio de Freitas (Republicanos), que intensificou articula\u00e7\u00f5es a favor do projeto. O governador \u00e9 estimulado por partidos do Centr\u00e3o a dar sinaliza\u00e7\u00f5es a Bolsonaro. O objetivo desses partidos \u00e9 ter o aval do ex-presidente para que Tarc\u00edsio seja candidato. Apesar disso, as negocia\u00e7\u00f5es encabe\u00e7adas por PP e Uni\u00e3o Brasil incluem uma anistia diferente daquela almejada por bolsonaristas, que querem a recupera\u00e7\u00e3o da elegibilidade de Bolsonaro.<\/p>\n\n\n\n<p>A sinaliza\u00e7\u00e3o da dificuldade em aprovar a anistia foi refor\u00e7ada no \u00faltimo fim de semana durante encontro com o governador em S\u00e3o Paulo. Fontes pr\u00f3ximas a Motta e integrantes do governo paulista confirmaram a reuni\u00e3o, realizada fora da agenda oficial. Embora a assessoria do deputado tenha afirmado que ele esteve em S\u00e3o Paulo por compromissos pessoais, interlocutores relatam que Motta aproveitou a visita para conversar reservadamente com Tarc\u00edsio e teria deixado claro que n\u00e3o pretende pautar um projeto que possa ser interpretado como confronto direto ao STF.<\/p>\n\n\n\n<p>Caso a anistia n\u00e3o avance, outras frentes s\u00e3o avaliadas, como desenterrar a PEC da Blindagem, que limita investiga\u00e7\u00f5es contra congressistas. A c\u00fapula da C\u00e2mara busca dar recados ao Judici\u00e1rio no momento em que parlamentares s\u00e3o alvos de investiga\u00e7\u00f5es envolvendo poss\u00edveis suspeitas de desvios de emendas.<\/p>\n\n\n\n<p>Na semana passada, Motta se reuniu com o presidente do Senado, e os dois conversaram sobre a anistia. Alcolumbre tem tentado articular a aprova\u00e7\u00e3o de uma vers\u00e3o que n\u00e3o trataria de Bolsonaro e focaria apenas em redu\u00e7\u00e3o de penas de manifestantes que estiveram no 8 de Janeiro. Interlocutores do governo afirmam que o Planalto n\u00e3o vai se opor a essa iniciativa se tiver consenso entre Congresso e STF pelo texto.<\/p>\n\n\n\n<p>Segundo relatos, o chefe da C\u00e2mara n\u00e3o tomou nenhuma decis\u00e3o conclusiva na reuni\u00e3o com Alcolumbre e disse que a posi\u00e7\u00e3o dele vai depender da maioria dos deputados. Em outras oportunidades, no entanto, Motta j\u00e1 adotou posi\u00e7\u00f5es similares \u00e0s do presidente do Senado.<\/p>\n\n\n\n<h2 class=\"wp-block-heading\" id=\"h-presidente-do-pl\">Presidente do PL<\/h2>\n\n\n\n<p>J\u00e1 o reconhecimento, por parte de Valdemar, sobre a exist\u00eancia de uma tentativa de golpe de Estado inflamou bolsonaristas e provocou rea\u00e7\u00f5es p\u00fablicas. O dirigente disse no s\u00e1bado que houve um planejamento de golpe, mas negou que tenha acontecido crime.<\/p>\n\n\n\n<p>\u2014 Houve um planejamento de golpe, mas nunca teve o golpe efetivamente. No Brasil a lei diz o seguinte: \u201cSe voc\u00ea planejar um assassinato, mas n\u00e3o fez nada, n\u00e3o tentou, n\u00e3o \u00e9 crime\u201d. O golpe n\u00e3o foi crime. O grande problema nosso \u00e9 que teve aquela bagun\u00e7a no 8 de Janeiro e o Supremo diz que aquilo foi golpe. Olha s\u00f3, que absurdo, camarada com peda\u00e7o de pau, um bando de p\u00e9 de chinelo quebrando l\u00e1 na frente e eles falam que aquilo \u00e9 golpe \u2014 disse Valdemar em um evento em S\u00e3o Paulo.<\/p>\n\n\n\n<p>Ap\u00f3s as rea\u00e7\u00f5es negativas, o dirigente disse que a declara\u00e7\u00e3o \u201cacabou sendo interpretada de forma equivocada\u201d e que estava na condicional. \u201cO que precisa ficar registrado \u00e9 que n\u00e3o houve golpe. O presidente Bolsonaro sempre deixou claro que n\u00e3o aceitaria nada fora da Constitui\u00e7\u00e3o\u201d. Mesmo assim, a fala ampliou a insatisfa\u00e7\u00e3o de uma ala do bolsonarismo que j\u00e1 era distante do cacique.<\/p>\n\n\n\n<p>\u2014 Ele \u00e9 mestre em dizer o que pensa, em geral contra a direita, e depois desdizer quando pega mal. Centr\u00e3o sem posicionamento \u00e9 sempre assim. \u2014 afirmou o deputado e ex-ministro Ricardo Salles (Novo-SP).<\/p>\n\n\n\n<p>O advogado Paulo Figueiredo, que junto com o deputado Eduardo Bolsonaro (PL-SP) articula no governo americano san\u00e7\u00f5es ao Brasil, criticou. \u201cComo eu sempre digo: n\u00e3o estamos nesta merda de dar gosto \u00e0 toa\u201d. Fabio Wajngarten, ex-chefe da Secom, tamb\u00e9m atacou: \u201cQuando n\u00e3o se tem o que falar, \u00e9 \u00f3bvio que \u00e9 melhor n\u00e3o falar\u201d. De forma indireta, a deputada Caroline de Toni (PL-SC) respondeu: \u201cO que existe \u00e9 uma narrativa criada para perseguir Bolsonaro e criminalizar a direita\u201d.<\/p>\n\n\n\n<p><strong><em>*Via O Globo<\/em><\/strong><\/p>\n\n\n\n<p><strong>Por Mais Goi\u00e1s<br><\/strong><\/p>\n","protected":false},"excerpt":{"rendered":"<p>Lula recebeu o deputado para um almo\u00e7o, ocasi\u00e3o em que refor\u00e7ou sua posi\u00e7\u00e3o para que a Casa n\u00e3o vote o projeto Ap\u00f3s a condena\u00e7\u00e3o de Jair Bolsonaro por uma tentativa&hellip;<\/p>\n","protected":false},"author":1,"featured_media":345781,"comment_status":"closed","ping_status":"open","sticky":false,"template":"","format":"standard","meta":{"footnotes":""},"categories":[42],"tags":[],"class_list":["post-345780","post","type-post","status-publish","format-standard","has-post-thumbnail","hentry","category-ultimas"],"_links":{"self":[{"href":"https:\/\/blogfolhadocomercio.com.br\/wp\/wp-json\/wp\/v2\/posts\/345780","targetHints":{"allow":["GET"]}}],"collection":[{"href":"https:\/\/blogfolhadocomercio.com.br\/wp\/wp-json\/wp\/v2\/posts"}],"about":[{"href":"https:\/\/blogfolhadocomercio.com.br\/wp\/wp-json\/wp\/v2\/types\/post"}],"author":[{"embeddable":true,"href":"https:\/\/blogfolhadocomercio.com.br\/wp\/wp-json\/wp\/v2\/users\/1"}],"replies":[{"embeddable":true,"href":"https:\/\/blogfolhadocomercio.com.br\/wp\/wp-json\/wp\/v2\/comments?post=345780"}],"version-history":[{"count":1,"href":"https:\/\/blogfolhadocomercio.com.br\/wp\/wp-json\/wp\/v2\/posts\/345780\/revisions"}],"predecessor-version":[{"id":345782,"href":"https:\/\/blogfolhadocomercio.com.br\/wp\/wp-json\/wp\/v2\/posts\/345780\/revisions\/345782"}],"wp:featuredmedia":[{"embeddable":true,"href":"https:\/\/blogfolhadocomercio.com.br\/wp\/wp-json\/wp\/v2\/media\/345781"}],"wp:attachment":[{"href":"https:\/\/blogfolhadocomercio.com.br\/wp\/wp-json\/wp\/v2\/media?parent=345780"}],"wp:term":[{"taxonomy":"category","embeddable":true,"href":"https:\/\/blogfolhadocomercio.com.br\/wp\/wp-json\/wp\/v2\/categories?post=345780"},{"taxonomy":"post_tag","embeddable":true,"href":"https:\/\/blogfolhadocomercio.com.br\/wp\/wp-json\/wp\/v2\/tags?post=345780"}],"curies":[{"name":"wp","href":"https:\/\/api.w.org\/{rel}","templated":true}]}}