{"id":345771,"date":"2025-09-16T11:10:13","date_gmt":"2025-09-16T14:10:13","guid":{"rendered":"https:\/\/blogfolhadocomercio.com.br\/wp\/?p=345771"},"modified":"2025-09-16T11:10:15","modified_gmt":"2025-09-16T14:10:15","slug":"pgr-pede-condenacao-de-kids-pretos-mas-reduz-acusacao-contra-tenente-coronel","status":"publish","type":"post","link":"https:\/\/blogfolhadocomercio.com.br\/wp\/2025\/09\/16\/pgr-pede-condenacao-de-kids-pretos-mas-reduz-acusacao-contra-tenente-coronel\/","title":{"rendered":"PGR pede condena\u00e7\u00e3o de kids pretos, mas reduz acusa\u00e7\u00e3o contra tenente-coronel"},"content":{"rendered":"\n<p><strong>Gonet afirma n\u00e3o haver provas suficientes de envolvimento de Ronald Ferreira com organiza\u00e7\u00e3o criminosa<\/strong><\/p>\n\n\n\n<figure class=\"wp-block-image size-large\"><img loading=\"lazy\" decoding=\"async\" width=\"1024\" height=\"591\" src=\"https:\/\/blogfolhadocomercio.com.br\/wp\/wp-content\/uploads\/2025\/09\/image-265-1024x591.png\" alt=\"\" class=\"wp-image-345772\" srcset=\"https:\/\/blogfolhadocomercio.com.br\/wp\/wp-content\/uploads\/2025\/09\/image-265-1024x591.png 1024w, https:\/\/blogfolhadocomercio.com.br\/wp\/wp-content\/uploads\/2025\/09\/image-265-300x173.png 300w, https:\/\/blogfolhadocomercio.com.br\/wp\/wp-content\/uploads\/2025\/09\/image-265-768x443.png 768w, https:\/\/blogfolhadocomercio.com.br\/wp\/wp-content\/uploads\/2025\/09\/image-265-585x338.png 585w, https:\/\/blogfolhadocomercio.com.br\/wp\/wp-content\/uploads\/2025\/09\/image-265.png 1170w\" sizes=\"auto, (max-width: 1024px) 100vw, 1024px\" \/><\/figure>\n\n\n\n<p>O procurador-geral da Rep\u00fablica,&nbsp;Paulo Gonet, pediu nesta segunda-feira (15) a condena\u00e7\u00e3o de mais nove r\u00e9us, mas reduziu a acusa\u00e7\u00e3o contra um dos envolvidos. Segundo o PGR, n\u00e3o h\u00e1 provas suficientes contra Ronald Ferreira De Araujo J\u00fanior e, por isso, ele deve ser julgado incita\u00e7\u00e3o ao crime, e n\u00e3o mais pelos cinco tipos penais apontados contra os demais acusados da trama golpista de 2022.<\/p>\n\n\n\n<p>Gonet fez a mudan\u00e7a nas alega\u00e7\u00f5es finais apresentadas ao ministro&nbsp;Alexandre de Moraes, relator do processo no&nbsp;<a href=\"https:\/\/www1.folha.uol.com.br\/folha-topicos\/stf\/\">STF<\/a>, na a\u00e7\u00e3o penal sobre os denunciados por press\u00e3o a militares e outros agentes p\u00fablicos a aderir ao plano golpista, o terceiro n\u00facleo do caso. O documento tem 197 p\u00e1ginas.<\/p>\n\n\n\n<p>A PGR destaca uma peculiaridade na situa\u00e7\u00e3o do militar. \u201cDiferentemente dos demais acusados, n\u00e3o foram reunidos elementos adicionais sobre uma vincula\u00e7\u00e3o aprofundada do r\u00e9u com a organiza\u00e7\u00e3o criminosa. As provas indicam que Ronald Ferreira n\u00e3o esteve presente na reuni\u00e3o de 28.11.2022, tampouco acompanhou os passos subsequentes do grupo\u201d, diz Gonet.<\/p>\n\n\n\n<p>O encontro teria sido feito no sal\u00e3o de festas do pr\u00e9dio em que morava o coronel M\u00e1rcio Nunes de Resende J\u00fanior, em&nbsp;Bras\u00edlia, para elaborar estrat\u00e9gias para pressionar os chefes militares a&nbsp;apoiarem um golpe de Estado. Era a data que marcava o&nbsp;in\u00edcio das reuni\u00f5es do Alto Comando do Ex\u00e9rcito naquela semana, quando a c\u00fapula da For\u00e7a se encontrava na capital federal.<\/p>\n\n\n\n<p>Dessa forma, a PGR pediu a desclassifica\u00e7\u00e3o da conduta dele para incita\u00e7\u00e3o ao crime, na forma equiparada pela animosidade das For\u00e7as Armadas contra os Poderes Constitucionais. Al\u00e9m disso, Gonet sugeriu que ele tivesse a faculdade de negociar benef\u00edcios penais pertinentes.<\/p>\n\n\n\n<p>De forma geral, Gonet afirmou, tamb\u00e9m, que a den\u00fancia n\u00e3o deve ser analisada como uma narrativa de fatos isolados. Neste ponto, rebate a forma como o ministro Luiz Fux optou por fazer a an\u00e1lise do caso no julgamento do n\u00facleo central.<\/p>\n\n\n\n<p>\u201cOs fatos de que a den\u00fancia tratou nem sempre tiveram os mesmos atores. Mas todos eles convergiram, dentro do seu espa\u00e7o de atua\u00e7\u00e3o poss\u00edvel, para o objetivo comum de assegurar a perman\u00eancia do Presidente da Rep\u00fablica da \u00e9poca do exerc\u00edcio da condu\u00e7\u00e3o do Estado, mesmo que n\u00e3o vencesse as elei\u00e7\u00f5es e mesmo depois de haver efetivamente perdido o abono dos eleitores em 2022\u201d, disse.<\/p>\n\n\n\n<p>Segundo a acusa\u00e7\u00e3o, o n\u00facleo tem os \u201crespons\u00e1veis pelas a\u00e7\u00f5es mais severas e violentas do grupo, que somente n\u00e3o ultimaram a ruptura institucional pela forte resist\u00eancia dos Comandantes do Ex\u00e9rcito e da Aeron\u00e1utica\u201d.<\/p>\n\n\n\n<p>Eles foram denunciados por cinco crimes: tentativa de aboli\u00e7\u00e3o do Estado democr\u00e1tico de Direito, golpe de Estado, organiza\u00e7\u00e3o criminosa armada, dano qualificado e deteriora\u00e7\u00e3o do patrim\u00f4nio tombado. Agora, no entanto, o&nbsp;PGR&nbsp;recuou em um dos casos.<\/p>\n\n\n\n<p>A maior parte deles, segundo a PGR, apoiou as estrat\u00e9gias de press\u00e3o sobre os chefes das For\u00e7as Armadas. Outra parte \u00e9 acusada de planejar o assassinato de Moraes.<\/p>\n\n\n\n<p>No caso de Ronald Ferreira de Araujo Junior, o tenente-coronel lotado no Centro de Comunica\u00e7\u00e3o do Ex\u00e9rcito teria participado da \u201cCarta ao Comandante do Ex\u00e9rcito de Oficiais Superiores da Ativa do Ex\u00e9rcito Brasileiro\u201d. Ele negou a acusa\u00e7\u00e3o no interrogat\u00f3rio.<\/p>\n\n\n\n<p>\u201cO que foi dito para mim \u00e9 que era para levar preocupa\u00e7\u00f5es dos militares, dos oficiais com todo o contexto pol\u00edtico daquela \u00e9poca, com as com a quest\u00e3o da imagem da For\u00e7a, porque n\u00f3s est\u00e1vamos sendo muito atacados nas redes sociais, nas m\u00eddias, na imprensa. E o que foi citado \u00e9 que a carta n\u00e3o teria nenhum car\u00e1ter pol\u00edtico, de reivindica\u00e7\u00e3o pol\u00edtica. Foi isso que foi falado\u201d, disse.<\/p>\n\n\n\n<p>O grupo \u00e9 formado por&nbsp;Bernardo Rom\u00e3o Correa Neto&nbsp;(coronel da reserva),&nbsp;Estevam Theophilo&nbsp;(general da reserva),&nbsp;Fabr\u00edcio Moreira de Bastos&nbsp;(coronel),&nbsp;H\u00e9lio Ferreira Lima&nbsp;(tenente-coronel),&nbsp;M\u00e1rcio Nunes de Resende J\u00fanior&nbsp;(coronel da reserva),&nbsp;Rafael Martins de Oliveira&nbsp;(tenente-coronel),&nbsp;Rodrigo Bezerra de Azevedo&nbsp;(tenente-coronel),&nbsp;Ronald Ferreira de Ara\u00fajo J\u00fanior&nbsp;(tenente-coronel),&nbsp;S\u00e9rgio Ricardo Cavaliere&nbsp;(tenente-coronel da reserva) e&nbsp;Wladimir Matos Soares&nbsp;(policial federal).<\/p>\n\n\n\n<p>A partir de agora, come\u00e7a a correr o prazo, tamb\u00e9m de 15 dias, para a entrega dos argumentos finais das defesas de cada um dos r\u00e9us do caso. Depois disso, o processo \u00e9 considerado pronto para ser julgado.<\/p>\n\n\n\n<p><strong><em>*Via Folha de S\u00e3o Paulo<\/em><\/strong><\/p>\n\n\n\n<p><strong>Por Mais Goi\u00e1s<br><\/strong><\/p>\n","protected":false},"excerpt":{"rendered":"<p>Gonet afirma n\u00e3o haver provas suficientes de envolvimento de Ronald Ferreira com organiza\u00e7\u00e3o criminosa O procurador-geral da Rep\u00fablica,&nbsp;Paulo Gonet, pediu nesta segunda-feira (15) a condena\u00e7\u00e3o de mais nove r\u00e9us, mas&hellip;<\/p>\n","protected":false},"author":1,"featured_media":345772,"comment_status":"closed","ping_status":"open","sticky":false,"template":"","format":"standard","meta":{"footnotes":""},"categories":[42],"tags":[],"class_list":["post-345771","post","type-post","status-publish","format-standard","has-post-thumbnail","hentry","category-ultimas"],"_links":{"self":[{"href":"https:\/\/blogfolhadocomercio.com.br\/wp\/wp-json\/wp\/v2\/posts\/345771","targetHints":{"allow":["GET"]}}],"collection":[{"href":"https:\/\/blogfolhadocomercio.com.br\/wp\/wp-json\/wp\/v2\/posts"}],"about":[{"href":"https:\/\/blogfolhadocomercio.com.br\/wp\/wp-json\/wp\/v2\/types\/post"}],"author":[{"embeddable":true,"href":"https:\/\/blogfolhadocomercio.com.br\/wp\/wp-json\/wp\/v2\/users\/1"}],"replies":[{"embeddable":true,"href":"https:\/\/blogfolhadocomercio.com.br\/wp\/wp-json\/wp\/v2\/comments?post=345771"}],"version-history":[{"count":1,"href":"https:\/\/blogfolhadocomercio.com.br\/wp\/wp-json\/wp\/v2\/posts\/345771\/revisions"}],"predecessor-version":[{"id":345773,"href":"https:\/\/blogfolhadocomercio.com.br\/wp\/wp-json\/wp\/v2\/posts\/345771\/revisions\/345773"}],"wp:featuredmedia":[{"embeddable":true,"href":"https:\/\/blogfolhadocomercio.com.br\/wp\/wp-json\/wp\/v2\/media\/345772"}],"wp:attachment":[{"href":"https:\/\/blogfolhadocomercio.com.br\/wp\/wp-json\/wp\/v2\/media?parent=345771"}],"wp:term":[{"taxonomy":"category","embeddable":true,"href":"https:\/\/blogfolhadocomercio.com.br\/wp\/wp-json\/wp\/v2\/categories?post=345771"},{"taxonomy":"post_tag","embeddable":true,"href":"https:\/\/blogfolhadocomercio.com.br\/wp\/wp-json\/wp\/v2\/tags?post=345771"}],"curies":[{"name":"wp","href":"https:\/\/api.w.org\/{rel}","templated":true}]}}