{"id":344070,"date":"2025-07-28T15:07:55","date_gmt":"2025-07-28T18:07:55","guid":{"rendered":"https:\/\/blogfolhadocomercio.com.br\/wp\/?p=344070"},"modified":"2025-07-28T15:07:57","modified_gmt":"2025-07-28T18:07:57","slug":"homem-enrolado-em-colchao-morre-apos-ser-atropelado-por-trator-em-mineiros","status":"publish","type":"post","link":"https:\/\/blogfolhadocomercio.com.br\/wp\/2025\/07\/28\/homem-enrolado-em-colchao-morre-apos-ser-atropelado-por-trator-em-mineiros\/","title":{"rendered":"Homem enrolado em colch\u00e3o morre ap\u00f3s ser atropelado por trator em Mineiros"},"content":{"rendered":"\n<p><strong>O homem, ainda n\u00e3o identificado, \u00e9 moreno, magro, com cabelo crespo raspado, cerca de 1,70 m e v\u00e1rias tatuagens pelo corpo<\/strong><\/p>\n\n\n\n<figure class=\"wp-block-image size-large\"><img loading=\"lazy\" decoding=\"async\" width=\"1024\" height=\"576\" src=\"https:\/\/blogfolhadocomercio.com.br\/wp\/wp-content\/uploads\/2025\/07\/image-565-1024x576.png\" alt=\"\" class=\"wp-image-344071\" srcset=\"https:\/\/blogfolhadocomercio.com.br\/wp\/wp-content\/uploads\/2025\/07\/image-565-1024x576.png 1024w, https:\/\/blogfolhadocomercio.com.br\/wp\/wp-content\/uploads\/2025\/07\/image-565-300x169.png 300w, https:\/\/blogfolhadocomercio.com.br\/wp\/wp-content\/uploads\/2025\/07\/image-565-768x432.png 768w, https:\/\/blogfolhadocomercio.com.br\/wp\/wp-content\/uploads\/2025\/07\/image-565-1170x658.png 1170w, https:\/\/blogfolhadocomercio.com.br\/wp\/wp-content\/uploads\/2025\/07\/image-565-585x329.png 585w, https:\/\/blogfolhadocomercio.com.br\/wp\/wp-content\/uploads\/2025\/07\/image-565.png 1200w\" sizes=\"auto, (max-width: 1024px) 100vw, 1024px\" \/><\/figure>\n\n\n\n<p>Um homem morreu ap\u00f3s ser&nbsp;<a href=\"https:\/\/www.maisgoias.com.br\/cidades\/trabalhador-rural-morre-esmagado-por-um-trator-em-vianopolis\/\" target=\"_blank\" rel=\"noreferrer noopener\">atropelado por um trator<\/a>&nbsp;em uma estrada de terra \u00e0s margens da BR-364, em Mineiros, na manh\u00e3 de domingo (27). De acordo com a Pol\u00edcia T\u00e9cnico-Cient\u00edfica, a v\u00edtima estava enrolada em um colch\u00e3o velho, \u00e0 beira da pista, quando um dos ve\u00edculos, que estava em comboio, passou com as rodas sobre seu corpo.<\/p>\n\n\n\n<p>Operadores do trator disseram aos policiais que a equipe voltava com o maquin\u00e1rio para a empresa, quando um dos trabalhadores, acreditando se tratar de um colch\u00e3o abandonado, acabou passando por cima da v\u00edtima. Ap\u00f3s o acidente, um dos tratoristas notou a presen\u00e7a de um homem que se mexia e gesticulava com os bra\u00e7os embaixo do objeto. O supervisor do comboio chamou a Pol\u00edcia Militar e o Corpo de Bombeiros.<\/p>\n\n\n\n<p><strong>Leia mais:<\/strong><\/p>\n\n\n\n<p><a href=\"https:\/\/www.maisgoias.com.br\/cidades\/homem-morre-atropelado-dentro-do-patio-da-ceasa-em-goiania\/#google_vignette\" target=\"_blank\" rel=\"noreferrer noopener\">Homem morre atropelado dentro do p\u00e1tio da Ceasa, em Goi\u00e2nia<\/a><\/p>\n\n\n\n<p><a href=\"https:\/\/www.maisgoias.com.br\/cidades\/adolescente-morre-apos-ser-atropelado-por-caminhonete-enquanto-pilotava-motocicleta-no-faina\/\" target=\"_blank\" rel=\"noreferrer noopener\">Adolescente que pilotava moto morre ap\u00f3s ser atropelado por caminhonete em Faina<br><\/a><a href=\"https:\/\/www.maisgoias.com.br\/cidades\/homem-morre-atropelado-dentro-do-patio-da-ceasa-em-goiania\/#google_vignette\" target=\"_blank\" rel=\"noreferrer noopener\"><\/a><\/p>\n\n\n\n<figure class=\"wp-block-image\"><img decoding=\"async\" src=\"https:\/\/uploads.maisgoias.com.br\/2025\/07\/c6e851d3-whatsapp-image-2025-07-28-at-07.39.13-960x640.jpeg\" alt=\"Imagem do local do acidente\" class=\"wp-image-971300\"\/><figcaption class=\"wp-element-caption\">Pol\u00edcia investiga por que homem estava enrolado em colch\u00e3o \u00e0s margens da rodovia (Divulga\u00e7\u00e3o Pol\u00edcia T\u00e9cnico-Cient\u00edfica)<\/figcaption><\/figure>\n\n\n\n<p>A v\u00edtima foi socorrida e levada com vida para uma Unidade de Pronto Atendimento (UPA) de Mineiros, mas, devido aos ferimentos, n\u00e3o resistiu e morreu.&nbsp;<a href=\"https:\/\/goias.gov.br\/policiacientifica\/\" target=\"_blank\" rel=\"noreferrer noopener\">Segundo os peritos<\/a>, o homem que ainda n\u00e3o foi identificado, tem a pele morena, cabelos que aparentam ser crespos, raspado, porte magro, cerca de 1,70 metro de altura, idade estimada entre 30 e 40 anos e v\u00e1rias tatuagens pelo corpo.<\/p>\n\n\n\n<p>O corpo foi recolhido pelo Instituto M\u00e9dico Legal (IML) de Jata\u00ed, onde permanece \u00e0 espera de reconhecimento por familiares. A Pol\u00edcia Civil investiga as causas do acidente, incluindo como e porque a v\u00edtima estava enrolada no colch\u00e3o \u00e0s margens da estrada.<\/p>\n\n\n\n<p><strong>Por Mais Goi\u00e1s<br><\/strong><\/p>\n","protected":false},"excerpt":{"rendered":"<p>O homem, ainda n\u00e3o identificado, \u00e9 moreno, magro, com cabelo crespo raspado, cerca de 1,70 m e v\u00e1rias tatuagens pelo corpo Um homem morreu ap\u00f3s ser&nbsp;atropelado por um trator&nbsp;em uma&hellip;<\/p>\n","protected":false},"author":1,"featured_media":344071,"comment_status":"closed","ping_status":"open","sticky":false,"template":"","format":"standard","meta":{"footnotes":""},"categories":[53,42],"tags":[],"class_list":["post-344070","post","type-post","status-publish","format-standard","has-post-thumbnail","hentry","category-tragedia","category-ultimas"],"_links":{"self":[{"href":"https:\/\/blogfolhadocomercio.com.br\/wp\/wp-json\/wp\/v2\/posts\/344070","targetHints":{"allow":["GET"]}}],"collection":[{"href":"https:\/\/blogfolhadocomercio.com.br\/wp\/wp-json\/wp\/v2\/posts"}],"about":[{"href":"https:\/\/blogfolhadocomercio.com.br\/wp\/wp-json\/wp\/v2\/types\/post"}],"author":[{"embeddable":true,"href":"https:\/\/blogfolhadocomercio.com.br\/wp\/wp-json\/wp\/v2\/users\/1"}],"replies":[{"embeddable":true,"href":"https:\/\/blogfolhadocomercio.com.br\/wp\/wp-json\/wp\/v2\/comments?post=344070"}],"version-history":[{"count":1,"href":"https:\/\/blogfolhadocomercio.com.br\/wp\/wp-json\/wp\/v2\/posts\/344070\/revisions"}],"predecessor-version":[{"id":344072,"href":"https:\/\/blogfolhadocomercio.com.br\/wp\/wp-json\/wp\/v2\/posts\/344070\/revisions\/344072"}],"wp:featuredmedia":[{"embeddable":true,"href":"https:\/\/blogfolhadocomercio.com.br\/wp\/wp-json\/wp\/v2\/media\/344071"}],"wp:attachment":[{"href":"https:\/\/blogfolhadocomercio.com.br\/wp\/wp-json\/wp\/v2\/media?parent=344070"}],"wp:term":[{"taxonomy":"category","embeddable":true,"href":"https:\/\/blogfolhadocomercio.com.br\/wp\/wp-json\/wp\/v2\/categories?post=344070"},{"taxonomy":"post_tag","embeddable":true,"href":"https:\/\/blogfolhadocomercio.com.br\/wp\/wp-json\/wp\/v2\/tags?post=344070"}],"curies":[{"name":"wp","href":"https:\/\/api.w.org\/{rel}","templated":true}]}}