{"id":343965,"date":"2025-07-27T01:59:05","date_gmt":"2025-07-27T04:59:05","guid":{"rendered":"https:\/\/blogfolhadocomercio.com.br\/wp\/2025\/07\/27\/pt-preve-que-haddad-sera-candidato-apesar-de-ele-resistir-26-07-2025-painel\/"},"modified":"2025-07-27T01:59:08","modified_gmt":"2025-07-27T04:59:08","slug":"pt-preve-que-haddad-sera-candidato-apesar-de-ele-resistir-26-07-2025-painel","status":"publish","type":"post","link":"https:\/\/blogfolhadocomercio.com.br\/wp\/2025\/07\/27\/pt-preve-que-haddad-sera-candidato-apesar-de-ele-resistir-26-07-2025-painel\/","title":{"rendered":"PT prev\u00ea que Haddad ser\u00e1 candidato, apesar de ele resistir &#8211; 26\/07\/2025 &#8211; Painel"},"content":{"rendered":"<p> <br \/>\n<\/p>\n<div data-news-content-text=\"\" data-disable-copy=\"\" data-continue-reading=\"\" data-continue-reading-hide-others=\".js-continue-reading-hidden\" data-age-rating=\"\" itemprop=\"articleBody\">\n<p>Membros do <a href=\"https:\/\/www1.folha.uol.com.br\/folha-topicos\/pt\/\">PT<\/a> e do governo Lula j\u00e1 consideram que o ministro da Fazenda, <a href=\"https:\/\/www1.folha.uol.com.br\/folha-topicos\/fernando-haddad\/\">Fernando Haddad<\/a>, n\u00e3o conseguir\u00e1 recusar os apelos para ser candidato a governador de S\u00e3o Paulo ou a uma das duas vagas do Senado em 2026.<\/p>\n<p>A press\u00e3o sobre ele, que resiste \u00e0 empreitada, tem crescido, e une do novo presidente do partido, Edinho Silva, a<a href=\"https:\/\/www1.folha.uol.com.br\/colunas\/painel\/2025\/07\/dirceu-confirma-que-sera-candidato-a-deputado-e-defende-que-haddad-dispute-eleicao.shtml\" rel=\"\" target=\"\"> medalh\u00f5es como o ex-ministro Jos\u00e9 Dirceu<\/a>. &#8220;N\u00e3o tem escapat\u00f3ria. Temos que ir com os melhores&#8221;, diz Dirceu.<\/p>\n<p>A conversa definitiva ser\u00e1 com Lula, que acredita que Haddad pode se beneficiar eleitoralmente se a economia seguir aquecida.<\/p>\n<p>O principal argumento \u00e9 que o presidente precisar\u00e1 de um palanque forte no maior estado do pa\u00eds para ajudar em seu projeto de reelei\u00e7\u00e3o.<\/p>\n<p>Haddad, assim, iria para o sacrif\u00edcio caso se candidate ao governo, especialmente se a disputa for contra <a href=\"https:\/\/www1.folha.uol.com.br\/folha-topicos\/tarcisio-de-freitas\/\" rel=\"\" target=\"\">Tarc\u00edsio de Freitas (Republicanos)<\/a>, visto como amplamente favorito para um segundo mandato.<\/p>\n<p>Caso Tarc\u00edsio opte pela Presid\u00eancia, no entanto, abre-se uma chance maior para um candidato petista.<\/p>\n<p>J\u00e1 para o Senado, as perspectivas de vit\u00f3ria para Haddad seriam maiores. Nesse caso, a esquerda lan\u00e7aria provavelmente o ministro e ex-governador M\u00e1rcio Fran\u00e7a (PSB) para o Pal\u00e1cio dos Bandeirantes.<\/p>\n<\/p><\/div>\n<div>\n<p class=\"c-context__content\">\n    <strong>LINK PRESENTE:<\/strong> Gostou deste texto? Assinante pode liberar sete acessos gratuitos de qualquer link por dia. Basta clicar no F azul abaixo.\n  <\/p>\n<\/div>\n<p><br \/>\n<br \/><a href=\"https:\/\/redir.folha.com.br\/redir\/online\/poder\/rss091\/*https:\/\/www1.folha.uol.com.br\/colunas\/painel\/2025\/07\/pt-avalia-que-haddad-sera-candidato-em-2026-apesar-de-resistencia-de-ministro.shtml\">Fonte https:\/\/redir.folha.com.br\/redir\/online\/poder\/rss091\/*https:\/\/www1.folha.uol.com.br\/colunas\/painel\/2025\/07\/pt-avalia-que-haddad-sera-candidato-em-2026-apesar-de-resistencia-de-ministro.shtml<\/a><\/p>\n","protected":false},"excerpt":{"rendered":"<p>Membros do PT e do governo Lula j\u00e1 consideram que o ministro da Fazenda, Fernando Haddad, n\u00e3o conseguir\u00e1 recusar os apelos para ser candidato a governador de S\u00e3o Paulo ou&hellip;<\/p>\n","protected":false},"author":1,"featured_media":343966,"comment_status":"closed","ping_status":"open","sticky":false,"template":"","format":"standard","meta":{"footnotes":""},"categories":[43,42],"tags":[],"class_list":["post-343965","post","type-post","status-publish","format-standard","has-post-thumbnail","hentry","category-economia","category-ultimas"],"_links":{"self":[{"href":"https:\/\/blogfolhadocomercio.com.br\/wp\/wp-json\/wp\/v2\/posts\/343965","targetHints":{"allow":["GET"]}}],"collection":[{"href":"https:\/\/blogfolhadocomercio.com.br\/wp\/wp-json\/wp\/v2\/posts"}],"about":[{"href":"https:\/\/blogfolhadocomercio.com.br\/wp\/wp-json\/wp\/v2\/types\/post"}],"author":[{"embeddable":true,"href":"https:\/\/blogfolhadocomercio.com.br\/wp\/wp-json\/wp\/v2\/users\/1"}],"replies":[{"embeddable":true,"href":"https:\/\/blogfolhadocomercio.com.br\/wp\/wp-json\/wp\/v2\/comments?post=343965"}],"version-history":[{"count":1,"href":"https:\/\/blogfolhadocomercio.com.br\/wp\/wp-json\/wp\/v2\/posts\/343965\/revisions"}],"predecessor-version":[{"id":343967,"href":"https:\/\/blogfolhadocomercio.com.br\/wp\/wp-json\/wp\/v2\/posts\/343965\/revisions\/343967"}],"wp:featuredmedia":[{"embeddable":true,"href":"https:\/\/blogfolhadocomercio.com.br\/wp\/wp-json\/wp\/v2\/media\/343966"}],"wp:attachment":[{"href":"https:\/\/blogfolhadocomercio.com.br\/wp\/wp-json\/wp\/v2\/media?parent=343965"}],"wp:term":[{"taxonomy":"category","embeddable":true,"href":"https:\/\/blogfolhadocomercio.com.br\/wp\/wp-json\/wp\/v2\/categories?post=343965"},{"taxonomy":"post_tag","embeddable":true,"href":"https:\/\/blogfolhadocomercio.com.br\/wp\/wp-json\/wp\/v2\/tags?post=343965"}],"curies":[{"name":"wp","href":"https:\/\/api.w.org\/{rel}","templated":true}]}}