{"id":342603,"date":"2025-07-11T15:24:52","date_gmt":"2025-07-11T18:24:52","guid":{"rendered":"https:\/\/blogfolhadocomercio.com.br\/wp\/?p=342603"},"modified":"2025-07-11T15:24:54","modified_gmt":"2025-07-11T18:24:54","slug":"juiz-manda-suspender-a-greve-dos-servidores-da-ueg","status":"publish","type":"post","link":"https:\/\/blogfolhadocomercio.com.br\/wp\/2025\/07\/11\/juiz-manda-suspender-a-greve-dos-servidores-da-ueg\/","title":{"rendered":"Juiz manda suspender a greve dos servidores da UEG"},"content":{"rendered":"\n<p><strong>Decis\u00e3o prev\u00ea multa di\u00e1ria de R$ 20 mil em caso de descumprimento<\/strong><\/p>\n\n\n\n<figure class=\"wp-block-image size-large\"><img loading=\"lazy\" decoding=\"async\" width=\"1024\" height=\"576\" src=\"https:\/\/blogfolhadocomercio.com.br\/wp\/wp-content\/uploads\/2025\/07\/image-123-1024x576.png\" alt=\"\" class=\"wp-image-342604\" srcset=\"https:\/\/blogfolhadocomercio.com.br\/wp\/wp-content\/uploads\/2025\/07\/image-123-1024x576.png 1024w, https:\/\/blogfolhadocomercio.com.br\/wp\/wp-content\/uploads\/2025\/07\/image-123-300x169.png 300w, https:\/\/blogfolhadocomercio.com.br\/wp\/wp-content\/uploads\/2025\/07\/image-123-768x432.png 768w, https:\/\/blogfolhadocomercio.com.br\/wp\/wp-content\/uploads\/2025\/07\/image-123-1170x658.png 1170w, https:\/\/blogfolhadocomercio.com.br\/wp\/wp-content\/uploads\/2025\/07\/image-123-585x329.png 585w, https:\/\/blogfolhadocomercio.com.br\/wp\/wp-content\/uploads\/2025\/07\/image-123.png 1200w\" sizes=\"auto, (max-width: 1024px) 100vw, 1024px\" \/><\/figure>\n\n\n\n<p>O juiz substituto em 2\u00ba grau Ricardo Teixeira Lemos mandou suspender a greve dos servidores t\u00e9cnico-administrativos da Universidade Estadual de Goi\u00e1s (UEG), bem como o retorno imediato das atividades. A decis\u00e3o de quinta-feira (10) tamb\u00e9m prev\u00ea multa di\u00e1ria de R$ 20 mil em caso de descumprimento. Na pe\u00e7a, a Procuradoria-Geral do Estado (<a href=\"https:\/\/goias.gov.br\/procuradoria\/\" target=\"_blank\" rel=\"noreferrer noopener\">PGE<\/a>) apontou risco de colapso da atividade educacional essencial, al\u00e9m de preju\u00edzos ao calend\u00e1rio acad\u00eamico, e falta de legitimidade do Sindicato dos Trabalhadores no Servi\u00e7o P\u00fablico no Estado de Goi\u00e1s (Sindip\u00fablico) para convocar a paralisa\u00e7\u00e3o.<\/p>\n\n\n\n<p>Ao acatar a tese da PGE, o magistrado entendeu que o Sindip\u00fablico, de fato, n\u00e3o poderia convocar a greve, pois n\u00e3o participou das negocia\u00e7\u00f5es relativas ao Plano de Cargos e Remunera\u00e7\u00e3o (PCR) dos servidores t\u00e9cnico-administrativos da UEG. \u201cContrariando a alega\u00e7\u00e3o do Sindip\u00fablico de \u2018esgotamento das tratativas\u2019, os documentos acostados pelos autores [PGE] comprovam que as negocia\u00e7\u00f5es est\u00e3o em curso.\u201d Ricardo cita, ainda, que a Associa\u00e7\u00e3o dos Servidores T\u00e9cnico-Administrativos da Universidade Estadual de Goi\u00e1s (Astueg), \u201centidade legitimamente envolvida nas tratativas\u201d, pediu o agendamento de reuni\u00e3o para dar continuidade \u00e0s negocia\u00e7\u00f5es.<\/p>\n\n\n\n<p>E o magistrado tamb\u00e9m afirma que \u201ca interrup\u00e7\u00e3o de um servi\u00e7o p\u00fablico essencial como a educa\u00e7\u00e3o causa um dano difuso e coletivo, de dif\u00edcil mensura\u00e7\u00e3o e repara\u00e7\u00e3o, que transcende o interesse individual dos grevistas. O direito de greve n\u00e3o \u00e9 absoluto e deve ser ponderado com outros direitos fundamentais, como o direito \u00e0 educa\u00e7\u00e3o e \u00e0 continuidade dos servi\u00e7os p\u00fablicos essenciais\u201d.<\/p>\n\n\n\n<p>E conclui: \u201cConsiderando as argumenta\u00e7\u00f5es jur\u00eddicas e a documenta\u00e7\u00e3o apresentada, que demonstram a probabilidade do direito, e o iminente e grave preju\u00edzo \u00e0 coletividade, especialmente ao corpo discente da UEG, configurando o perigo de dano, entendo que os requisitos para a concess\u00e3o da tutela de urg\u00eancia est\u00e3o plenamente satisfeitos.\u201d<\/p>\n\n\n\n<p>A\u00a0<a href=\"https:\/\/www.maisgoias.com.br\/cidades\/servidores-da-ueg-aprovam-greve-a-partir-desta-quinta-feira-10\/\" target=\"_blank\" rel=\"noreferrer noopener\">greve foi aprovada para come\u00e7ar na quinta-feira<\/a>, ap\u00f3s, segundo o Sindip\u00fablico, tentativas frustradas de negocia\u00e7\u00e3o com o Governo de Goi\u00e1s. O comunicado da paralisa\u00e7\u00e3o ocorreu na segunda-feira (7). Os servidores t\u00e9cnico-administrativos reivindicam principalmente a cria\u00e7\u00e3o de um plano de carreira e a gratifica\u00e7\u00e3o por titula\u00e7\u00e3o. Eles refor\u00e7am que a UEG \u201c\u00e9 a \u00fanica universidade estadual do pa\u00eds onde os t\u00e9cnicos administrativos ainda n\u00e3o possuem um plano de carreira estruturado\u201d.<\/p>\n\n\n\n<p><strong>Por Mais Goi\u00e1s<br><\/strong><\/p>\n","protected":false},"excerpt":{"rendered":"<p>Decis\u00e3o prev\u00ea multa di\u00e1ria de R$ 20 mil em caso de descumprimento O juiz substituto em 2\u00ba grau Ricardo Teixeira Lemos mandou suspender a greve dos servidores t\u00e9cnico-administrativos da Universidade&hellip;<\/p>\n","protected":false},"author":1,"featured_media":342604,"comment_status":"closed","ping_status":"open","sticky":false,"template":"","format":"standard","meta":{"footnotes":""},"categories":[42],"tags":[],"class_list":["post-342603","post","type-post","status-publish","format-standard","has-post-thumbnail","hentry","category-ultimas"],"_links":{"self":[{"href":"https:\/\/blogfolhadocomercio.com.br\/wp\/wp-json\/wp\/v2\/posts\/342603","targetHints":{"allow":["GET"]}}],"collection":[{"href":"https:\/\/blogfolhadocomercio.com.br\/wp\/wp-json\/wp\/v2\/posts"}],"about":[{"href":"https:\/\/blogfolhadocomercio.com.br\/wp\/wp-json\/wp\/v2\/types\/post"}],"author":[{"embeddable":true,"href":"https:\/\/blogfolhadocomercio.com.br\/wp\/wp-json\/wp\/v2\/users\/1"}],"replies":[{"embeddable":true,"href":"https:\/\/blogfolhadocomercio.com.br\/wp\/wp-json\/wp\/v2\/comments?post=342603"}],"version-history":[{"count":1,"href":"https:\/\/blogfolhadocomercio.com.br\/wp\/wp-json\/wp\/v2\/posts\/342603\/revisions"}],"predecessor-version":[{"id":342605,"href":"https:\/\/blogfolhadocomercio.com.br\/wp\/wp-json\/wp\/v2\/posts\/342603\/revisions\/342605"}],"wp:featuredmedia":[{"embeddable":true,"href":"https:\/\/blogfolhadocomercio.com.br\/wp\/wp-json\/wp\/v2\/media\/342604"}],"wp:attachment":[{"href":"https:\/\/blogfolhadocomercio.com.br\/wp\/wp-json\/wp\/v2\/media?parent=342603"}],"wp:term":[{"taxonomy":"category","embeddable":true,"href":"https:\/\/blogfolhadocomercio.com.br\/wp\/wp-json\/wp\/v2\/categories?post=342603"},{"taxonomy":"post_tag","embeddable":true,"href":"https:\/\/blogfolhadocomercio.com.br\/wp\/wp-json\/wp\/v2\/tags?post=342603"}],"curies":[{"name":"wp","href":"https:\/\/api.w.org\/{rel}","templated":true}]}}