{"id":342394,"date":"2025-07-04T08:16:07","date_gmt":"2025-07-04T11:16:07","guid":{"rendered":"https:\/\/blogfolhadocomercio.com.br\/wp\/2025\/07\/04\/funerarias-tentam-conter-assedio-de-agentes-aos-enlutados-04-07-2025-painel\/"},"modified":"2025-07-04T08:16:10","modified_gmt":"2025-07-04T11:16:10","slug":"funerarias-tentam-conter-assedio-de-agentes-aos-enlutados-04-07-2025-painel","status":"publish","type":"post","link":"https:\/\/blogfolhadocomercio.com.br\/wp\/2025\/07\/04\/funerarias-tentam-conter-assedio-de-agentes-aos-enlutados-04-07-2025-painel\/","title":{"rendered":"Funer\u00e1rias tentam conter ass\u00e9dio de agentes aos enlutados &#8211; 04\/07\/2025 &#8211; Painel"},"content":{"rendered":"<p> <br \/>\n<\/p>\n<div xmlns:default=\"http:\/\/www.w3.org\/2000\/svg\" xmlns:default1=\"\/\/www.w3.org\/2000\/svg\" data-news-content-text=\"\" data-disable-copy=\"\" data-continue-reading=\"\" data-continue-reading-hide-others=\".js-continue-reading-hidden\" data-age-rating=\"\" itemprop=\"articleBody\">\n<p>A associa\u00e7\u00e3o que re\u00fane as <a href=\"https:\/\/www1.folha.uol.com.br\/colunas\/painel\/2025\/04\/concessionarias-do-servico-funerario-recebem-em-media-25-infracoes-por-dia-em-sp.shtml\" rel=\"\" target=\"\">quatro concession\u00e1rias que operam o servi\u00e7o funer\u00e1rio em S\u00e3o Paulo<\/a>, a ACSFSP, pressiona para que a gest\u00e3o <a href=\"https:\/\/www1.folha.uol.com.br\/folha-topicos\/ricardo-nunes\/\">Ricardo Nunes<\/a> (<a href=\"https:\/\/www1.folha.uol.com.br\/folha-topicos\/mdb\/\">MDB<\/a>) regulamente um canal que concentre todas as informa\u00e7\u00f5es sobre os falecimentos na capital como forma de coibir a atua\u00e7\u00e3o de empresas clandestinas.<\/p>\n<p>A medida busca impedir a atua\u00e7\u00e3o de agentes e empresas que abordam familiares do morto em momentos de fragilidade e que n\u00e3o t\u00eam autoriza\u00e7\u00e3o ou v\u00ednculo com as concession\u00e1rias.<\/p>\n<p>As abordagens, geralmente, ocorrem no SVO (Servi\u00e7o de Verifica\u00e7\u00e3o de \u00d3bitos) e tamb\u00e9m pelo telefone ou WhatsApp.<\/p>\n<p>Em 2023, reportagem da <strong>Folha<\/strong> mostrou que <a href=\"https:\/\/www1.folha.uol.com.br\/cotidiano\/2023\/05\/vendedores-de-funerarias-enganam-familias-enlutadas-e-cobram-mais-por-servicos-em-sp.shtml\" rel=\"\" target=\"\">aliciadores ficam em frente \u00e0 portaria do SVO, no p\u00e1tio e at\u00e9 mesmo do lado do balc\u00e3o de atendimento.<\/a><\/p>\n<p>Thiago Grego, presidente da ACSFSP, diz que, apesar da <a href=\"https:\/\/www1.folha.uol.com.br\/cotidiano\/2024\/03\/primeiro-ano-de-concessao-de-cemiterios-de-sao-paulo-ainda-tem-problemas-de-zeladoria.shtml\" rel=\"\" target=\"\">concess\u00e3o promovida pela gest\u00e3o Nunes em 2023<\/a>, ainda h\u00e1 um mercado paralelo que se alimenta da falta de controle sobre as comunica\u00e7\u00f5es do \u00f3bito.<\/p>\n<p>A Abredif (Associa\u00e7\u00e3o Brasileira de Empresas e Diretores do Setor Funer\u00e1rio) estima que quase 20% dos sepultamentos na capital \u2014entre 1.500 a 2.000 por m\u00eas\u2014 n\u00e3o s\u00e3o contratados pela concession\u00e1rias (Consolare, Grupo Maya, Cortel e Velar).<\/p>\n<p>Esses agentes, de acordo com a associa\u00e7\u00e3o, chegam a cobrar tr\u00eas vezes mais que o valor de tabela.<\/p>\n<p>A <a href=\"https:\/\/www1.folha.uol.com.br\/cotidiano\/2024\/11\/presidente-de-agencia-reguladora-admite-que-gestao-de-cemiterios-de-sp-deixa-a-desejar.shtml\" rel=\"\" target=\"\">SP Regula, que fiscaliza as concess\u00f5es da prefeitura, <\/a>aplicou 42 autua\u00e7\u00f5es por retirada irregular de corpos em estabelecimentos de sa\u00fade e sem a guia necess\u00e1ria para o transporte do cad\u00e1ver (GTC). As multas variam de R$ 17,8 mil a R$ 29,8 mil.<\/p>\n<\/p><\/div>\n<div>\n<p class=\"c-context__content\">\n    <strong>LINK PRESENTE:<\/strong> Gostou deste texto? Assinante pode liberar sete acessos gratuitos de qualquer link por dia. Basta clicar no F azul abaixo.\n  <\/p>\n<\/div>\n<p><br \/>\n<br \/><a href=\"https:\/\/redir.folha.com.br\/redir\/online\/poder\/rss091\/*https:\/\/www1.folha.uol.com.br\/colunas\/painel\/2025\/07\/concessionarias-do-servico-funerario-em-sp-tentam-conter-empresas-clandestinas.shtml\">Fonte https:\/\/redir.folha.com.br\/redir\/online\/poder\/rss091\/*https:\/\/www1.folha.uol.com.br\/colunas\/painel\/2025\/07\/concessionarias-do-servico-funerario-em-sp-tentam-conter-empresas-clandestinas.shtml<\/a><\/p>\n","protected":false},"excerpt":{"rendered":"<p>A associa\u00e7\u00e3o que re\u00fane as quatro concession\u00e1rias que operam o servi\u00e7o funer\u00e1rio em S\u00e3o Paulo, a ACSFSP, pressiona para que a gest\u00e3o Ricardo Nunes (MDB) regulamente um canal que concentre&hellip;<\/p>\n","protected":false},"author":1,"featured_media":342395,"comment_status":"closed","ping_status":"open","sticky":false,"template":"","format":"standard","meta":{"footnotes":""},"categories":[38,42],"tags":[],"class_list":["post-342394","post","type-post","status-publish","format-standard","has-post-thumbnail","hentry","category-prefeitura","category-ultimas"],"_links":{"self":[{"href":"https:\/\/blogfolhadocomercio.com.br\/wp\/wp-json\/wp\/v2\/posts\/342394","targetHints":{"allow":["GET"]}}],"collection":[{"href":"https:\/\/blogfolhadocomercio.com.br\/wp\/wp-json\/wp\/v2\/posts"}],"about":[{"href":"https:\/\/blogfolhadocomercio.com.br\/wp\/wp-json\/wp\/v2\/types\/post"}],"author":[{"embeddable":true,"href":"https:\/\/blogfolhadocomercio.com.br\/wp\/wp-json\/wp\/v2\/users\/1"}],"replies":[{"embeddable":true,"href":"https:\/\/blogfolhadocomercio.com.br\/wp\/wp-json\/wp\/v2\/comments?post=342394"}],"version-history":[{"count":1,"href":"https:\/\/blogfolhadocomercio.com.br\/wp\/wp-json\/wp\/v2\/posts\/342394\/revisions"}],"predecessor-version":[{"id":342396,"href":"https:\/\/blogfolhadocomercio.com.br\/wp\/wp-json\/wp\/v2\/posts\/342394\/revisions\/342396"}],"wp:featuredmedia":[{"embeddable":true,"href":"https:\/\/blogfolhadocomercio.com.br\/wp\/wp-json\/wp\/v2\/media\/342395"}],"wp:attachment":[{"href":"https:\/\/blogfolhadocomercio.com.br\/wp\/wp-json\/wp\/v2\/media?parent=342394"}],"wp:term":[{"taxonomy":"category","embeddable":true,"href":"https:\/\/blogfolhadocomercio.com.br\/wp\/wp-json\/wp\/v2\/categories?post=342394"},{"taxonomy":"post_tag","embeddable":true,"href":"https:\/\/blogfolhadocomercio.com.br\/wp\/wp-json\/wp\/v2\/tags?post=342394"}],"curies":[{"name":"wp","href":"https:\/\/api.w.org\/{rel}","templated":true}]}}