{"id":342363,"date":"2025-07-02T18:41:45","date_gmt":"2025-07-02T21:41:45","guid":{"rendered":"https:\/\/blogfolhadocomercio.com.br\/wp\/?p=342363"},"modified":"2025-07-02T18:41:49","modified_gmt":"2025-07-02T21:41:49","slug":"jovem-e-preso-por-assassinato-no-setor-morada-do-sol-em-goiania","status":"publish","type":"post","link":"https:\/\/blogfolhadocomercio.com.br\/wp\/2025\/07\/02\/jovem-e-preso-por-assassinato-no-setor-morada-do-sol-em-goiania\/","title":{"rendered":"Jovem \u00e9 preso por assassinato no Setor Morada do Sol, em Goi\u00e2nia"},"content":{"rendered":"\n<p><strong>Dariel j\u00e1 tinha sido preso temporariamente<\/strong><\/p>\n\n\n\n<figure class=\"wp-block-image size-large\"><img loading=\"lazy\" decoding=\"async\" width=\"1024\" height=\"576\" src=\"https:\/\/blogfolhadocomercio.com.br\/wp\/wp-content\/uploads\/2025\/07\/image-68-1024x576.png\" alt=\"\" class=\"wp-image-342364\" srcset=\"https:\/\/blogfolhadocomercio.com.br\/wp\/wp-content\/uploads\/2025\/07\/image-68-1024x576.png 1024w, https:\/\/blogfolhadocomercio.com.br\/wp\/wp-content\/uploads\/2025\/07\/image-68-300x169.png 300w, https:\/\/blogfolhadocomercio.com.br\/wp\/wp-content\/uploads\/2025\/07\/image-68-768x432.png 768w, https:\/\/blogfolhadocomercio.com.br\/wp\/wp-content\/uploads\/2025\/07\/image-68-1170x658.png 1170w, https:\/\/blogfolhadocomercio.com.br\/wp\/wp-content\/uploads\/2025\/07\/image-68-585x329.png 585w, https:\/\/blogfolhadocomercio.com.br\/wp\/wp-content\/uploads\/2025\/07\/image-68.png 1200w\" sizes=\"auto, (max-width: 1024px) 100vw, 1024px\" \/><\/figure>\n\n\n\n<p>A Pol\u00edcia Civil de Goi\u00e1s (PCGO) prendeu, na manh\u00e3 desta ter\u00e7a-feira (1\u00ba), Dariel Alves Betim, de 19 anos, por envolvimento no assassinato de Arismar Vasques Filho. O crime ocorreu em 29 de abril, por volta das 19h, na Avenida Mangal\u00f4, na Pra\u00e7a do Setor Morada do Sol, em Goi\u00e2nia.<\/p>\n\n\n\n<p>Dariel estava foragido, mas&nbsp;<a href=\"https:\/\/www.maisgoias.com.br\/cidades\/quarto-suspeito-de-matar-vigilante-por-divida-de-r-50-e-preso-em-inhumas\/\">j\u00e1 havia sido preso temporariamente<\/a>&nbsp;antes de receber a pris\u00e3o preventiva, decretada ap\u00f3s pedido da delegacia respons\u00e1vel. Al\u00e9m dele, outros dois adultos j\u00e1 tinham sido presos e um menor foi apreendido pela pol\u00edcia.<\/p>\n\n\n\n<p>Segundo as investiga\u00e7\u00f5es, a v\u00edtima era usu\u00e1ria de drogas e devia R$ 50 a um dos envolvidos. No dia do crime, Arismar foi cobrado na presen\u00e7a da m\u00e3e e, ao n\u00e3o aceitar as exig\u00eancias, vestiu um colete de seguran\u00e7a e foi at\u00e9 a pra\u00e7a armado com um cassetete, onde os suspeitos costumavam ficar.<\/p>\n\n\n\n<p>Ao chegar ao local, ele foi agredido com chutes, socos e golpes de garrafa. Em determinado momento, caiu no ch\u00e3o e foi esfaqueado 12 vezes. Dariel, durante interrogat\u00f3rio, admitiu participa\u00e7\u00e3o no crime e confirmou que o motivo foi a&nbsp;<a href=\"http:\/\/xn--era%20para%20pagar%20dvida%20com%20droga%2C%20diz%20suspeito%20de%20aplicar%20golpe%20em%20senador%20canedo-8vj20808flea\/\">d\u00edvida relacionada \u00e0 compra de entorpecentes<\/a>.<\/p>\n\n\n\n<p>A investiga\u00e7\u00e3o segue em andamento para apurar todos os detalhes do caso e poss\u00edveis conex\u00f5es com outros delitos.<\/p>\n\n\n\n<p>A PCGO divulgou a identidade e a imagem do preso com base em autoriza\u00e7\u00e3o judicial, conforme a Lei n\u00ba 13.869\/2019 e portarias internas. A medida visa facilitar o surgimento de novas testemunhas e a identifica\u00e7\u00e3o de outros poss\u00edveis envolvidos no crime.<\/p>\n\n\n\n<p><strong>Por Mais Goi\u00e1s<br><\/strong><\/p>\n","protected":false},"excerpt":{"rendered":"<p>Dariel j\u00e1 tinha sido preso temporariamente A Pol\u00edcia Civil de Goi\u00e1s (PCGO) prendeu, na manh\u00e3 desta ter\u00e7a-feira (1\u00ba), Dariel Alves Betim, de 19 anos, por envolvimento no assassinato de Arismar&hellip;<\/p>\n","protected":false},"author":1,"featured_media":342364,"comment_status":"closed","ping_status":"open","sticky":false,"template":"","format":"standard","meta":{"footnotes":""},"categories":[42],"tags":[],"class_list":["post-342363","post","type-post","status-publish","format-standard","has-post-thumbnail","hentry","category-ultimas"],"_links":{"self":[{"href":"https:\/\/blogfolhadocomercio.com.br\/wp\/wp-json\/wp\/v2\/posts\/342363","targetHints":{"allow":["GET"]}}],"collection":[{"href":"https:\/\/blogfolhadocomercio.com.br\/wp\/wp-json\/wp\/v2\/posts"}],"about":[{"href":"https:\/\/blogfolhadocomercio.com.br\/wp\/wp-json\/wp\/v2\/types\/post"}],"author":[{"embeddable":true,"href":"https:\/\/blogfolhadocomercio.com.br\/wp\/wp-json\/wp\/v2\/users\/1"}],"replies":[{"embeddable":true,"href":"https:\/\/blogfolhadocomercio.com.br\/wp\/wp-json\/wp\/v2\/comments?post=342363"}],"version-history":[{"count":1,"href":"https:\/\/blogfolhadocomercio.com.br\/wp\/wp-json\/wp\/v2\/posts\/342363\/revisions"}],"predecessor-version":[{"id":342365,"href":"https:\/\/blogfolhadocomercio.com.br\/wp\/wp-json\/wp\/v2\/posts\/342363\/revisions\/342365"}],"wp:featuredmedia":[{"embeddable":true,"href":"https:\/\/blogfolhadocomercio.com.br\/wp\/wp-json\/wp\/v2\/media\/342364"}],"wp:attachment":[{"href":"https:\/\/blogfolhadocomercio.com.br\/wp\/wp-json\/wp\/v2\/media?parent=342363"}],"wp:term":[{"taxonomy":"category","embeddable":true,"href":"https:\/\/blogfolhadocomercio.com.br\/wp\/wp-json\/wp\/v2\/categories?post=342363"},{"taxonomy":"post_tag","embeddable":true,"href":"https:\/\/blogfolhadocomercio.com.br\/wp\/wp-json\/wp\/v2\/tags?post=342363"}],"curies":[{"name":"wp","href":"https:\/\/api.w.org\/{rel}","templated":true}]}}