{"id":342231,"date":"2025-07-01T16:48:49","date_gmt":"2025-07-01T19:48:49","guid":{"rendered":"https:\/\/blogfolhadocomercio.com.br\/wp\/?p=342231"},"modified":"2025-07-01T16:48:51","modified_gmt":"2025-07-01T19:48:51","slug":"goiana-premiada-em-harvard-quer-colocar-o-brasil-no-mapa-internacional-da-saude-mental","status":"publish","type":"post","link":"https:\/\/blogfolhadocomercio.com.br\/wp\/2025\/07\/01\/goiana-premiada-em-harvard-quer-colocar-o-brasil-no-mapa-internacional-da-saude-mental\/","title":{"rendered":"Goiana premiada em Harvard quer colocar o Brasil no mapa internacional da sa\u00fade mental"},"content":{"rendered":"\n<p><strong>Sarah Borges se prepara agora para uma bolsa de doutorado em Cambridge<\/strong><\/p>\n\n\n\n<figure class=\"wp-block-image size-large\"><img loading=\"lazy\" decoding=\"async\" width=\"1024\" height=\"576\" src=\"https:\/\/blogfolhadocomercio.com.br\/wp\/wp-content\/uploads\/2025\/07\/image-25-1024x576.png\" alt=\"\" class=\"wp-image-342232\" srcset=\"https:\/\/blogfolhadocomercio.com.br\/wp\/wp-content\/uploads\/2025\/07\/image-25-1024x576.png 1024w, https:\/\/blogfolhadocomercio.com.br\/wp\/wp-content\/uploads\/2025\/07\/image-25-300x169.png 300w, https:\/\/blogfolhadocomercio.com.br\/wp\/wp-content\/uploads\/2025\/07\/image-25-768x432.png 768w, https:\/\/blogfolhadocomercio.com.br\/wp\/wp-content\/uploads\/2025\/07\/image-25-1170x658.png 1170w, https:\/\/blogfolhadocomercio.com.br\/wp\/wp-content\/uploads\/2025\/07\/image-25-585x329.png 585w, https:\/\/blogfolhadocomercio.com.br\/wp\/wp-content\/uploads\/2025\/07\/image-25.png 1200w\" sizes=\"auto, (max-width: 1024px) 100vw, 1024px\" \/><\/figure>\n\n\n\n<p>A&nbsp;<strong>goiana premiada em Harvard<\/strong>, Sarah Borges, de 22 anos, acaba de se formar em&nbsp;<strong>psicologia<\/strong>&nbsp;na prestigiada universidade dos Estados Unidos. Com o diploma, veio tamb\u00e9m o&nbsp;<strong>pr\u00eamio Sophia Freund<\/strong>, entregue anualmente aos alunos com a maior m\u00e9dia geral entre todos os cursos da gradua\u00e7\u00e3o. Agora, Sarah&nbsp;<a href=\"https:\/\/www.maisgoias.com.br\/cidades\/goianas-melhor-aluna-de-harvard-tem-irma-gemea-que-estuda-na-mesma-universidade\/\" target=\"_blank\" rel=\"noreferrer noopener\">se prepara para dar um novo passo na carreira<\/a>: uma&nbsp;<strong>bolsa de doutorado em Cambridge<\/strong>, na Inglaterra. Mas seu objetivo vai al\u00e9m do curr\u00edculo acad\u00eamico: ela quer&nbsp;<strong>colocar o Brasil no mapa internacional da sa\u00fade mental<\/strong>.<\/p>\n\n\n\n<p>A jovem trocou o curso de&nbsp;<strong>medicina na USP<\/strong>&nbsp;(Universidade de S\u00e3o Paulo), onde passou em quinto lugar via Enem, por uma bolsa integral em Harvard. L\u00e1, passou a desenvolver uma carreira acad\u00eamica voltada \u00e0&nbsp;<strong>pesquisa em sa\u00fade mental<\/strong>, tema ao qual dedica sua trajet\u00f3ria desde o terceiro ano da gradua\u00e7\u00e3o.<\/p>\n\n\n\n<p>Em entrevista \u00e0 Folha de S.Paulo, Sarah afirma que notou uma aus\u00eancia quase total de pa\u00edses em desenvolvimento nos grandes estudos da \u00e1rea. Por isso, assumiu o compromisso de ajudar a&nbsp;<strong>melhorar o acesso \u00e0 sa\u00fade mental no Brasil<\/strong>&nbsp;e causar um impacto social real. \u201cEstamos falando da mente humana, mas s\u00f3 uma pequena parte da popula\u00e7\u00e3o \u00e9 retratada nas pesquisas mundiais\u201d, pontua.<\/p>\n\n\n\n<p>Criada em&nbsp;<strong>Goi\u00e2nia<\/strong>, Sarah cresceu em uma fam\u00edlia de classe m\u00e9dia e estudou com&nbsp;<strong>bolsas parciais em col\u00e9gios particulares<\/strong>, junto da irm\u00e3 g\u00eamea, Sophia. Desde pequena, sempre teve excelente desempenho escolar e gostava de ensinar os colegas. \u201cNo fundamental, cheguei a dar tutorias informais. Meu presente favorito foi um quadro de escrever. Eu e minha irm\u00e3 fing\u00edamos ser professoras\u201d, lembra.<\/p>\n\n\n\n<p>A escolha por medicina surgiu no fim do ensino m\u00e9dio, devido ao interesse em&nbsp;<strong>neuroci\u00eancia<\/strong>, mas o desejo de estudar fora e ter uma forma\u00e7\u00e3o mais abrangente a levou a aplicar para universidades nos EUA, com apoio do programa BRASA. Poucos meses depois de iniciar a faculdade na&nbsp;<a href=\"https:\/\/www5.usp.br\/\" target=\"_blank\" rel=\"noreferrer noopener\">USP<\/a>, veio a not\u00edcia:&nbsp;<strong>aprovada com bolsa 100% em Harvard<\/strong>.<\/p>\n\n\n\n<p>Durante o curso, Sarah se envolveu com projetos que conectam aspectos&nbsp;<strong>psicol\u00f3gicos e sociais<\/strong>, como mudan\u00e7as clim\u00e1ticas, polariza\u00e7\u00e3o pol\u00edtica e desigualdade de g\u00eanero. Mas foi na&nbsp;<strong>sa\u00fade mental<\/strong>&nbsp;que ela encontrou sua voca\u00e7\u00e3o. Sua tese final investigou como o estigma negativo afeta o acesso de&nbsp;<strong>jovens brasileiros a servi\u00e7os de sa\u00fade mental<\/strong>, usando dados de uma parceria entre a USP, Unifesp e UFRGS.<\/p>\n\n\n\n<p>\u201cRecebi muito apoio dos professores de Harvard. Eles deram muito valor a trazer esses dados e a criar conex\u00f5es com pesquisadores brasileiros. Eles reconhecem que essa base \u00e9 riqu\u00edssima, coisa rara at\u00e9 nos Estados Unidos\u201d, conta a&nbsp;<strong>goiana premiada em Harvard<\/strong>.<\/p>\n\n\n\n<p>Al\u00e9m disso, Sarah participou por tr\u00eas anos da HACIA Democracy, que simula debates diplom\u00e1ticos entre jovens latino-americanos, e foi&nbsp;<strong>vice-presidente da Brazil Conference<\/strong>, organizada por alunos de Harvard e do MIT, promovendo a presen\u00e7a de cientistas brasileiros no exterior.<\/p>\n\n\n\n<p>Ela garante que n\u00e3o \u00e9 um \u201cg\u00eanio\u201d, nem nasceu l\u00edder. O interesse por iniciativas sociais surgiu no fim da escola, por meio da internet, e acabou se tornando parte do seu dia a dia. \u201cComecei a colaborar com jovens do Brasil e de fora, e isso foi me incentivando a tomar frente em projetos\u201d.<\/p>\n\n\n\n<p>Apesar do foco nos estudos, Sarah tamb\u00e9m valorizou o lazer e as amizades. Subiu a&nbsp;<strong>Mount Washington<\/strong>, a montanha mais alta do Nordeste dos EUA, organizou partidas de v\u00f4lei com brasileiros e fez amigos do mundo inteiro.<\/p>\n\n\n\n<p>Ao longo da gradua\u00e7\u00e3o, acumulou outros reconhecimentos, como o&nbsp;<strong>Detur Book Prize<\/strong>, o&nbsp;<strong>NEPA Honorary Undergraduate Scholar<\/strong>&nbsp;e a entrada na&nbsp;<strong>Phi Beta Kappa<\/strong>, a sociedade de honra acad\u00eamica mais antiga dos EUA, que premia os 10% de melhores alunos.<\/p>\n\n\n\n<p>Nos \u00faltimos meses antes da formatura, acompanhou com preocupa\u00e7\u00e3o os cortes de or\u00e7amento para pesquisa e as amea\u00e7as a estudantes internacionais durante o governo Trump. \u201cHarvard \u00e9 o que \u00e9 por conta da excel\u00eancia na pesquisa e da diversidade internacional. Isso est\u00e1 sendo amea\u00e7ado\u201d, lamenta.<\/p>\n\n\n\n<p>Sua irm\u00e3 g\u00eamea,&nbsp;<strong>Sophia Borges<\/strong>, tamb\u00e9m aprovada em medicina na USP, faz atualmente um doutorado sandu\u00edche em sa\u00fade p\u00fablica na pr\u00f3pria Harvard, e conta com ajuda de uma vaquinha online para arcar com os custos.<\/p>\n\n\n\n<p>Agora, Sarah inicia seu&nbsp;<strong>doutorado em psiquiatria na Universidade de Cambridge<\/strong>, com bolsa da&nbsp;<strong>Gates Cambridge Scholarship<\/strong>, oferecida pela Funda\u00e7\u00e3o Bill e Melinda Gates. Sua meta \u00e9 seguir investigando&nbsp;<strong>formas de entender, prevenir e tratar transtornos mentais no Brasil e no mundo<\/strong>.<\/p>\n\n\n\n<p><em>*Com informa\u00e7\u00f5es da Folha de S\u00e3o Paulo<\/em><\/p>\n\n\n\n<p><strong>Por Mais Goi\u00e1s<br><\/strong><\/p>\n","protected":false},"excerpt":{"rendered":"<p>Sarah Borges se prepara agora para uma bolsa de doutorado em Cambridge A&nbsp;goiana premiada em Harvard, Sarah Borges, de 22 anos, acaba de se formar em&nbsp;psicologia&nbsp;na prestigiada universidade dos Estados&hellip;<\/p>\n","protected":false},"author":1,"featured_media":342232,"comment_status":"closed","ping_status":"open","sticky":false,"template":"","format":"standard","meta":{"footnotes":""},"categories":[42],"tags":[],"class_list":["post-342231","post","type-post","status-publish","format-standard","has-post-thumbnail","hentry","category-ultimas"],"_links":{"self":[{"href":"https:\/\/blogfolhadocomercio.com.br\/wp\/wp-json\/wp\/v2\/posts\/342231","targetHints":{"allow":["GET"]}}],"collection":[{"href":"https:\/\/blogfolhadocomercio.com.br\/wp\/wp-json\/wp\/v2\/posts"}],"about":[{"href":"https:\/\/blogfolhadocomercio.com.br\/wp\/wp-json\/wp\/v2\/types\/post"}],"author":[{"embeddable":true,"href":"https:\/\/blogfolhadocomercio.com.br\/wp\/wp-json\/wp\/v2\/users\/1"}],"replies":[{"embeddable":true,"href":"https:\/\/blogfolhadocomercio.com.br\/wp\/wp-json\/wp\/v2\/comments?post=342231"}],"version-history":[{"count":1,"href":"https:\/\/blogfolhadocomercio.com.br\/wp\/wp-json\/wp\/v2\/posts\/342231\/revisions"}],"predecessor-version":[{"id":342233,"href":"https:\/\/blogfolhadocomercio.com.br\/wp\/wp-json\/wp\/v2\/posts\/342231\/revisions\/342233"}],"wp:featuredmedia":[{"embeddable":true,"href":"https:\/\/blogfolhadocomercio.com.br\/wp\/wp-json\/wp\/v2\/media\/342232"}],"wp:attachment":[{"href":"https:\/\/blogfolhadocomercio.com.br\/wp\/wp-json\/wp\/v2\/media?parent=342231"}],"wp:term":[{"taxonomy":"category","embeddable":true,"href":"https:\/\/blogfolhadocomercio.com.br\/wp\/wp-json\/wp\/v2\/categories?post=342231"},{"taxonomy":"post_tag","embeddable":true,"href":"https:\/\/blogfolhadocomercio.com.br\/wp\/wp-json\/wp\/v2\/tags?post=342231"}],"curies":[{"name":"wp","href":"https:\/\/api.w.org\/{rel}","templated":true}]}}