{"id":341048,"date":"2025-06-09T14:37:08","date_gmt":"2025-06-09T17:37:08","guid":{"rendered":"https:\/\/blogfolhadocomercio.com.br\/wp\/?p=341048"},"modified":"2025-06-09T14:37:11","modified_gmt":"2025-06-09T17:37:11","slug":"ativista-brasileiro-e-preso-com-greta-thunberg-em-navio-humanitario-rumo-a-gaza","status":"publish","type":"post","link":"https:\/\/blogfolhadocomercio.com.br\/wp\/2025\/06\/09\/ativista-brasileiro-e-preso-com-greta-thunberg-em-navio-humanitario-rumo-a-gaza\/","title":{"rendered":"Ativista brasileiro \u00e9 preso com Greta Thunberg em navio humanit\u00e1rio rumo a Gaza"},"content":{"rendered":"\n<p><strong>Entre os passageiros, estavam Greta Thunberg, o ativista brasileiro Thiago \u00c1vila, Rima Hassan, e o ator Liam Cunningham<\/strong><\/p>\n\n\n\n<figure class=\"wp-block-image size-large\"><img loading=\"lazy\" decoding=\"async\" width=\"1024\" height=\"576\" src=\"https:\/\/blogfolhadocomercio.com.br\/wp\/wp-content\/uploads\/2025\/06\/image-73-1024x576.png\" alt=\"\" class=\"wp-image-341049\" srcset=\"https:\/\/blogfolhadocomercio.com.br\/wp\/wp-content\/uploads\/2025\/06\/image-73-1024x576.png 1024w, https:\/\/blogfolhadocomercio.com.br\/wp\/wp-content\/uploads\/2025\/06\/image-73-300x169.png 300w, https:\/\/blogfolhadocomercio.com.br\/wp\/wp-content\/uploads\/2025\/06\/image-73-768x432.png 768w, https:\/\/blogfolhadocomercio.com.br\/wp\/wp-content\/uploads\/2025\/06\/image-73-1170x658.png 1170w, https:\/\/blogfolhadocomercio.com.br\/wp\/wp-content\/uploads\/2025\/06\/image-73-585x329.png 585w, https:\/\/blogfolhadocomercio.com.br\/wp\/wp-content\/uploads\/2025\/06\/image-73.png 1200w\" sizes=\"auto, (max-width: 1024px) 100vw, 1024px\" \/><\/figure>\n\n\n\n<p>Um ativista brasileiro foi preso em companhia de Greta Thunberg, em um navio humanit\u00e1rio que levava ajuda humanit\u00e1ria para Gaza. A a\u00e7\u00e3o, ocorrida nesta segunda-feira (9\/6), foi conduzida por militares de Israel. A embarca\u00e7\u00e3o, carregada de medicamentos, pr\u00f3teses, alimentos e outros mantimentos destinados, principalmente, a crian\u00e7as que vivem na zona de guerra, tamb\u00e9m levava a deputada francesa no parlamento europeu Rima Hassan e o ator de Game of Thrones Liam Cunningham, que tamb\u00e9m acabaram detidos.<\/p>\n\n\n\n<p>O Minist\u00e9rio das Rela\u00e7\u00f5es Exteriores de Israel informou que o barco estava \u201cnavegando em seguran\u00e7a em dire\u00e7\u00e3o \u00e0 costa de Israel\u201d, que os passageiros estavam \u201cilesos\u201d e que deveriam ser \u201crepatriados para seus pa\u00edses de origem\u201d. A&nbsp;<a href=\"https:\/\/freedomflotilla.org\/\" target=\"_blank\" rel=\"noreferrer noopener\">Freedom Flotilla Coalition&nbsp;<\/a>(FFC) postou uma foto no Telegram na madrugada desta segunda-feira (9\/6), mostrando membros da tripula\u00e7\u00e3o sentados dentro do barco, usando coletes salva-vidas e com as m\u00e3os erguidas.<\/p>\n\n\n\n<p>Em uma postagem anterior, o FFC afirmou que o navio havia sido \u201catacado em \u00e1guas internacionais\u201d. \u201cDrones cercam o navio e o borrifam com uma subst\u00e2ncia branca parecida com tinta. As comunica\u00e7\u00f5es foram bloqueadas e sons perturbadores est\u00e3o sendo transmitidos pelo r\u00e1dio\u201d, informou o FFC no seu canal no Telegram.<\/p>\n\n\n\n<p>Em uma transmiss\u00e3o ao vivo feita do barco e postada pela FFC, a ativista Yasmin Acar mostrou a subst\u00e2ncia branca no conv\u00e9s. Acar foi ouvida depois dizendo que a subst\u00e2ncia estava afetando seus olhos.<\/p>\n\n\n\n<h2 class=\"wp-block-heading\">Brasileiro preso por Israel<\/h2>\n\n\n\n<p>O ativista brasileiro Thiago \u00c1vila divulgou um v\u00eddeo no Instagram que parece ter sido gravado antes da deten\u00e7\u00e3o de Israel. \u201cEu sou Thiago \u00c1vila, sou um cidad\u00e3o brasileiro e membro da Coaliz\u00e3o Flotilha da Liberdade, e se voc\u00ea est\u00e1 assistindo a esse v\u00eddeo, isso significa que eu fui preso ou sequestrado por Israel ou por alguma outra for\u00e7a c\u00famplice no Mediterr\u00e2neo na nossa viagem rumo a Gaza para romper o bloqueio\u201d, diz ele no v\u00eddeo<\/p>\n\n\n\n<p>Segundo o site da organiza\u00e7\u00e3o, \u00c1vila tem 37 anos e j\u00e1 participou de outras miss\u00f5es humanit\u00e1rias \u2014 sendo a mais recente para Cuba, em 2024. Nas redes sociais, ele se apresenta como<br>membro do comit\u00ea de dire\u00e7\u00e3o da @gazafreedomflotilla \u201cnavegando para quebrar o cerco ilegal israelense a Gaza e criar um corredor mar\u00edtimo humanit\u00e1rio popular\u201d.<\/p>\n\n\n\n<h2 class=\"wp-block-heading\">Cerco \u00e0 ajuda humanit\u00e1ria<\/h2>\n\n\n\n<p>Israel j\u00e1 havia prometido impedir que o barco de ajuda chegasse a Gaza, descrevendo o navio como um \u201ciate de selfies\u201d que transportava \u201ccelebridades\u201d. O Minist\u00e9rio das Rela\u00e7\u00f5es Exteriores de Israel disse que o grupo \u201ctentou encenar uma provoca\u00e7\u00e3o midi\u00e1tica cujo \u00fanico prop\u00f3sito era ganhar publicidade.\u201d \u201cExistem formas de ajudar a Faixa de Gaza, elas n\u00e3o envolvem selfies no Instagram\u201d, acrescentou.<\/p>\n\n\n\n<p>At\u00e9 a noite deste domingo, a embarca\u00e7\u00e3o civil com bandeira brit\u00e2nica estava ao norte do Egito, no mar Mediterr\u00e2neo, aproximando-se lentamente da costa de Gaza.<\/p>\n\n\n\n<p><em>*Informa\u00e7\u00f5es do portal CNN<\/em>\u00a0<em>e BBC<\/em><\/p>\n\n\n\n<p><strong>Por Mais Goi\u00e1s<br><\/strong><\/p>\n","protected":false},"excerpt":{"rendered":"<p>Entre os passageiros, estavam Greta Thunberg, o ativista brasileiro Thiago \u00c1vila, Rima Hassan, e o ator Liam Cunningham Um ativista brasileiro foi preso em companhia de Greta Thunberg, em um&hellip;<\/p>\n","protected":false},"author":1,"featured_media":341049,"comment_status":"closed","ping_status":"open","sticky":false,"template":"","format":"standard","meta":{"footnotes":""},"categories":[42],"tags":[],"class_list":["post-341048","post","type-post","status-publish","format-standard","has-post-thumbnail","hentry","category-ultimas"],"_links":{"self":[{"href":"https:\/\/blogfolhadocomercio.com.br\/wp\/wp-json\/wp\/v2\/posts\/341048","targetHints":{"allow":["GET"]}}],"collection":[{"href":"https:\/\/blogfolhadocomercio.com.br\/wp\/wp-json\/wp\/v2\/posts"}],"about":[{"href":"https:\/\/blogfolhadocomercio.com.br\/wp\/wp-json\/wp\/v2\/types\/post"}],"author":[{"embeddable":true,"href":"https:\/\/blogfolhadocomercio.com.br\/wp\/wp-json\/wp\/v2\/users\/1"}],"replies":[{"embeddable":true,"href":"https:\/\/blogfolhadocomercio.com.br\/wp\/wp-json\/wp\/v2\/comments?post=341048"}],"version-history":[{"count":1,"href":"https:\/\/blogfolhadocomercio.com.br\/wp\/wp-json\/wp\/v2\/posts\/341048\/revisions"}],"predecessor-version":[{"id":341050,"href":"https:\/\/blogfolhadocomercio.com.br\/wp\/wp-json\/wp\/v2\/posts\/341048\/revisions\/341050"}],"wp:featuredmedia":[{"embeddable":true,"href":"https:\/\/blogfolhadocomercio.com.br\/wp\/wp-json\/wp\/v2\/media\/341049"}],"wp:attachment":[{"href":"https:\/\/blogfolhadocomercio.com.br\/wp\/wp-json\/wp\/v2\/media?parent=341048"}],"wp:term":[{"taxonomy":"category","embeddable":true,"href":"https:\/\/blogfolhadocomercio.com.br\/wp\/wp-json\/wp\/v2\/categories?post=341048"},{"taxonomy":"post_tag","embeddable":true,"href":"https:\/\/blogfolhadocomercio.com.br\/wp\/wp-json\/wp\/v2\/tags?post=341048"}],"curies":[{"name":"wp","href":"https:\/\/api.w.org\/{rel}","templated":true}]}}