{"id":339216,"date":"2025-04-16T08:50:31","date_gmt":"2025-04-16T11:50:31","guid":{"rendered":"https:\/\/blogfolhadocomercio.com.br\/wp\/?p=339216"},"modified":"2025-04-16T08:50:33","modified_gmt":"2025-04-16T11:50:33","slug":"juiza-ordena-que-governo-trump-detalhe-esforcos-pelo-retorno-de-imigrante-deportado-por-engano","status":"publish","type":"post","link":"https:\/\/blogfolhadocomercio.com.br\/wp\/2025\/04\/16\/juiza-ordena-que-governo-trump-detalhe-esforcos-pelo-retorno-de-imigrante-deportado-por-engano\/","title":{"rendered":"Ju\u00edza ordena que governo Trump detalhe esfor\u00e7os pelo retorno de imigrante deportado por engano"},"content":{"rendered":"\n<p><strong>Kilmar Abrego Garcia foi enviado para pris\u00e3o de seguran\u00e7a m\u00e1xima em El Salvador, apesar de ordem judicial que impedia a sua deporta\u00e7\u00e3o<\/strong><\/p>\n\n\n\n<p>Uma ju\u00edza federal repreendeu o governo\u00a0<a href=\"https:\/\/www.estadao.com.br\/tudo-sobre\/donald-trump\/\" target=\"_blank\" rel=\"noreferrer noopener\"><strong>Donald Trump<\/strong><\/a>\u00a0pela recusa em cumprir a ordem de facilitar o retorno do imigrante<a href=\"https:\/\/www.estadao.com.br\/internacional\/governo-trump-atribui-deportacao-de-imigrante-ameacado-por-gangue-salvadorenha-a-erro-administrativo\/?srsltid=AfmBOooEalZbbj6L6c-wdSvdQD15cMpf9kfl3o0eNY5ladab_ojBgYLB\" target=\"_blank\" rel=\"noreferrer noopener\">\u00a0<strong>Kilmar Abrego Garcia, enviado por engano \u00e0 pris\u00e3o em El Salvador<\/strong><\/a>. Em audi\u00eancia nesta ter\u00e7a-feira, 15, Paula Xinis, determinou que as autoridades federais detalhem os esfor\u00e7os para lev\u00e1-lo de volta aos\u00a0<a href=\"https:\/\/www.estadao.com.br\/tudo-sobre\/estados-unidos-america-do-norte\/\" target=\"_blank\" rel=\"noreferrer noopener\"><strong>Estados Unidos<\/strong><\/a>.<\/p>\n\n\n\n<p>\u201cAt\u00e9 agora, nada foi feito\u201d, disse a ju\u00edza de Maryland ao advogado do Departamento de Justi\u00e7a. \u201cNada\u201d. Ela destacou que o governo continua obrigado a, no m\u00ednimo, adotar as medidas dispon\u00edveis para facilitar a liberta\u00e7\u00e3o de Abrego Garcia e afirmou que pretende for\u00e7ar autoridades a depor, estabelecendo um cronograma acelerado para que os esfor\u00e7os sejam detalhados. A expectativa \u00e9 que esse processo leve cerca de duas semanas.<\/p>\n\n\n\n<p>Na semana passada, a Suprema Corte havia confirmado a decis\u00e3o de Paula Xinis, ordenando ao governo que facilita-se o retorno do imigrante salvadorenho. \u201cA Suprema Corte se pronunciou\u201d, destacou a ju\u00edza durante a audi\u00eancia.<\/p>\n\n\n\n<figure class=\"wp-block-image\"><img decoding=\"async\" src=\"https:\/\/www.estadao.com.br\/resizer\/v2\/FUN5BKN5T5AZFJMW2RVAIJAZBQ.jpg?quality=80&amp;auth=50310a192f68e6573c721924e0924f71257283d16113b6ba8bee616280771b9a&amp;width=380\" alt=\"Jennifer V\u00e1squez Sura, esposa de Kilmar Abrego Garc\u00eda, em entrevista coletiva. \n\"\/><figcaption class=\"wp-element-caption\">Jennifer V\u00e1squez Sura, esposa de Kilmar Abrego Garc\u00eda, em entrevista coletiva.&nbsp;<em>Foto:&nbsp;Jose Luis Magana\/Associated Press<\/em><\/figcaption><\/figure>\n\n\n\n<p>Kilmar \u00c1brego Garc\u00eda, casado com uma cidad\u00e3 americana e pai de uma crian\u00e7a pequena, estava entre os mais de 250 imigrantes<strong>&nbsp;<\/strong><a href=\"https:\/\/www.estadao.com.br\/internacional\/governo-trump-nega-ter-violado-ordem-de-juiz-na-deportacao-de-venezuelanos-para-el-salvador\/\" target=\"_blank\" rel=\"noreferrer noopener\"><strong>enviados no m\u00eas passado para pris\u00e3o de seguran\u00e7a m\u00e1xima em El Salvador<\/strong><\/a>. O governo alega que seriam, em sua maioria, vinculados \u00e0 gangue venezuelana Trem de Aragua, mas&nbsp;<a href=\"https:\/\/www.estadao.com.br\/internacional\/governo-trump-acusa-venezuelanos-deportados-de-serem-criminosos-mas-apresenta-poucas-provas\/\" target=\"_blank\" rel=\"noreferrer noopener\"><strong>n\u00e3o apresentou evid\u00eancias<\/strong><\/a>.<\/p>\n\n\n\n<p>A Casa Branca reconheceu que a deporta\u00e7\u00e3o do imigrante de El Salvador foi um \u201cerro administrativo\u201d. Isso porque, em 2019, um juiz de imigra\u00e7\u00e3o entendeu que Kilmar \u00c1brego Garc\u00eda corria risco caso voltasse para El Salvador e proibiu que ele fosse deportado.<\/p>\n\n\n\n<p>Mesmo depois de reconhecer o erro, o governo alega que n\u00e3o cabe aos Estados Unidos traz\u00ea-lo de volta. Al\u00e9m disso, acusa-o, sem apresentar provas, de pertencer \u00e0 gangue MS-13, designada como organiza\u00e7\u00e3o terrorista. Sem citar o seu nome, Trump voltou a dizer que \u00c1brego Garc\u00eda seria \u201cmembro da gangue MS-13\u2033 e \u201cterrorista estrangeiro\u201d.<\/p>\n\n\n\n<p>Em uma audi\u00eancia nesta ter\u00e7a-feira, um representante do Departamento de Seguran\u00e7a Interna disse que o Poder Executivo est\u00e1 disposto a deix\u00e1-lo entrar no pa\u00eds \u201ccaso compare\u00e7a pessoalmente na fronteira\u201d.<\/p>\n\n\n\n<p>Por sua vez, o presidente de El Salvador, Nayib Bukele, disse em reuni\u00e3o com Donald Trump ao lado de Donald Trump na segunda-feira que n\u00e3o tem o poder para enviar \u00c1brego Garc\u00eda de volta aos Estados Unidos.<\/p>\n\n\n\n<p>Na semana passada, a Suprema Corte confirmou a decis\u00e3o de ju\u00edza Paula Xinis, ordenando que o governo deveria facilitar o retorno do imigrante salvadorenho. A ju\u00edza solicitou ainda um informe di\u00e1rio sobre o paradeiro e a situa\u00e7\u00e3o de \u00c1brego Garc\u00eda, al\u00e9m das medidas adotadas para facilitar seu retorno. \u201cMas recebi muito pouca informa\u00e7\u00e3o interessante\u201d, queixou-se.<\/p>\n\n\n\n<p>O governo de Trump apresentou no s\u00e1bado uma declara\u00e7\u00e3o escrita de um funcion\u00e1rio do Departamento de Estado confirmando pela primeira vez que ele est\u00e1 vivo e seguro na pris\u00e3o de El Salvador. Mas n\u00e3o forneceu informa\u00e7\u00f5es sobre as medidas adotadas ou previstas para seu retorno.<\/p>\n\n\n\n<p>O governo Donald Trump faz uma interpreta\u00e7\u00e3o peculiar da decis\u00e3o da Suprema Corte, considerando que o tribunal teria solicitado apenas a remo\u00e7\u00e3o de obst\u00e1culos internos que impediriam o retorno do imigrante aos Estados Unidos.<\/p>\n\n\n\n<p>A defesa de \u00c1brego Garc\u00eda acusa o governo de \u201cesvaziar o conte\u00fado\u201d da decis\u00e3o da Suprema Corte, afirmando que, para cumprir a ordem, o governo deveria pelo menos solicitar a liberta\u00e7\u00e3o do salvadorenho.<strong>\/COM AP, NY TIMES E AFP<\/strong><\/p>\n\n\n\n<p><strong>Por Estad\u00e3o<\/strong><\/p>\n\n\n\n<p><strong><br><\/strong><\/p>\n","protected":false},"excerpt":{"rendered":"<p>Kilmar Abrego Garcia foi enviado para pris\u00e3o de seguran\u00e7a m\u00e1xima em El Salvador, apesar de ordem judicial que impedia a sua deporta\u00e7\u00e3o Uma ju\u00edza federal repreendeu o governo\u00a0Donald Trump\u00a0pela recusa&hellip;<\/p>\n","protected":false},"author":1,"featured_media":339217,"comment_status":"closed","ping_status":"open","sticky":false,"template":"","format":"standard","meta":{"footnotes":""},"categories":[46,42],"tags":[],"class_list":["post-339216","post","type-post","status-publish","format-standard","has-post-thumbnail","hentry","category-mundo","category-ultimas"],"_links":{"self":[{"href":"https:\/\/blogfolhadocomercio.com.br\/wp\/wp-json\/wp\/v2\/posts\/339216","targetHints":{"allow":["GET"]}}],"collection":[{"href":"https:\/\/blogfolhadocomercio.com.br\/wp\/wp-json\/wp\/v2\/posts"}],"about":[{"href":"https:\/\/blogfolhadocomercio.com.br\/wp\/wp-json\/wp\/v2\/types\/post"}],"author":[{"embeddable":true,"href":"https:\/\/blogfolhadocomercio.com.br\/wp\/wp-json\/wp\/v2\/users\/1"}],"replies":[{"embeddable":true,"href":"https:\/\/blogfolhadocomercio.com.br\/wp\/wp-json\/wp\/v2\/comments?post=339216"}],"version-history":[{"count":1,"href":"https:\/\/blogfolhadocomercio.com.br\/wp\/wp-json\/wp\/v2\/posts\/339216\/revisions"}],"predecessor-version":[{"id":339218,"href":"https:\/\/blogfolhadocomercio.com.br\/wp\/wp-json\/wp\/v2\/posts\/339216\/revisions\/339218"}],"wp:featuredmedia":[{"embeddable":true,"href":"https:\/\/blogfolhadocomercio.com.br\/wp\/wp-json\/wp\/v2\/media\/339217"}],"wp:attachment":[{"href":"https:\/\/blogfolhadocomercio.com.br\/wp\/wp-json\/wp\/v2\/media?parent=339216"}],"wp:term":[{"taxonomy":"category","embeddable":true,"href":"https:\/\/blogfolhadocomercio.com.br\/wp\/wp-json\/wp\/v2\/categories?post=339216"},{"taxonomy":"post_tag","embeddable":true,"href":"https:\/\/blogfolhadocomercio.com.br\/wp\/wp-json\/wp\/v2\/tags?post=339216"}],"curies":[{"name":"wp","href":"https:\/\/api.w.org\/{rel}","templated":true}]}}