{"id":339168,"date":"2025-04-16T07:47:31","date_gmt":"2025-04-16T10:47:31","guid":{"rendered":"https:\/\/blogfolhadocomercio.com.br\/wp\/?p=339168"},"modified":"2025-04-16T07:47:32","modified_gmt":"2025-04-16T10:47:32","slug":"ministra-marina-silva-e-hospitalizada-em-brasilia","status":"publish","type":"post","link":"https:\/\/blogfolhadocomercio.com.br\/wp\/2025\/04\/16\/ministra-marina-silva-e-hospitalizada-em-brasilia\/","title":{"rendered":"Ministra Marina Silva \u00e9 hospitalizada em Bras\u00edlia"},"content":{"rendered":"\n<p><strong>Marina Silva sofreu uma queda de press\u00e3o arterial depois de participar de um evento que discutiu pol\u00edticas globais de meio ambiente<\/strong><\/p>\n\n\n\n<figure class=\"wp-block-image size-large\"><img loading=\"lazy\" decoding=\"async\" width=\"1024\" height=\"576\" src=\"https:\/\/blogfolhadocomercio.com.br\/wp\/wp-content\/uploads\/2025\/04\/image-242-1024x576.png\" alt=\"\" class=\"wp-image-339169\" srcset=\"https:\/\/blogfolhadocomercio.com.br\/wp\/wp-content\/uploads\/2025\/04\/image-242-1024x576.png 1024w, https:\/\/blogfolhadocomercio.com.br\/wp\/wp-content\/uploads\/2025\/04\/image-242-300x169.png 300w, https:\/\/blogfolhadocomercio.com.br\/wp\/wp-content\/uploads\/2025\/04\/image-242-768x432.png 768w, https:\/\/blogfolhadocomercio.com.br\/wp\/wp-content\/uploads\/2025\/04\/image-242-1170x658.png 1170w, https:\/\/blogfolhadocomercio.com.br\/wp\/wp-content\/uploads\/2025\/04\/image-242-585x329.png 585w, https:\/\/blogfolhadocomercio.com.br\/wp\/wp-content\/uploads\/2025\/04\/image-242.png 1200w\" sizes=\"auto, (max-width: 1024px) 100vw, 1024px\" \/><\/figure>\n\n\n\n<p>A&nbsp;<a href=\"https:\/\/www.instagram.com\/mmeioambiente\/\">ministra do Meio Ambiente<\/a>, Marina Silva, foi hospitalizada em Bras\u00edlia na tarde desta ter\u00e7a-feira (15). Marina, que tem 67 anos, sofreu uma queda de press\u00e3o arterial e foi levada para o Hospital Bras\u00edlia, no Lago Sul.<\/p>\n\n\n\n<p>O minist\u00e9rio confirmou a informa\u00e7\u00e3o em nota, divulgada por volta das 17h30, e disse que ela permanecer\u00e1 na unidade at\u00e9 que saiam os resultados dos exames. O quadro de sa\u00fade dela \u00e9 est\u00e1vel e a press\u00e3o foi normalizada.<\/p>\n\n\n\n<p>Nesta ter\u00e7a, a ministra participou dividiu palco com a ministra dos Povos Ind\u00edgenas, S\u00f4nia Guajajara, em um evento que discutiu o futuro das pol\u00edticas de meio ambiente em uma escala planet\u00e1ria. Tamb\u00e9m participou da mesa o presidente designado da COP-30, Andr\u00e9 Corr\u00eaa Lago.<\/p>\n\n\n\n<p><strong>Por Mais Goi\u00e1s<br><\/strong><\/p>\n","protected":false},"excerpt":{"rendered":"<p>Marina Silva sofreu uma queda de press\u00e3o arterial depois de participar de um evento que discutiu pol\u00edticas globais de meio ambiente A&nbsp;ministra do Meio Ambiente, Marina Silva, foi hospitalizada em&hellip;<\/p>\n","protected":false},"author":1,"featured_media":339169,"comment_status":"closed","ping_status":"open","sticky":false,"template":"","format":"standard","meta":{"footnotes":""},"categories":[42],"tags":[],"class_list":["post-339168","post","type-post","status-publish","format-standard","has-post-thumbnail","hentry","category-ultimas"],"_links":{"self":[{"href":"https:\/\/blogfolhadocomercio.com.br\/wp\/wp-json\/wp\/v2\/posts\/339168","targetHints":{"allow":["GET"]}}],"collection":[{"href":"https:\/\/blogfolhadocomercio.com.br\/wp\/wp-json\/wp\/v2\/posts"}],"about":[{"href":"https:\/\/blogfolhadocomercio.com.br\/wp\/wp-json\/wp\/v2\/types\/post"}],"author":[{"embeddable":true,"href":"https:\/\/blogfolhadocomercio.com.br\/wp\/wp-json\/wp\/v2\/users\/1"}],"replies":[{"embeddable":true,"href":"https:\/\/blogfolhadocomercio.com.br\/wp\/wp-json\/wp\/v2\/comments?post=339168"}],"version-history":[{"count":1,"href":"https:\/\/blogfolhadocomercio.com.br\/wp\/wp-json\/wp\/v2\/posts\/339168\/revisions"}],"predecessor-version":[{"id":339170,"href":"https:\/\/blogfolhadocomercio.com.br\/wp\/wp-json\/wp\/v2\/posts\/339168\/revisions\/339170"}],"wp:featuredmedia":[{"embeddable":true,"href":"https:\/\/blogfolhadocomercio.com.br\/wp\/wp-json\/wp\/v2\/media\/339169"}],"wp:attachment":[{"href":"https:\/\/blogfolhadocomercio.com.br\/wp\/wp-json\/wp\/v2\/media?parent=339168"}],"wp:term":[{"taxonomy":"category","embeddable":true,"href":"https:\/\/blogfolhadocomercio.com.br\/wp\/wp-json\/wp\/v2\/categories?post=339168"},{"taxonomy":"post_tag","embeddable":true,"href":"https:\/\/blogfolhadocomercio.com.br\/wp\/wp-json\/wp\/v2\/tags?post=339168"}],"curies":[{"name":"wp","href":"https:\/\/api.w.org\/{rel}","templated":true}]}}