{"id":338985,"date":"2025-04-14T15:29:29","date_gmt":"2025-04-14T18:29:29","guid":{"rendered":"https:\/\/blogfolhadocomercio.com.br\/wp\/?p=338985"},"modified":"2025-04-14T15:29:31","modified_gmt":"2025-04-14T18:29:31","slug":"familia-de-goias-morre-apos-acidente-de-carro-em-minas-gerais","status":"publish","type":"post","link":"https:\/\/blogfolhadocomercio.com.br\/wp\/2025\/04\/14\/familia-de-goias-morre-apos-acidente-de-carro-em-minas-gerais\/","title":{"rendered":"Fam\u00edlia de Goi\u00e1s morre ap\u00f3s acidente de carro em Minas Gerais"},"content":{"rendered":"\n<p><strong>As v\u00edtimas s\u00e3o pai, m\u00e3e e duas filhas g\u00eameas, al\u00e9m de uma amiga da fam\u00edlia<\/strong><\/p>\n\n\n\n<figure class=\"wp-block-image size-large\"><img loading=\"lazy\" decoding=\"async\" width=\"1024\" height=\"576\" src=\"https:\/\/blogfolhadocomercio.com.br\/wp\/wp-content\/uploads\/2025\/04\/image-183-1024x576.png\" alt=\"\" class=\"wp-image-338986\" srcset=\"https:\/\/blogfolhadocomercio.com.br\/wp\/wp-content\/uploads\/2025\/04\/image-183-1024x576.png 1024w, https:\/\/blogfolhadocomercio.com.br\/wp\/wp-content\/uploads\/2025\/04\/image-183-300x169.png 300w, https:\/\/blogfolhadocomercio.com.br\/wp\/wp-content\/uploads\/2025\/04\/image-183-768x432.png 768w, https:\/\/blogfolhadocomercio.com.br\/wp\/wp-content\/uploads\/2025\/04\/image-183-1170x658.png 1170w, https:\/\/blogfolhadocomercio.com.br\/wp\/wp-content\/uploads\/2025\/04\/image-183-585x329.png 585w, https:\/\/blogfolhadocomercio.com.br\/wp\/wp-content\/uploads\/2025\/04\/image-183.png 1200w\" sizes=\"auto, (max-width: 1024px) 100vw, 1024px\" \/><\/figure>\n\n\n\n<p>Uma fam\u00edlia que morava em Aparecida de Goi\u00e2nia morreu ap\u00f3s um acidente de carro na BR-365, em&nbsp;<strong><a href=\"https:\/\/www.maisgoias.com.br\/brasil\/veja-quem-sao-as-vitimas-do-acidente-envolvendo-onibus-de-viagem-que-saiu-de-anapolis-e-tombou-em-mg\/\" target=\"_blank\" rel=\"noreferrer noopener\">Minas Gerais<\/a><\/strong>. O caso aconteceu na tarde de domingo (13\/4). As v\u00edtimas s\u00e3o pai, m\u00e3e e duas filhas g\u00eameas. Uma quinta pessoa, que viajava com a fam\u00edlia, tamb\u00e9m morreu.<\/p>\n\n\n\n<p>O acidente aconteceu por volta das 15h, perto de Patos de Minas. Quatro dos cinco ocupantes do carro modelo Chevrolet Spin, que era dirigido por Luciene Padilha de Aquino Campos, morreram na hora. Uma das filhas da motorista, uma menina de 9 anos, foi socorrida com vida, mas n\u00e3o resistiu.<\/p>\n\n\n\n<p>De acordo com a&nbsp;<strong><a href=\"https:\/\/www.gov.br\/prf\/pt-br\" target=\"_blank\" rel=\"noreferrer noopener\">Pol\u00edcia Rodovi\u00e1ria Federal<\/a><\/strong>, o ve\u00edculo em que a fam\u00edlia viajava bateu na traseira de uma carreta, que estava parada no acostamento. O motorista contou que estacionou para verificar a press\u00e3o dos pneus, e que, poucos segundos ap\u00f3s descer do ve\u00edculo, escutou o barulho do impacto.<\/p>\n\n\n\n<p>Al\u00e9m de Luciene, morreram o marido dela, Richard Henrique Pereira Campos, de 35 anos, as duas filhas g\u00eameas do casal, Melissa e Raissa Padilha de Aquino, de 9 anos, e Marcella B\u00e1rbara da Costa Rodrigues, de 31 anos, amiga da fam\u00edlia. Pelo que foi apurado, o grupo retornava de Uberl\u00e2ndia, onde participou de um encontro evang\u00e9lico.<\/p>\n\n\n\n<h2 class=\"wp-block-heading\" id=\"h-suspensao-de-atividades-em-escolas\">Suspens\u00e3o de atividades em escolas<\/h2>\n\n\n\n<p>O casal que morreu no acidente dava aula na rede municipal de Aparecida de Goi\u00e2nia. A Secretaria de Educa\u00e7\u00e3o emitiu nota de pesar pelo falecimento da fam\u00edlia. A Escola Municipal Infantil Monteiro Lobado, onde Richard trabalhava e as filhas estudavam, suspendeu as atividades nesta segunda-feira (14\/04). \u201cNeste momento de profunda dor, nos solidarizamos com familiares, amigos e toda a comunidade escolar\u201d, diz trecho da nota.<\/p>\n\n\n\n<p>O col\u00e9gio Municipal Jo\u00e3o C\u00e2ndido da Silva, onde Luciene lecionava, tamb\u00e9m lamentou o falecimento. \u201cNos solidarizamos com os familiares e amigos e expressamos nossos sinceros sentimentos\u201d. Ainda n\u00e3o h\u00e1 informa\u00e7\u00f5es sobre os locais e hor\u00e1rios do vel\u00f3rio, e sepultamento da fam\u00edlia.<\/p>\n\n\n\n<p><strong>Por Mais Goi\u00e1s<br><\/strong><\/p>\n","protected":false},"excerpt":{"rendered":"<p>As v\u00edtimas s\u00e3o pai, m\u00e3e e duas filhas g\u00eameas, al\u00e9m de uma amiga da fam\u00edlia Uma fam\u00edlia que morava em Aparecida de Goi\u00e2nia morreu ap\u00f3s um acidente de carro na&hellip;<\/p>\n","protected":false},"author":1,"featured_media":338986,"comment_status":"closed","ping_status":"open","sticky":false,"template":"","format":"standard","meta":{"footnotes":""},"categories":[53,42],"tags":[],"class_list":["post-338985","post","type-post","status-publish","format-standard","has-post-thumbnail","hentry","category-tragedia","category-ultimas"],"_links":{"self":[{"href":"https:\/\/blogfolhadocomercio.com.br\/wp\/wp-json\/wp\/v2\/posts\/338985","targetHints":{"allow":["GET"]}}],"collection":[{"href":"https:\/\/blogfolhadocomercio.com.br\/wp\/wp-json\/wp\/v2\/posts"}],"about":[{"href":"https:\/\/blogfolhadocomercio.com.br\/wp\/wp-json\/wp\/v2\/types\/post"}],"author":[{"embeddable":true,"href":"https:\/\/blogfolhadocomercio.com.br\/wp\/wp-json\/wp\/v2\/users\/1"}],"replies":[{"embeddable":true,"href":"https:\/\/blogfolhadocomercio.com.br\/wp\/wp-json\/wp\/v2\/comments?post=338985"}],"version-history":[{"count":1,"href":"https:\/\/blogfolhadocomercio.com.br\/wp\/wp-json\/wp\/v2\/posts\/338985\/revisions"}],"predecessor-version":[{"id":338987,"href":"https:\/\/blogfolhadocomercio.com.br\/wp\/wp-json\/wp\/v2\/posts\/338985\/revisions\/338987"}],"wp:featuredmedia":[{"embeddable":true,"href":"https:\/\/blogfolhadocomercio.com.br\/wp\/wp-json\/wp\/v2\/media\/338986"}],"wp:attachment":[{"href":"https:\/\/blogfolhadocomercio.com.br\/wp\/wp-json\/wp\/v2\/media?parent=338985"}],"wp:term":[{"taxonomy":"category","embeddable":true,"href":"https:\/\/blogfolhadocomercio.com.br\/wp\/wp-json\/wp\/v2\/categories?post=338985"},{"taxonomy":"post_tag","embeddable":true,"href":"https:\/\/blogfolhadocomercio.com.br\/wp\/wp-json\/wp\/v2\/tags?post=338985"}],"curies":[{"name":"wp","href":"https:\/\/api.w.org\/{rel}","templated":true}]}}