{"id":338982,"date":"2025-04-14T15:27:28","date_gmt":"2025-04-14T18:27:28","guid":{"rendered":"https:\/\/blogfolhadocomercio.com.br\/wp\/?p=338982"},"modified":"2025-04-14T15:27:30","modified_gmt":"2025-04-14T18:27:30","slug":"aviao-interceptado-pela-fab-cai-e-espalha-drogas-sobre-aldeia-indigena","status":"publish","type":"post","link":"https:\/\/blogfolhadocomercio.com.br\/wp\/2025\/04\/14\/aviao-interceptado-pela-fab-cai-e-espalha-drogas-sobre-aldeia-indigena\/","title":{"rendered":"Avi\u00e3o interceptado pela FAB cai e espalha drogas sobre aldeia ind\u00edgena"},"content":{"rendered":"\n<p><strong>Caso aconteceu na terra ind\u00edgena Ariramba, na divisa entre Mato Grosso e Par\u00e1<\/strong><\/p>\n\n\n\n<figure class=\"wp-block-image size-large\"><img loading=\"lazy\" decoding=\"async\" width=\"1024\" height=\"576\" src=\"https:\/\/blogfolhadocomercio.com.br\/wp\/wp-content\/uploads\/2025\/04\/image-182-1024x576.png\" alt=\"\" class=\"wp-image-338983\" srcset=\"https:\/\/blogfolhadocomercio.com.br\/wp\/wp-content\/uploads\/2025\/04\/image-182-1024x576.png 1024w, https:\/\/blogfolhadocomercio.com.br\/wp\/wp-content\/uploads\/2025\/04\/image-182-300x169.png 300w, https:\/\/blogfolhadocomercio.com.br\/wp\/wp-content\/uploads\/2025\/04\/image-182-768x432.png 768w, https:\/\/blogfolhadocomercio.com.br\/wp\/wp-content\/uploads\/2025\/04\/image-182-1170x658.png 1170w, https:\/\/blogfolhadocomercio.com.br\/wp\/wp-content\/uploads\/2025\/04\/image-182-585x329.png 585w, https:\/\/blogfolhadocomercio.com.br\/wp\/wp-content\/uploads\/2025\/04\/image-182.png 1200w\" sizes=\"auto, (max-width: 1024px) 100vw, 1024px\" \/><\/figure>\n\n\n\n<p>Um avi\u00e3o bimotor interceptado neste domingo (13) por ca\u00e7as da FAB (<a href=\"https:\/\/www.fab.mil.br\/index.php\" target=\"_blank\" rel=\"noreferrer noopener\">For\u00e7a A\u00e9rea Brasileira<\/a>) caiu e espalhou dezenas de tabletes de drogas sobre a terra ind\u00edgena Ariramba, localizada na regi\u00e3o do rio S\u00e3o Manoel, na divisa de Mato Grosso com Par\u00e1.<\/p>\n\n\n\n<p>Logo ap\u00f3s a colis\u00e3o da aeronave com o solo, ind\u00edgenas que vivem na aldeia recolheram dezenas de pacotes de drogas que se espalharam em uma \u00e1rea de planta\u00e7\u00e3o. O material foi apreendido pela pol\u00edcia.<\/p>\n\n\n\n<p>Segundo informa\u00e7\u00f5es divulgadas pela FAB, o bimotor vinha do Peru e foi interceptado por ca\u00e7as A-29 Super Tucano, ap\u00f3s entrarem sem autoriza\u00e7\u00e3o no espa\u00e7o a\u00e9reo nacional.<\/p>\n\n\n\n<ul class=\"wp-block-list\">\n<li><strong>Uso frequente de maconha pode\u00a0<a href=\"https:\/\/www.maisgoias.com.br\/brasil\/uso-frequente-de-maconha-pode-afetar-qualidade-do-esperma-apontam-estudos\/\" target=\"_blank\" rel=\"noreferrer noopener\">afetar qualidade do esperma, apontam estudos<\/a><\/strong><\/li>\n<\/ul>\n\n\n\n<p>A a\u00e7\u00e3o foi coordenada pelo Comando de Opera\u00e7\u00f5es Aeroespaciais, em parceria com a&nbsp;Pol\u00edcia Federal&nbsp;e apoio do Grupo Especial de Fronteira, vinculado \u00e0 Pol\u00edcia Militar do Estado de Mato Grosso.<\/p>\n\n\n\n<p>Os pilotos da FAB seguiram os protocolos de policiamento do espa\u00e7o a\u00e9reo brasileiro e adotaram as medidas coercitivas de averigua\u00e7\u00e3o, como o reconhecimento a dist\u00e2ncia e a interroga\u00e7\u00e3o, seguidas de medidas de interven\u00e7\u00e3o, incluindo ordens de mudan\u00e7a de rota.<\/p>\n\n\n\n<p>\u201cAp\u00f3s a persist\u00eancia do comportamento irregular, o bimotor desceu e colidiu com o solo\u201d, declarou a FAB.<\/p>\n\n\n\n<p>Um helic\u00f3ptero de resgate Black Hawk foi acionado. Agentes da Pol\u00edcia Federal prenderam dois cidad\u00e3os bolivianos, al\u00e9m dos pacotes com drogas. Segundo a FAB, trata-se de uma \u201csubst\u00e2ncia an\u00e1loga \u00e0 maconha\u201d. Os suspeitos e o material apreendido foram levados sob cust\u00f3dia at\u00e9 a cidade de Alta Floresta (MT).<\/p>\n\n\n\n<p>A intercepta\u00e7\u00e3o faz parte da Opera\u00e7\u00e3o Ostium, do Programa de Prote\u00e7\u00e3o Integrada de Fronteiras, que tem o objetivo de combater il\u00edcitos no espa\u00e7o a\u00e9reo brasileiro por meio de a\u00e7\u00f5es coordenadas entre a FAB e \u00f3rg\u00e3os de seguran\u00e7a p\u00fablica.<\/p>\n\n\n\n<p><strong>Por Mais Goi\u00e1s<br><\/strong><\/p>\n","protected":false},"excerpt":{"rendered":"<p>Caso aconteceu na terra ind\u00edgena Ariramba, na divisa entre Mato Grosso e Par\u00e1 Um avi\u00e3o bimotor interceptado neste domingo (13) por ca\u00e7as da FAB (For\u00e7a A\u00e9rea Brasileira) caiu e espalhou&hellip;<\/p>\n","protected":false},"author":1,"featured_media":338983,"comment_status":"closed","ping_status":"open","sticky":false,"template":"","format":"standard","meta":{"footnotes":""},"categories":[42],"tags":[],"class_list":["post-338982","post","type-post","status-publish","format-standard","has-post-thumbnail","hentry","category-ultimas"],"_links":{"self":[{"href":"https:\/\/blogfolhadocomercio.com.br\/wp\/wp-json\/wp\/v2\/posts\/338982","targetHints":{"allow":["GET"]}}],"collection":[{"href":"https:\/\/blogfolhadocomercio.com.br\/wp\/wp-json\/wp\/v2\/posts"}],"about":[{"href":"https:\/\/blogfolhadocomercio.com.br\/wp\/wp-json\/wp\/v2\/types\/post"}],"author":[{"embeddable":true,"href":"https:\/\/blogfolhadocomercio.com.br\/wp\/wp-json\/wp\/v2\/users\/1"}],"replies":[{"embeddable":true,"href":"https:\/\/blogfolhadocomercio.com.br\/wp\/wp-json\/wp\/v2\/comments?post=338982"}],"version-history":[{"count":1,"href":"https:\/\/blogfolhadocomercio.com.br\/wp\/wp-json\/wp\/v2\/posts\/338982\/revisions"}],"predecessor-version":[{"id":338984,"href":"https:\/\/blogfolhadocomercio.com.br\/wp\/wp-json\/wp\/v2\/posts\/338982\/revisions\/338984"}],"wp:featuredmedia":[{"embeddable":true,"href":"https:\/\/blogfolhadocomercio.com.br\/wp\/wp-json\/wp\/v2\/media\/338983"}],"wp:attachment":[{"href":"https:\/\/blogfolhadocomercio.com.br\/wp\/wp-json\/wp\/v2\/media?parent=338982"}],"wp:term":[{"taxonomy":"category","embeddable":true,"href":"https:\/\/blogfolhadocomercio.com.br\/wp\/wp-json\/wp\/v2\/categories?post=338982"},{"taxonomy":"post_tag","embeddable":true,"href":"https:\/\/blogfolhadocomercio.com.br\/wp\/wp-json\/wp\/v2\/tags?post=338982"}],"curies":[{"name":"wp","href":"https:\/\/api.w.org\/{rel}","templated":true}]}}