{"id":338862,"date":"2025-04-10T15:03:21","date_gmt":"2025-04-10T18:03:21","guid":{"rendered":"https:\/\/blogfolhadocomercio.com.br\/wp\/?p=338862"},"modified":"2025-04-10T15:03:23","modified_gmt":"2025-04-10T18:03:23","slug":"nao-nos-interessa-reducao-de-pena-mas-anistia-ampla-geral-e-irrestrita-diz-bolsonaro","status":"publish","type":"post","link":"https:\/\/blogfolhadocomercio.com.br\/wp\/2025\/04\/10\/nao-nos-interessa-reducao-de-pena-mas-anistia-ampla-geral-e-irrestrita-diz-bolsonaro\/","title":{"rendered":"\u2018N\u00e3o nos interessa redu\u00e7\u00e3o de pena, mas anistia ampla, geral e irrestrita\u2019, diz Bolsonaro"},"content":{"rendered":"\n<p><strong>Ex-presidente participou de almo\u00e7o promovido por advogados de direita<\/strong><\/p>\n\n\n\n<p>O ex-presidente&nbsp;<a href=\"https:\/\/www.estadao.com.br\/tudo-sobre\/jair-bolsonaro\/?srsltid=AfmBOorbY78p877b18tGr4kZRvpkJwqNxuKyJsnKmpCqVfGBxoPgyaxn\" target=\"_blank\" rel=\"noreferrer noopener\"><strong>Jair Bolsonaro<\/strong><\/a>&nbsp;afirmou nesta quinta-feira, 10, que n\u00e3o est\u00e1 interessado na redu\u00e7\u00e3o de penas dos presos do 8 de Janeiro, mas sim uma anistia \u201campla, geral e irrestrita\u201d. Bolsonaro disse ter havido um \u201cponto de inflex\u00e3o\u201d na articula\u00e7\u00e3o pela anistia com o voto do ministro Luiz Fux no julgamento que o tornou r\u00e9u no Supremo Tribunal Federal (STF) por tentativa de golpe de Estado. Na sess\u00e3o, Fux falou da possibilidade de as penas serem reduzidas.<\/p>\n\n\n\n<p>A declara\u00e7\u00e3o do ex-presidente foi dada durante um almo\u00e7o fechado em evento organizado por um grupo de advogados de direita que critica a Ordem dos Advogados do Brasil (OAB) e o Judici\u00e1rio.<\/p>\n\n\n\n<figure class=\"wp-block-image\"><img decoding=\"async\" src=\"https:\/\/www.estadao.com.br\/resizer\/v2\/SR6C3M3IYVGMDNOGV4FFXQUHPQ.jpeg?quality=80&amp;auth=8a0acb19f2f99824605484f2beaaf922d79cbacf4204f1983525475040d17e96&amp;width=380\" alt=\"Almo\u00e7o promovido por advogados de direita contou com participa\u00e7\u00e3o do ex-presidente Jair Bolsonaro\"\/><figcaption class=\"wp-element-caption\">Almo\u00e7o promovido por advogados de direita contou com participa\u00e7\u00e3o do ex-presidente Jair Bolsonaro&nbsp;<em>Foto:&nbsp;Guilherme Caetano \/ Estad\u00e3o<\/em><\/figcaption><\/figure>\n\n\n\n<p>\u201cAgora, tivemos um ponto de inflex\u00e3o. Enchendo a bola da minha esposa aqui, que falou muito bem na Paulista, dirigindo-se ao ministro Fux. Ali, no meu entender, foi uma fissura que apareceu. Um outro lado que parecia imposs\u00edvel. A modula\u00e7\u00e3o n\u00e3o nos interessa. Redu\u00e7\u00e3o de penas n\u00e3o nos interessa. O que nos interessa, sim, \u00e9 anistia ampla, geral e irrestrita\u201d, afirmou Bolsonaro aos convidados.<\/p>\n\n\n\n<p>O coment\u00e1rio se referiu a uma cena na manifesta\u00e7\u00e3o organizado por aliados de Bolsonaro na Avenida Paulista, em S\u00e3o Paulo, no \u00faltimo domingo, 6. Michelle discursou para mais de 40 mil pessoas que ministros do Supremo t\u00eam agido com injusti\u00e7a ao definir as penas e pediu a Fux que n\u00e3o deixasse \u201cm\u00e3es\u201d na cadeia.<\/p>\n\n\n\n<p>No almo\u00e7o desta ter\u00e7a, Bolsonaro tamb\u00e9m afirmou que a bancada do PL \u201cest\u00e1 muito pr\u00f3xima, talvez j\u00e1 tenhamos at\u00e9 alcan\u00e7ado\u201d, o n\u00famero m\u00ednimo de assinaturas para o requerimento de urg\u00eancia para votar o projeto da anistia em plen\u00e1rio. O l\u00edder do partido, deputado S\u00f3stenes Cavalcante (RJ) deixou, no entanto, de divulgar os nomes da lista de apoiadores do projeto de anistia.&nbsp;<a href=\"https:\/\/www.estadao.com.br\/politica\/placar-anistia-200-deputados-sao-favoraveis-perdao-golpistas-oito-janeiro-nprp\/?srsltid=AfmBOooA7oKMExNb4hfcINhCJ9HVTNPLQHGFC4EdYWkPR1XM1HCSS4yC\" target=\"_blank\" rel=\"noreferrer noopener\"><strong>Segundo Placar da Anistia do Estad\u00e3o, h\u00e1 200 deputados a favor da proposta.<\/strong><\/a><\/p>\n\n\n\n<p>Mais cedo, ele se reuniu com o presidente da C\u00e2mara, Hugo Motta (Republicanos-PB), para tratar do assunto.<\/p>\n\n\n\n<figure class=\"wp-block-embed is-type-video is-provider-youtube wp-block-embed-youtube wp-embed-aspect-16-9 wp-has-aspect-ratio\"><div class=\"wp-block-embed__wrapper\">\n<iframe loading=\"lazy\" title=\"Andreazza: &quot;Parlamentares j\u00e1 enxergam o Supremo como parte ativa do jogo pol\u00edtico e das\u00a0negocia\u00e7\u00f5es&quot;\" width=\"1170\" height=\"658\" src=\"https:\/\/www.youtube.com\/embed\/7WsuRxGYQb0?feature=oembed\" frameborder=\"0\" allow=\"accelerometer; autoplay; clipboard-write; encrypted-media; gyroscope; picture-in-picture; web-share\" referrerpolicy=\"strict-origin-when-cross-origin\" allowfullscreen><\/iframe>\n<\/div><\/figure>\n\n\n\n<p>O ex-presidente tamb\u00e9m reafirmou que, se n\u00e3o tivesse fugido do Pa\u00eds em 30 de dezembro de 2022 \u2014 o que impossibilitou que passasse a faixa para o presidente eleito Luiz In\u00e1cio Lula da Silva (PT) \u2014, ele teria sido preso ou at\u00e9 mesmo morto pela Pol\u00edcia Federal. E aproveitou para mandar um recado para o STF.<\/p>\n\n\n\n<p>\u201cQuando eu falo em ter 50% da C\u00e2mara e 50% do Senado que eu mudo o destino do Brasil, eu quero Senado forte n\u00e3o para perseguir, mas para que, caso necess\u00e1rio, ele possa fazer com que algu\u00e9m ou outro Poder se rebaixe e se coloque em situa\u00e7\u00e3o de igualdade com os demais. Somente com esse equil\u00edbrio podemos ter certeza que atingiremos nossos objetivos\u201d, declarou, referindo-se a um desejo para para o resultado das elei\u00e7\u00f5es de 2026.<\/p>\n\n\n\n<p>Al\u00e9m de Bolsonaro, o almo\u00e7o teve discursos de aliados como a deputada federal Bia Kicis (PL-DF), do desembargador Sebasti\u00e3o Coelho, que defende o ex-assessor de Bolsonaro Filipe Martins perante o STF, o senador Magno Malta (PL-ES) e o ex-ministro do Turismo Gilson Machado (PL-PE). Houve ataques \u00e0 Ordem dos Advogados do Brasil (OAB), ao Judici\u00e1rio e um clamor pela \u201cresist\u00eancia\u201d perante o STF.<\/p>\n\n\n\n<p><strong>Por Estad\u00e3o<\/strong><\/p>\n\n\n\n<p><strong><br><\/strong><\/p>\n","protected":false},"excerpt":{"rendered":"<p>Ex-presidente participou de almo\u00e7o promovido por advogados de direita O ex-presidente&nbsp;Jair Bolsonaro&nbsp;afirmou nesta quinta-feira, 10, que n\u00e3o est\u00e1 interessado na redu\u00e7\u00e3o de penas dos presos do 8 de Janeiro, mas&hellip;<\/p>\n","protected":false},"author":1,"featured_media":338863,"comment_status":"closed","ping_status":"open","sticky":false,"template":"","format":"standard","meta":{"footnotes":""},"categories":[34,35,42],"tags":[],"class_list":["post-338862","post","type-post","status-publish","format-standard","has-post-thumbnail","hentry","category-brasil","category-politica","category-ultimas"],"_links":{"self":[{"href":"https:\/\/blogfolhadocomercio.com.br\/wp\/wp-json\/wp\/v2\/posts\/338862","targetHints":{"allow":["GET"]}}],"collection":[{"href":"https:\/\/blogfolhadocomercio.com.br\/wp\/wp-json\/wp\/v2\/posts"}],"about":[{"href":"https:\/\/blogfolhadocomercio.com.br\/wp\/wp-json\/wp\/v2\/types\/post"}],"author":[{"embeddable":true,"href":"https:\/\/blogfolhadocomercio.com.br\/wp\/wp-json\/wp\/v2\/users\/1"}],"replies":[{"embeddable":true,"href":"https:\/\/blogfolhadocomercio.com.br\/wp\/wp-json\/wp\/v2\/comments?post=338862"}],"version-history":[{"count":1,"href":"https:\/\/blogfolhadocomercio.com.br\/wp\/wp-json\/wp\/v2\/posts\/338862\/revisions"}],"predecessor-version":[{"id":338864,"href":"https:\/\/blogfolhadocomercio.com.br\/wp\/wp-json\/wp\/v2\/posts\/338862\/revisions\/338864"}],"wp:featuredmedia":[{"embeddable":true,"href":"https:\/\/blogfolhadocomercio.com.br\/wp\/wp-json\/wp\/v2\/media\/338863"}],"wp:attachment":[{"href":"https:\/\/blogfolhadocomercio.com.br\/wp\/wp-json\/wp\/v2\/media?parent=338862"}],"wp:term":[{"taxonomy":"category","embeddable":true,"href":"https:\/\/blogfolhadocomercio.com.br\/wp\/wp-json\/wp\/v2\/categories?post=338862"},{"taxonomy":"post_tag","embeddable":true,"href":"https:\/\/blogfolhadocomercio.com.br\/wp\/wp-json\/wp\/v2\/tags?post=338862"}],"curies":[{"name":"wp","href":"https:\/\/api.w.org\/{rel}","templated":true}]}}