{"id":338811,"date":"2025-04-10T11:55:55","date_gmt":"2025-04-10T14:55:55","guid":{"rendered":"https:\/\/blogfolhadocomercio.com.br\/wp\/?p=338811"},"modified":"2025-04-10T11:55:57","modified_gmt":"2025-04-10T14:55:57","slug":"deputado-do-pl-que-desejou-morte-de-lula-pede-desculpas-reconheco-que-exagerei","status":"publish","type":"post","link":"https:\/\/blogfolhadocomercio.com.br\/wp\/2025\/04\/10\/deputado-do-pl-que-desejou-morte-de-lula-pede-desculpas-reconheco-que-exagerei\/","title":{"rendered":"Deputado do PL que desejou morte de Lula pede desculpas: \u201creconhe\u00e7o que exagerei\u201d"},"content":{"rendered":"\n<p><strong>Segundo a Advocacia-Geral da Uni\u00e3o, as manifesta\u00e7\u00f5es do deputado podem ter excedido os limites da imunidade parlamentar<\/strong><\/p>\n\n\n\n<figure class=\"wp-block-image size-large\"><img loading=\"lazy\" decoding=\"async\" width=\"1024\" height=\"576\" src=\"https:\/\/blogfolhadocomercio.com.br\/wp\/wp-content\/uploads\/2025\/04\/image-136-1024x576.png\" alt=\"\" class=\"wp-image-338812\" srcset=\"https:\/\/blogfolhadocomercio.com.br\/wp\/wp-content\/uploads\/2025\/04\/image-136-1024x576.png 1024w, https:\/\/blogfolhadocomercio.com.br\/wp\/wp-content\/uploads\/2025\/04\/image-136-300x169.png 300w, https:\/\/blogfolhadocomercio.com.br\/wp\/wp-content\/uploads\/2025\/04\/image-136-768x432.png 768w, https:\/\/blogfolhadocomercio.com.br\/wp\/wp-content\/uploads\/2025\/04\/image-136-1170x658.png 1170w, https:\/\/blogfolhadocomercio.com.br\/wp\/wp-content\/uploads\/2025\/04\/image-136-585x329.png 585w, https:\/\/blogfolhadocomercio.com.br\/wp\/wp-content\/uploads\/2025\/04\/image-136.png 1200w\" sizes=\"auto, (max-width: 1024px) 100vw, 1024px\" \/><\/figure>\n\n\n\n<p>O deputado&nbsp;<a href=\"https:\/\/www.camara.leg.br\/deputados\/220526\" target=\"_blank\" rel=\"noreferrer noopener\">Gilvan da Federal&nbsp;<\/a>(PL-ES) disse, nesta quarta-feira (9), que exagerou em sua fala ao desejar a morte do presidente Luiz In\u00e1cio Lula da Silva (PT). A fala ocorreu durante sess\u00e3o na Comiss\u00e3o de Seguran\u00e7a P\u00fablica da C\u00e2mara Federal, realizada na ter\u00e7a-feira (08\/04).<\/p>\n\n\n\n<p>\u201cEu aprendi com o meu pai que um homem deve reconhecer os seus erros. N\u00e3o desejo a morte de qualquer pessoa, mas continuo entendendo que Lula deveria pagar pelos seus crimes, deveria estar preso, e por tudo que ele fez de mal ao nosso pa\u00eds. Mas reconhe\u00e7o que exagerei na minha fala. Pe\u00e7o desculpas\u201d, disse o deputado federal no plen\u00e1rio da C\u00e2mara.<\/p>\n\n\n\n<p>No dia anterior, Gilvan da Federal disse explicitamente querer que o presidente morra. \u201cQuero que ele v\u00e1 para o quinto dos infernos, \u00e9 um direito meu. N\u00e3o quer dizer que vou matar o cara. Mas eu quero que ele morra, que v\u00e1 para o quinto dos infernos. Porque nem o diabo quer o Lula, por isso que ele t\u00e1 a\u00ed,&nbsp;<a href=\"https:\/\/www.maisgoias.com.br\/brasil\/lula-diz-que-nota-sobre-novo-cancer-e-peca-de-ficcao\/\" target=\"_blank\" rel=\"noreferrer noopener\">superou um c\u00e2ncer<\/a>\u2026 tomara que tenha um ataque card\u00edaco\u201d. A declara\u00e7\u00e3o ocorreu durante sess\u00e3o que discutia um projeto de lei que prop\u00f5e desarmar a seguran\u00e7a pessoal do presidente.<\/p>\n\n\n\n<h2 class=\"wp-block-heading\" id=\"h-declaracao-de-deputado-pode-configurar-incitacao-ao-crime-e-ameaca\">Declara\u00e7\u00e3o de deputado pode configurar incita\u00e7\u00e3o ao crime e amea\u00e7a<\/h2>\n\n\n\n<p>A Advocacia-Geral da Uni\u00e3o acionou a Pol\u00edcia Federal e a Procuradoria-Geral da Rep\u00fablica para investigar o ocorrido, pois as falas podem configurar os crimes de incita\u00e7\u00e3o ao crime e amea\u00e7a. Segundo o \u00f3rg\u00e3o, as manifesta\u00e7\u00f5es do deputado podem ter excedido os limites da imunidade parlamentar.<\/p>\n\n\n\n<p>Gilvan da Federal \u00e9 relator do texto na Comiss\u00e3o de Seguran\u00e7a. A proposta de desarmar a seguran\u00e7a pessoal do presidente foi apresentada pelo deputado Paulo Bilynskyj (PL-SP), e aprovada quarta-feira, mas ainda precisa passar por outras duas comiss\u00f5es na C\u00e2mara antes de ir para an\u00e1lise do Senado.<\/p>\n\n\n\n<p>Em 2021, quando ainda era vereador, Gilvan chamou a deputada estadual Camila Valad\u00e3o (PSOL-ES), que tamb\u00e9m era vereadora na \u00e9poca, de \u201csatanista\u201d, \u201cassassina de beb\u00eas\u201d e \u201cassassina de crian\u00e7as\u201d durante uma sess\u00e3o da C\u00e2mara Municipal. Ele foi condenado pela Justi\u00e7a Eleitoral por viol\u00eancia pol\u00edtica de g\u00eanero em mar\u00e7o deste ano.<\/p>\n\n\n\n<p><em>*Com informa\u00e7\u00f5es do portal UOL<\/em><\/p>\n\n\n\n<p><strong>Por Mais Goi\u00e1s<br><\/strong><\/p>\n","protected":false},"excerpt":{"rendered":"<p>Segundo a Advocacia-Geral da Uni\u00e3o, as manifesta\u00e7\u00f5es do deputado podem ter excedido os limites da imunidade parlamentar O deputado&nbsp;Gilvan da Federal&nbsp;(PL-ES) disse, nesta quarta-feira (9), que exagerou em sua fala&hellip;<\/p>\n","protected":false},"author":1,"featured_media":338812,"comment_status":"closed","ping_status":"open","sticky":false,"template":"","format":"standard","meta":{"footnotes":""},"categories":[34,35,42],"tags":[],"class_list":["post-338811","post","type-post","status-publish","format-standard","has-post-thumbnail","hentry","category-brasil","category-politica","category-ultimas"],"_links":{"self":[{"href":"https:\/\/blogfolhadocomercio.com.br\/wp\/wp-json\/wp\/v2\/posts\/338811","targetHints":{"allow":["GET"]}}],"collection":[{"href":"https:\/\/blogfolhadocomercio.com.br\/wp\/wp-json\/wp\/v2\/posts"}],"about":[{"href":"https:\/\/blogfolhadocomercio.com.br\/wp\/wp-json\/wp\/v2\/types\/post"}],"author":[{"embeddable":true,"href":"https:\/\/blogfolhadocomercio.com.br\/wp\/wp-json\/wp\/v2\/users\/1"}],"replies":[{"embeddable":true,"href":"https:\/\/blogfolhadocomercio.com.br\/wp\/wp-json\/wp\/v2\/comments?post=338811"}],"version-history":[{"count":1,"href":"https:\/\/blogfolhadocomercio.com.br\/wp\/wp-json\/wp\/v2\/posts\/338811\/revisions"}],"predecessor-version":[{"id":338813,"href":"https:\/\/blogfolhadocomercio.com.br\/wp\/wp-json\/wp\/v2\/posts\/338811\/revisions\/338813"}],"wp:featuredmedia":[{"embeddable":true,"href":"https:\/\/blogfolhadocomercio.com.br\/wp\/wp-json\/wp\/v2\/media\/338812"}],"wp:attachment":[{"href":"https:\/\/blogfolhadocomercio.com.br\/wp\/wp-json\/wp\/v2\/media?parent=338811"}],"wp:term":[{"taxonomy":"category","embeddable":true,"href":"https:\/\/blogfolhadocomercio.com.br\/wp\/wp-json\/wp\/v2\/categories?post=338811"},{"taxonomy":"post_tag","embeddable":true,"href":"https:\/\/blogfolhadocomercio.com.br\/wp\/wp-json\/wp\/v2\/tags?post=338811"}],"curies":[{"name":"wp","href":"https:\/\/api.w.org\/{rel}","templated":true}]}}