{"id":338509,"date":"2025-04-07T17:26:20","date_gmt":"2025-04-07T20:26:20","guid":{"rendered":"https:\/\/blogfolhadocomercio.com.br\/wp\/?p=338509"},"modified":"2025-04-07T17:26:23","modified_gmt":"2025-04-07T20:26:23","slug":"inscricoes-para-processo-seletivo-procon-goias-comecam-nesta-terca","status":"publish","type":"post","link":"https:\/\/blogfolhadocomercio.com.br\/wp\/2025\/04\/07\/inscricoes-para-processo-seletivo-procon-goias-comecam-nesta-terca\/","title":{"rendered":"Inscri\u00e7\u00f5es para processo seletivo Procon Goi\u00e1s come\u00e7am nesta ter\u00e7a"},"content":{"rendered":"\n<p>O processo seletivo Procon Goi\u00e1s abre inscri\u00e7\u00f5es nesta ter\u00e7a-feira (08\/04) para o preenchimento de 19 vagas tempor\u00e1rias em \u00e1reas de n\u00edvel m\u00e9dio e superior. Os interessados poder\u00e3o se inscrever at\u00e9 o dia 22 de abril.<\/p>\n\n\n\n<p>As oportunidades foram divulgadas pela Secretaria de Administra\u00e7\u00e3o (Sead), no dia 02 de abril. A carga hor\u00e1ria \u00e9 de 40 horas semanais, e os sal\u00e1rios variam entre R$ 4.226,96 e R$ 7.423,44.<\/p>\n\n\n\n<p>As vagas s\u00e3o para analista de c\u00e1lculo, assessor jur\u00eddico e t\u00e9cnico de manuten\u00e7\u00e3o de equipamentos de inform\u00e1tica. O valor da taxa de inscri\u00e7\u00e3o varia de R$ 40 a R$ 60, com pagamento at\u00e9 o dia 23 de abril.<\/p>\n\n\n\n<p>O processo permite apenas uma inscri\u00e7\u00e3o por candidato, e o cadastro deve ser feito pelo &nbsp;<a href=\"http:\/\/selecao.go.gov.br\/\" target=\"_blank\" rel=\"noreferrer noopener\">Portal de Sele\u00e7\u00e3o do Governo de Goi\u00e1s<\/a>.<\/p>\n\n\n\n<h3 class=\"wp-block-heading\">Etapas do processo seletivo Procon Goi\u00e1s<\/h3>\n\n\n\n<p>A sele\u00e7\u00e3o ser\u00e1 dividida em duas fases, ambas classificat\u00f3rias e eliminat\u00f3rias. A primeira consiste em an\u00e1lise curricular, com avalia\u00e7\u00e3o de forma\u00e7\u00e3o acad\u00eamica, experi\u00eancia profissional, cursos extracurriculares e especializa\u00e7\u00f5es.<\/p>\n\n\n\n<p>O resultado da primeira etapa est\u00e1 previsto para o dia 14 de maio. J\u00e1 a segunda fase ser\u00e1 uma entrevista, marcada para o dia 27 de maio. O resultado preliminar deve ser divulgado no dia 04 de junho.<\/p>\n\n\n\n<h3 class=\"wp-block-heading\">Vagas dispon\u00edveis<\/h3>\n\n\n\n<ul class=\"wp-block-list\">\n<li>Analista de C\u00e1lculo \u2013 J\u00fanior: 6 vagas<\/li>\n\n\n\n<li>Assessor Jur\u00eddico \u2013 J\u00fanior: 6 vagas (1 para Pessoa com Defici\u00eancia)<\/li>\n\n\n\n<li>Assessor Jur\u00eddico \u2013 Pleno: 5 vagas<\/li>\n\n\n\n<li>Assessor Jur\u00eddico \u2013 S\u00eanior: 1 vaga<\/li>\n\n\n\n<li>T\u00e9cnico em Manuten\u00e7\u00e3o de Equipamentos de Inform\u00e1tica \u2013 \u00c1rea III: 1 vaga<\/li>\n<\/ul>\n\n\n\n<p><a href=\"https:\/\/goias.gov.br\/procon\/wp-content\/uploads\/sites\/19\/2025\/04\/EDITAL-PROCESSO-SELETIVO-PROCON-GOIAS.pdf\" target=\"_blank\" rel=\"noreferrer noopener\">Leia o edital completo aqui<\/a><\/p>\n\n\n\n<figure class=\"wp-block-image size-large\"><img loading=\"lazy\" decoding=\"async\" width=\"1024\" height=\"512\" src=\"https:\/\/blogfolhadocomercio.com.br\/wp\/wp-content\/uploads\/2025\/04\/image-36-1024x512.png\" alt=\"\" class=\"wp-image-338510\" srcset=\"https:\/\/blogfolhadocomercio.com.br\/wp\/wp-content\/uploads\/2025\/04\/image-36-1024x512.png 1024w, https:\/\/blogfolhadocomercio.com.br\/wp\/wp-content\/uploads\/2025\/04\/image-36-300x150.png 300w, https:\/\/blogfolhadocomercio.com.br\/wp\/wp-content\/uploads\/2025\/04\/image-36-768x384.png 768w, https:\/\/blogfolhadocomercio.com.br\/wp\/wp-content\/uploads\/2025\/04\/image-36-1170x585.png 1170w, https:\/\/blogfolhadocomercio.com.br\/wp\/wp-content\/uploads\/2025\/04\/image-36-585x293.png 585w, https:\/\/blogfolhadocomercio.com.br\/wp\/wp-content\/uploads\/2025\/04\/image-36.png 1200w\" sizes=\"auto, (max-width: 1024px) 100vw, 1024px\" \/><\/figure>\n","protected":false},"excerpt":{"rendered":"<p>O processo seletivo Procon Goi\u00e1s abre inscri\u00e7\u00f5es nesta ter\u00e7a-feira (08\/04) para o preenchimento de 19 vagas tempor\u00e1rias em \u00e1reas de n\u00edvel m\u00e9dio e superior. Os interessados poder\u00e3o se inscrever at\u00e9&hellip;<\/p>\n","protected":false},"author":1,"featured_media":338510,"comment_status":"closed","ping_status":"open","sticky":false,"template":"","format":"standard","meta":{"footnotes":""},"categories":[61,60,42],"tags":[],"class_list":["post-338509","post","type-post","status-publish","format-standard","has-post-thumbnail","hentry","category-emprego","category-governo","category-ultimas"],"_links":{"self":[{"href":"https:\/\/blogfolhadocomercio.com.br\/wp\/wp-json\/wp\/v2\/posts\/338509","targetHints":{"allow":["GET"]}}],"collection":[{"href":"https:\/\/blogfolhadocomercio.com.br\/wp\/wp-json\/wp\/v2\/posts"}],"about":[{"href":"https:\/\/blogfolhadocomercio.com.br\/wp\/wp-json\/wp\/v2\/types\/post"}],"author":[{"embeddable":true,"href":"https:\/\/blogfolhadocomercio.com.br\/wp\/wp-json\/wp\/v2\/users\/1"}],"replies":[{"embeddable":true,"href":"https:\/\/blogfolhadocomercio.com.br\/wp\/wp-json\/wp\/v2\/comments?post=338509"}],"version-history":[{"count":1,"href":"https:\/\/blogfolhadocomercio.com.br\/wp\/wp-json\/wp\/v2\/posts\/338509\/revisions"}],"predecessor-version":[{"id":338511,"href":"https:\/\/blogfolhadocomercio.com.br\/wp\/wp-json\/wp\/v2\/posts\/338509\/revisions\/338511"}],"wp:featuredmedia":[{"embeddable":true,"href":"https:\/\/blogfolhadocomercio.com.br\/wp\/wp-json\/wp\/v2\/media\/338510"}],"wp:attachment":[{"href":"https:\/\/blogfolhadocomercio.com.br\/wp\/wp-json\/wp\/v2\/media?parent=338509"}],"wp:term":[{"taxonomy":"category","embeddable":true,"href":"https:\/\/blogfolhadocomercio.com.br\/wp\/wp-json\/wp\/v2\/categories?post=338509"},{"taxonomy":"post_tag","embeddable":true,"href":"https:\/\/blogfolhadocomercio.com.br\/wp\/wp-json\/wp\/v2\/tags?post=338509"}],"curies":[{"name":"wp","href":"https:\/\/api.w.org\/{rel}","templated":true}]}}