{"id":338214,"date":"2025-03-28T12:01:20","date_gmt":"2025-03-28T15:01:20","guid":{"rendered":"https:\/\/blogfolhadocomercio.com.br\/wp\/?p=338214"},"modified":"2025-03-28T12:01:22","modified_gmt":"2025-03-28T15:01:22","slug":"absolvido-daniel-alves-pode-receber-mais-de-r-68-mil-de-indenizacao-por-ter-ficado-14-meses-preso-diz-jornal","status":"publish","type":"post","link":"https:\/\/blogfolhadocomercio.com.br\/wp\/2025\/03\/28\/absolvido-daniel-alves-pode-receber-mais-de-r-68-mil-de-indenizacao-por-ter-ficado-14-meses-preso-diz-jornal\/","title":{"rendered":"Absolvido, Daniel Alves pode receber mais de R$ 68 mil de indeniza\u00e7\u00e3o por ter ficado 14 meses preso, diz jornal"},"content":{"rendered":"\n<p><strong>Ex-jogador havia sido condenado por acusa\u00e7\u00e3o de estuprar jovem em boate de Barcelona<\/strong><\/p>\n\n\n\n<figure class=\"wp-block-image size-large\"><img loading=\"lazy\" decoding=\"async\" width=\"1024\" height=\"576\" src=\"https:\/\/blogfolhadocomercio.com.br\/wp\/wp-content\/uploads\/2025\/03\/image-389-1024x576.png\" alt=\"\" class=\"wp-image-338215\" srcset=\"https:\/\/blogfolhadocomercio.com.br\/wp\/wp-content\/uploads\/2025\/03\/image-389-1024x576.png 1024w, https:\/\/blogfolhadocomercio.com.br\/wp\/wp-content\/uploads\/2025\/03\/image-389-300x169.png 300w, https:\/\/blogfolhadocomercio.com.br\/wp\/wp-content\/uploads\/2025\/03\/image-389-768x432.png 768w, https:\/\/blogfolhadocomercio.com.br\/wp\/wp-content\/uploads\/2025\/03\/image-389-1170x658.png 1170w, https:\/\/blogfolhadocomercio.com.br\/wp\/wp-content\/uploads\/2025\/03\/image-389-585x329.png 585w, https:\/\/blogfolhadocomercio.com.br\/wp\/wp-content\/uploads\/2025\/03\/image-389.png 1200w\" sizes=\"auto, (max-width: 1024px) 100vw, 1024px\" \/><\/figure>\n\n\n\n<p><a href=\"https:\/\/www.maisgoias.com.br\/mundo\/daniel-alves-e-absolvido-da-acusacao-de-estupro-na-espanha\/?utm_source=terra_capa_noticias&amp;utm_medium=referral\" target=\"_blank\" rel=\"noreferrer noopener\">Absolvido por decis\u00e3o un\u00e2nime do Tribunal Superior de Justi\u00e7a da Catalunha (TSJC)<\/a>,&nbsp;<strong>Daniel Alves&nbsp;<\/strong>pode ser indenizado por ter passado 14 meses em pris\u00e3o preventiva. O&nbsp;<strong>ex-jogador<\/strong>&nbsp;j\u00e1 estava h\u00e1 mais de ano em liberdade provis\u00f3ria, enquanto aguardava a an\u00e1lise do recurso contra a condena\u00e7\u00e3o, a quatro anos e meio de pris\u00e3o, pelo caso de&nbsp;<strong>estupro&nbsp;<\/strong>de uma jovem num banheiro de boate em Barcelona.<\/p>\n\n\n\n<p>O&nbsp;<strong>ex-jogador&nbsp;<\/strong>deixou o Centro Penitenci\u00e1rio Brians 2 em 25 de mar\u00e7o de 2024, depois da condena\u00e7\u00e3o, da concess\u00e3o da liberdade provis\u00f3ria e do pagamento de fian\u00e7a de 1 milh\u00e3o de euros (o equivalente, na cota\u00e7\u00e3o atual, a R$ 6,6 milh\u00f5es). De acordo com o jornal La Vanguardia,&nbsp;<strong>Daniel<\/strong>&nbsp;<strong>Alves&nbsp;<\/strong>agora pode solicitar o recebimento de cerca de 11 mil euros (o equivalente a R$ 68 mil, na cota\u00e7\u00e3o atual) pelos dias que passou na cadeia.<\/p>\n\n\n\n<p>Ainda de acordo com o jornal, os valores correspondem a uma tarifa \u201cpadr\u00e3o\u201d paga a pessoas que ficaram presas e depois foram absolvidas. No entanto, ex-detentos que passaram por essa experi\u00eancia costumam requerer ao Estado mais dinheiro de indeniza\u00e7\u00e3o.<\/p>\n\n\n\n<p>\u2014 Ele pode reivindicar mais, mas se isso realmente ser\u00e1 aplicado \u00e9 outra quest\u00e3o \u2014 comentou o juiz Jos\u00e9 Antonio V\u00e1zquez Ta\u00edn ao La Vanguardia.<\/p>\n\n\n\n<ul class=\"wp-block-list\">\n<li><strong>Acusado de estupro, Daniel Alves aparece cantando m\u00fasica gospel<\/strong>;\u00a0<strong><a href=\"https:\/\/www.maisgoias.com.br\/esportes\/video-daniel-alves-aparece-no-instagram-cantando-musica-gospel\/\" target=\"_blank\" rel=\"noreferrer noopener\">v\u00eddeo<\/a><\/strong><\/li>\n<\/ul>\n\n\n\n<p>Uma reportagem do El Pa\u00eds publicada em janeiro deste ano contou a hist\u00f3ria de uma pessoa que passou 184 dias na cadeia e foi absolvida. A Justi\u00e7a espanhola determinou que o Estado pagasse a ela o equivalente a 27 euros por dia de cust\u00f3dia. N\u00e3o h\u00e1 uma lei nem crit\u00e9rios para o c\u00e1lculo desse valor, que fica sob escrut\u00ednio do juiz respons\u00e1vel.<\/p>\n\n\n\n<p>A compensa\u00e7\u00e3o financeira \u00e9 regulada pela Lei Org\u00e2nica da Magistratura (LOPJ), que n\u00e3o especifica o valor do pagamento, mas o garante para aqueles posteriormente absolvidos que comprovarem ter sofrido danos em decorr\u00eancia da pris\u00e3o preventiva. A norma apenas prev\u00ea que a indeniza\u00e7\u00e3o ser\u00e1 determinada \u201ccom base na dura\u00e7\u00e3o da priva\u00e7\u00e3o de liberdade e nas consequ\u00eancias pessoais e familiares ocorridas\u201d.<\/p>\n\n\n\n<p>At\u00e9 2019, a compensa\u00e7\u00e3o financeira tinha interpreta\u00e7\u00e3o restrita e era paga apenas nos casos em que ficasse comprovada a inexist\u00eancia do fato alegado contra o ex-detento. Mas, naquele ano, o Tribunal Supremo da Espanha decidiu que a parte lesada tinha direito \u00e0 indeniza\u00e7\u00e3o \u201cem todos os casos de absolvi\u00e7\u00e3o por qualquer motivo ou de arquivamento do processo\u201d.<\/p>\n\n\n\n<p>O direito de pedir a indeniza\u00e7\u00e3o expira um ano ap\u00f3s a decis\u00e3o absolut\u00f3ria. O interessado deve requer\u00ea-la por escrito ao Minist\u00e9rio da Justi\u00e7a, com proposta de valor e detalhes sobre perdas e danos decorrentes da pris\u00e3o preventiva. A pasta tem seis meses para responder \u2014 e pode recusar. O ex-detento pode recorrer \u00e0 Divis\u00e3o de Contencioso Administrativo da Audi\u00eancia Nacional e at\u00e9 ao Tribunal Supremo, embora o acesso a essa inst\u00e2ncia seja limitado.<\/p>\n\n\n\n<ul class=\"wp-block-list\">\n<li><strong>Luana Piovani critica convers\u00e3o religiosa de Daniel Alves:\u00a0<a href=\"https:\/\/www.maisgoias.com.br\/brasil\/luana-piovani-critica-conversao-religiosa-de-daniel-alves-qual-sera-o-proximo-passo\/\" target=\"_blank\" rel=\"noreferrer noopener\">\u2018Qual ser\u00e1 o pr\u00f3ximo passo?\u2019<\/a><\/strong><\/li>\n<\/ul>\n\n\n\n<h2 class=\"wp-block-heading\" id=\"h-por-que-daniel-alves-foi-absolvido\">Por que Daniel Alves foi absolvido?<\/h2>\n\n\n\n<p>O Tribunal Superior da&nbsp;<a href=\"https:\/\/www.poderjudicial.es\/cgpj\/es\/Poder-Judicial\/Tribunales-Superiores-de-Justicia\/TSJ-Cataluna\/\" target=\"_blank\" rel=\"noreferrer noopener\">Catalunha<\/a>&nbsp;deliberou, por unanimidade, que a senten\u00e7a deveria ser anulada&nbsp;<strong>porque o depoimento da v\u00edtima era insuficiente<\/strong>&nbsp;para sustentar a condena\u00e7\u00e3o do r\u00e9u.<\/p>\n\n\n\n<p>Ao longo da investiga\u00e7\u00e3o do caso,&nbsp;<strong>Daniel Alves&nbsp;<\/strong>deu diferentes vers\u00f5es para o ocorrido na boate. Inicialmente,<strong>&nbsp;alegou que n\u00e3o conhecia a v\u00edtima<\/strong>. Mais tarde, reconheceu ter se envolvido com a jovem, de forma consensual, e mentido para evitar impactos em seu casamento com a modelo Joana Sanz.<\/p>\n\n\n\n<p>O&nbsp;<strong>jogador&nbsp;<\/strong>e o Minist\u00e9rio P\u00fablico&nbsp;<strong>entraram com recursos ap\u00f3s a condena\u00e7\u00e3o de fevereiro de 2024<\/strong>. A acusa\u00e7\u00e3o e os advogados da denunciante pediam o aumento da pena de&nbsp;<strong>Daniel Alves<\/strong>, cuja defesa solicitava a absolvi\u00e7\u00e3o.<\/p>\n\n\n\n<p>\u201cO Tribunal rejeita os recursos da Procuradoria \u2013 que solicitava a nulidade parcial da senten\u00e7a e, subsidiariamente, a eleva\u00e7\u00e3o da pena para 9 anos \u2013 e da acusa\u00e7\u00e3o particular \u2013 que pedia a eleva\u00e7\u00e3o da pena para 12 anos \u2013 e absolve o acusado, deixando sem efeito as medidas cautelares impostas e declarando, de of\u00edcio, as custas processuais\u201d, afirmou a Justi\u00e7a espanhola, em comunicado.<\/p>\n\n\n\n<p>Na senten\u00e7a, o Tribunal aponta que, na decis\u00e3o recorrida, j\u00e1 havia men\u00e7\u00e3o \u00e0 \u201cfalta de confiabilidade do testemunho da denunciante\u201d, especificamente sobre fatos registrados em v\u00eddeo naquela noite. Essa parte do depoimento da jovem, considerada \u201cobjetivamente verific\u00e1vel\u201d, indicaria \u201cde forma expl\u00edcita que o que relata n\u00e3o corresponde \u00e0 realidade\u201d.<\/p>\n\n\n\n<ul class=\"wp-block-list\">\n<li><strong>Pumas, do M\u00e9xico, processa Daniel Alves\u00a0<a href=\"https:\/\/www.maisgoias.com.br\/esportes\/pumas-do-mexico-processa-daniel-alves-por-violacao-de-contrato\/\" target=\"_blank\" rel=\"noreferrer noopener\">por viola\u00e7\u00e3o de contrato<\/a><\/strong><\/li>\n<\/ul>\n\n\n\n<p><strong>*VIA O GLOBO<\/strong><\/p>\n\n\n\n<p><strong>Por Mais Goi\u00e1s<br><\/strong><\/p>\n","protected":false},"excerpt":{"rendered":"<p>Ex-jogador havia sido condenado por acusa\u00e7\u00e3o de estuprar jovem em boate de Barcelona Absolvido por decis\u00e3o un\u00e2nime do Tribunal Superior de Justi\u00e7a da Catalunha (TSJC),&nbsp;Daniel Alves&nbsp;pode ser indenizado por ter&hellip;<\/p>\n","protected":false},"author":1,"featured_media":338215,"comment_status":"closed","ping_status":"open","sticky":false,"template":"","format":"standard","meta":{"footnotes":""},"categories":[50,57,42],"tags":[],"class_list":["post-338214","post","type-post","status-publish","format-standard","has-post-thumbnail","hentry","category-famosos","category-justica","category-ultimas"],"_links":{"self":[{"href":"https:\/\/blogfolhadocomercio.com.br\/wp\/wp-json\/wp\/v2\/posts\/338214","targetHints":{"allow":["GET"]}}],"collection":[{"href":"https:\/\/blogfolhadocomercio.com.br\/wp\/wp-json\/wp\/v2\/posts"}],"about":[{"href":"https:\/\/blogfolhadocomercio.com.br\/wp\/wp-json\/wp\/v2\/types\/post"}],"author":[{"embeddable":true,"href":"https:\/\/blogfolhadocomercio.com.br\/wp\/wp-json\/wp\/v2\/users\/1"}],"replies":[{"embeddable":true,"href":"https:\/\/blogfolhadocomercio.com.br\/wp\/wp-json\/wp\/v2\/comments?post=338214"}],"version-history":[{"count":1,"href":"https:\/\/blogfolhadocomercio.com.br\/wp\/wp-json\/wp\/v2\/posts\/338214\/revisions"}],"predecessor-version":[{"id":338216,"href":"https:\/\/blogfolhadocomercio.com.br\/wp\/wp-json\/wp\/v2\/posts\/338214\/revisions\/338216"}],"wp:featuredmedia":[{"embeddable":true,"href":"https:\/\/blogfolhadocomercio.com.br\/wp\/wp-json\/wp\/v2\/media\/338215"}],"wp:attachment":[{"href":"https:\/\/blogfolhadocomercio.com.br\/wp\/wp-json\/wp\/v2\/media?parent=338214"}],"wp:term":[{"taxonomy":"category","embeddable":true,"href":"https:\/\/blogfolhadocomercio.com.br\/wp\/wp-json\/wp\/v2\/categories?post=338214"},{"taxonomy":"post_tag","embeddable":true,"href":"https:\/\/blogfolhadocomercio.com.br\/wp\/wp-json\/wp\/v2\/tags?post=338214"}],"curies":[{"name":"wp","href":"https:\/\/api.w.org\/{rel}","templated":true}]}}