{"id":338190,"date":"2025-03-28T08:28:07","date_gmt":"2025-03-28T11:28:07","guid":{"rendered":"https:\/\/blogfolhadocomercio.com.br\/wp\/?p=338190"},"modified":"2025-03-28T08:28:10","modified_gmt":"2025-03-28T11:28:10","slug":"daniel-alves-e-absolvido-pela-justica-espanhola-de-condenacao-por-agressao-sexual","status":"publish","type":"post","link":"https:\/\/blogfolhadocomercio.com.br\/wp\/2025\/03\/28\/daniel-alves-e-absolvido-pela-justica-espanhola-de-condenacao-por-agressao-sexual\/","title":{"rendered":"Daniel Alves \u00e9 absolvido pela Justi\u00e7a espanhola de condena\u00e7\u00e3o por agress\u00e3o sexual"},"content":{"rendered":"\n<p><strong>Recurso foi aceito por unanimidade pelo Tribunal da Catalunha; lateral havia sido condenado a quatro anos e seis meses de pris\u00e3o<\/strong><\/p>\n\n\n\n<p><a href=\"https:\/\/www.estadao.com.br\/tudo-sobre\/daniel-alves\" target=\"_blank\" rel=\"noreferrer noopener\"><strong>Daniel Alves&nbsp;<\/strong><\/a>foi absolvido nesta sexta-feira, 28, pelo Tribunal de Justi\u00e7a da Catalunha, de sua condena\u00e7\u00e3o de quatro anos e seis meses de pris\u00e3o por agress\u00e3o sexual, contra jovem em uma boate de Barcelona, em dezembro de 2022. A decis\u00e3o, sobre a absolvi\u00e7\u00e3o do ex-jogador, foi un\u00e2nime.<\/p>\n\n\n\n<p>Daniel Alves foi condenado, pelo Tribunal Provincial de Barcelona, em 22 de fevereiro de 2024. Ele foi preso, preventivamente, em janeiro de 2023, enquanto aguardava den\u00fancia e julgamento, e estava em liberdade provis\u00f3ria ap\u00f3s pagar uma multa de 1 milh\u00e3o de euros (R$ 5,4 milh\u00f5es \u00e0 \u00e9poca). Ele ainda teria de cumprir mais dois anos de sua senten\u00e7a.<\/p>\n\n\n\n<p>\u201cAbsolvemos Daniel Alves do crime de agress\u00e3o sexual de qual foi acusado. As medidas cautelares adotadas s\u00e3o nulas\u201d, diz um trecho da decis\u00e3o proferida nesta sexta-feira. At\u00e9 o momento, Daniel Alves e sua defesa n\u00e3o se pronunciaram publicamente. Caso ocorra, esta reportagem ser\u00e1 devidamente atualizada.<\/p>\n\n\n\n<figure class=\"wp-block-image\"><img decoding=\"async\" src=\"https:\/\/www.estadao.com.br\/resizer\/v2\/6RP63CXT3NDWHB7GQ56WNOAEHU.jpeg?quality=80&amp;auth=44be4059c7112820400421c80f8cf3d81728cc42362e6461e5225d25f09da2d6&amp;width=380\" alt=\"Daniel Alves faz as primeiras postagens no Instagram desde sa\u00edda na pris\u00e3o.\"\/><\/figure>\n\n\n\n<p>Daniel Alves faz as primeiras postagens no Instagram desde sa\u00edda na pris\u00e3o.&nbsp;<em>Foto:&nbsp;Daniel Ales via Instagram<\/em><\/p>\n\n\n\n<p>A decis\u00e3o favor\u00e1vel ao lateral anula dois outros recursos, que corriam em paralelo no Tribunal de Justi\u00e7a da Catalunha, ambos apelavam pelo aumento da pena: a promotoria p\u00fablica defendia uma condena\u00e7\u00e3o de nove anos, enquanto outra a\u00e7\u00e3o, movida por um processo privado, pediu pela elev\u00e1-la para 12 anos.<\/p>\n\n\n\n<p>Na an\u00e1lise do juiz Manuel \u00c1lvarez, junto a seus magistrados, a decis\u00e3o que condenou Daniel Alves no \u00faltimo ano cont\u00e9m uma s\u00e9rie de \u201clacunas, imprecis\u00f5es, inconsist\u00eancias e contradi\u00e7\u00f5es sobre os fatos\u201d. Tamb\u00e9m foi apontada a fiabilidade no depoimento da v\u00edtima durante o julgamento inicial.<\/p>\n\n\n\n<p>\u201cO que foi explicado pela denunciante difere sensivelmente do que aconteceu de acordo com o exame do epis\u00f3dio registrado. A diverg\u00eancia entre o que a queixosa relatou e o que realmente aconteceu compromete seriamente a fiabilidade da sua hist\u00f3ria\u201d, afirmou a decis\u00e3o do Tribunal da Catalunha.<\/p>\n\n\n\n<p>A absolvi\u00e7\u00e3o do atleta tem efeito imediato ap\u00f3s a publica\u00e7\u00e3o deste documento. Com todos os recursos negados, a promotoria tamb\u00e9m n\u00e3o teve seu recurso aceito, ao pedir que, al\u00e9m do aumento da pena do jogador, Daniel Alves retornasse \u00e0 pris\u00e3o e tivesse sua liberdade provis\u00f3ria negada.<\/p>\n\n\n\n<p><em>Mat\u00e9ria em atualiza\u00e7\u00e3o<\/em><\/p>\n\n\n\n<p><strong>Por Estad\u00e3o<\/strong><\/p>\n\n\n\n<p><strong><br><\/strong><\/p>\n","protected":false},"excerpt":{"rendered":"<p>Recurso foi aceito por unanimidade pelo Tribunal da Catalunha; lateral havia sido condenado a quatro anos e seis meses de pris\u00e3o Daniel Alves&nbsp;foi absolvido nesta sexta-feira, 28, pelo Tribunal de&hellip;<\/p>\n","protected":false},"author":1,"featured_media":338191,"comment_status":"closed","ping_status":"open","sticky":false,"template":"","format":"standard","meta":{"footnotes":""},"categories":[50,57,42],"tags":[],"class_list":["post-338190","post","type-post","status-publish","format-standard","has-post-thumbnail","hentry","category-famosos","category-justica","category-ultimas"],"_links":{"self":[{"href":"https:\/\/blogfolhadocomercio.com.br\/wp\/wp-json\/wp\/v2\/posts\/338190","targetHints":{"allow":["GET"]}}],"collection":[{"href":"https:\/\/blogfolhadocomercio.com.br\/wp\/wp-json\/wp\/v2\/posts"}],"about":[{"href":"https:\/\/blogfolhadocomercio.com.br\/wp\/wp-json\/wp\/v2\/types\/post"}],"author":[{"embeddable":true,"href":"https:\/\/blogfolhadocomercio.com.br\/wp\/wp-json\/wp\/v2\/users\/1"}],"replies":[{"embeddable":true,"href":"https:\/\/blogfolhadocomercio.com.br\/wp\/wp-json\/wp\/v2\/comments?post=338190"}],"version-history":[{"count":1,"href":"https:\/\/blogfolhadocomercio.com.br\/wp\/wp-json\/wp\/v2\/posts\/338190\/revisions"}],"predecessor-version":[{"id":338192,"href":"https:\/\/blogfolhadocomercio.com.br\/wp\/wp-json\/wp\/v2\/posts\/338190\/revisions\/338192"}],"wp:featuredmedia":[{"embeddable":true,"href":"https:\/\/blogfolhadocomercio.com.br\/wp\/wp-json\/wp\/v2\/media\/338191"}],"wp:attachment":[{"href":"https:\/\/blogfolhadocomercio.com.br\/wp\/wp-json\/wp\/v2\/media?parent=338190"}],"wp:term":[{"taxonomy":"category","embeddable":true,"href":"https:\/\/blogfolhadocomercio.com.br\/wp\/wp-json\/wp\/v2\/categories?post=338190"},{"taxonomy":"post_tag","embeddable":true,"href":"https:\/\/blogfolhadocomercio.com.br\/wp\/wp-json\/wp\/v2\/tags?post=338190"}],"curies":[{"name":"wp","href":"https:\/\/api.w.org\/{rel}","templated":true}]}}